{"id":8944,"date":"2020-05-27T20:20:54","date_gmt":"2020-05-27T20:20:54","guid":{"rendered":"https:\/\/laprensacristiana.com\/?p=8944"},"modified":"2020-05-27T20:20:56","modified_gmt":"2020-05-27T20:20:56","slug":"iglesias-en-costa-rica-celebran-mes-de-evangelizacion-global","status":"publish","type":"post","link":"https:\/\/laprensacristiana.com\/?p=8944","title":{"rendered":"Iglesias en Costa Rica celebran mes de Evangelizaci\u00f3n Global"},"content":{"rendered":"\n<p>Iglesias de Costa Rica se unieron en la marco de la celebraci\u00f3n de Evangelizaci\u00f3n Global para llevar un mensaje de esperanza en medio de esta pandemia.<\/p>\n\n\n\n<p>Con pancartas en manos y tomando las medias de bioseguridad, algunas congregaciones evangelizaron en diferentes calles, igualmente pegaron banner con el mensaje: \u00abCon Jesucristo No m\u00e1s temor\u00bb.<\/p>\n\n\n\n<p>Mes de Evangelismo Global (en ingl\u00e9s \u201cGO 2020\u201d) es una edici\u00f3n especial del D\u00eda de Evangelismo Global.<\/p>\n\n\n\n<p>Invitan a unirse a miles de iglesias y ministerios en todo el mundo para dedicar todo el mes de mayo de cada a\u00f1o para compartir el Evangelio de Jesucristo.<\/p>\n\n\n\n<figure class=\"wp-block-image\"><img decoding=\"async\" loading=\"lazy\" width=\"720\" height=\"478\" src=\"https:\/\/laprensacristiana.com\/wp-content\/uploads\/2020\/05\/FB_IMG_1590464962731-1.jpg\" alt=\"\" class=\"wp-image-8947\" srcset=\"https:\/\/laprensacristiana.com\/wp-content\/uploads\/2020\/05\/FB_IMG_1590464962731-1.jpg 720w, https:\/\/laprensacristiana.com\/wp-content\/uploads\/2020\/05\/FB_IMG_1590464962731-1-300x200.jpg 300w, https:\/\/laprensacristiana.com\/wp-content\/uploads\/2020\/05\/FB_IMG_1590464962731-1-696x462.jpg 696w, https:\/\/laprensacristiana.com\/wp-content\/uploads\/2020\/05\/FB_IMG_1590464962731-1-633x420.jpg 633w, https:\/\/laprensacristiana.com\/wp-content\/uploads\/2020\/05\/FB_IMG_1590464962731-1-600x398.jpg 600w\" sizes=\"(max-width: 720px) 100vw, 720px\" \/><\/figure>\n","protected":false},"excerpt":{"rendered":"<p>Iglesias de Costa Rica se unieron en la marco de la celebraci\u00f3n de Evangelizaci\u00f3n Global para llevar un mensaje de esperanza en medio de esta pandemia. Con pancartas en manos y tomando las medias de bioseguridad, algunas congregaciones evangelizaron en diferentes calles, igualmente pegaron banner con el mensaje: \u00abCon Jesucristo No m\u00e1s temor\u00bb. Mes de [&hellip;]<\/p>\n","protected":false},"author":3,"featured_media":8946,"comment_status":"open","ping_status":"open","sticky":false,"template":"","format":"standard","meta":[],"categories":[56],"tags":[],"yoast_head":"<!-- This site is optimized with the Yoast SEO plugin v20.8 - https:\/\/yoast.com\/wordpress\/plugins\/seo\/ -->\n<title>Iglesias en Costa Rica celebran mes de Evangelizaci\u00f3n Global - La Prensa Cristiana<\/title>\n<meta name=\"robots\" content=\"index, follow, max-snippet:-1, max-image-preview:large, max-video-preview:-1\" \/>\n<link rel=\"canonical\" href=\"https:\/\/laprensacristiana.com\/?p=8944\" \/>\n<meta property=\"og:locale\" content=\"es_ES\" \/>\n<meta property=\"og:type\" content=\"article\" \/>\n<meta property=\"og:title\" content=\"Iglesias en Costa Rica celebran mes de Evangelizaci\u00f3n Global - La Prensa Cristiana\" \/>\n<meta property=\"og:description\" content=\"Iglesias de Costa Rica se unieron en la marco de la celebraci\u00f3n de Evangelizaci\u00f3n Global para llevar un mensaje de esperanza en medio de esta pandemia. Con pancartas en manos y tomando las medias de bioseguridad, algunas congregaciones evangelizaron en diferentes calles, igualmente pegaron banner con el mensaje: \u00abCon Jesucristo No m\u00e1s temor\u00bb. Mes de [&hellip;]\" \/>\n<meta property=\"og:url\" content=\"https:\/\/laprensacristiana.com\/?p=8944\" \/>\n<meta property=\"og:site_name\" content=\"La Prensa Cristiana\" \/>\n<meta property=\"article:published_time\" content=\"2020-05-27T20:20:54+00:00\" \/>\n<meta property=\"article:modified_time\" content=\"2020-05-27T20:20:56+00:00\" \/>\n<meta property=\"og:image\" content=\"https:\/\/laprensacristiana.com\/wp-content\/uploads\/2020\/05\/FB_IMG_1590465391461.jpg\" \/>\n\t<meta property=\"og:image:width\" content=\"720\" \/>\n\t<meta property=\"og:image:height\" content=\"405\" \/>\n\t<meta property=\"og:image:type\" content=\"image\/jpeg\" \/>\n<meta name=\"author\" content=\"EDITOR\" \/>\n<meta name=\"twitter:card\" content=\"summary_large_image\" \/>\n<meta name=\"twitter:label1\" content=\"Escrito por\" \/>\n\t<meta name=\"twitter:data1\" content=\"EDITOR\" \/>\n\t<meta name=\"twitter:label2\" content=\"Tiempo de lectura\" \/>\n\t<meta name=\"twitter:data2\" content=\"1 minuto\" \/>\n<script type=\"application\/ld+json\" class=\"yoast-schema-graph\">{\"@context\":\"https:\/\/schema.org\",\"@graph\":[{\"@type\":\"WebPage\",\"@id\":\"https:\/\/laprensacristiana.com\/?p=8944\",\"url\":\"https:\/\/laprensacristiana.com\/?p=8944\",\"name\":\"Iglesias en Costa Rica celebran mes de Evangelizaci\u00f3n Global - La Prensa Cristiana\",\"isPartOf\":{\"@id\":\"https:\/\/laprensacristiana.com\/#website\"},\"datePublished\":\"2020-05-27T20:20:54+00:00\",\"dateModified\":\"2020-05-27T20:20:56+00:00\",\"author\":{\"@id\":\"https:\/\/laprensacristiana.com\/#\/schema\/person\/3e7d82c6bfd6b1fa67010f8f7cd5256e\"},\"breadcrumb\":{\"@id\":\"https:\/\/laprensacristiana.com\/?p=8944#breadcrumb\"},\"inLanguage\":\"es\",\"potentialAction\":[{\"@type\":\"ReadAction\",\"target\":[\"https:\/\/laprensacristiana.com\/?p=8944\"]}]},{\"@type\":\"BreadcrumbList\",\"@id\":\"https:\/\/laprensacristiana.com\/?p=8944#breadcrumb\",\"itemListElement\":[{\"@type\":\"ListItem\",\"position\":1,\"name\":\"Portada\",\"item\":\"https:\/\/laprensacristiana.com\/\"},{\"@type\":\"ListItem\",\"position\":2,\"name\":\"Iglesias en Costa Rica celebran mes de Evangelizaci\u00f3n Global\"}]},{\"@type\":\"WebSite\",\"@id\":\"https:\/\/laprensacristiana.com\/#website\",\"url\":\"https:\/\/laprensacristiana.com\/\",\"name\":\"La Prensa Cristiana\",\"description\":\"Anunciando Las Buenas Nuevas\",\"potentialAction\":[{\"@type\":\"SearchAction\",\"target\":{\"@type\":\"EntryPoint\",\"urlTemplate\":\"https:\/\/laprensacristiana.com\/?s={search_term_string}\"},\"query-input\":\"required name=search_term_string\"}],\"inLanguage\":\"es\"},{\"@type\":\"Person\",\"@id\":\"https:\/\/laprensacristiana.com\/#\/schema\/person\/3e7d82c6bfd6b1fa67010f8f7cd5256e\",\"name\":\"EDITOR\",\"image\":{\"@type\":\"ImageObject\",\"inLanguage\":\"es\",\"@id\":\"https:\/\/laprensacristiana.com\/#\/schema\/person\/image\/\",\"url\":\"https:\/\/secure.gravatar.com\/avatar\/72069dfb6c13772d9e8381e3638666d2?s=96&d=mm&r=g\",\"contentUrl\":\"https:\/\/secure.gravatar.com\/avatar\/72069dfb6c13772d9e8381e3638666d2?s=96&d=mm&r=g\",\"caption\":\"EDITOR\"},\"url\":\"https:\/\/laprensacristiana.com\/?author=3\"}]}<\/script>\n<!-- \/ Yoast SEO plugin. -->","yoast_head_json":{"title":"Iglesias en Costa Rica celebran mes de Evangelizaci\u00f3n Global - La Prensa Cristiana","robots":{"index":"index","follow":"follow","max-snippet":"max-snippet:-1","max-image-preview":"max-image-preview:large","max-video-preview":"max-video-preview:-1"},"canonical":"https:\/\/laprensacristiana.com\/?p=8944","og_locale":"es_ES","og_type":"article","og_title":"Iglesias en Costa Rica celebran mes de Evangelizaci\u00f3n Global - La Prensa Cristiana","og_description":"Iglesias de Costa Rica se unieron en la marco de la celebraci\u00f3n de Evangelizaci\u00f3n Global para llevar un mensaje de esperanza en medio de esta pandemia. Con pancartas en manos y tomando las medias de bioseguridad, algunas congregaciones evangelizaron en diferentes calles, igualmente pegaron banner con el mensaje: \u00abCon Jesucristo No m\u00e1s temor\u00bb. Mes de [&hellip;]","og_url":"https:\/\/laprensacristiana.com\/?p=8944","og_site_name":"La Prensa Cristiana","article_published_time":"2020-05-27T20:20:54+00:00","article_modified_time":"2020-05-27T20:20:56+00:00","og_image":[{"width":720,"height":405,"url":"https:\/\/laprensacristiana.com\/wp-content\/uploads\/2020\/05\/FB_IMG_1590465391461.jpg","type":"image\/jpeg"}],"author":"EDITOR","twitter_card":"summary_large_image","twitter_misc":{"Escrito por":"EDITOR","Tiempo de lectura":"1 minuto"},"schema":{"@context":"https:\/\/schema.org","@graph":[{"@type":"WebPage","@id":"https:\/\/laprensacristiana.com\/?p=8944","url":"https:\/\/laprensacristiana.com\/?p=8944","name":"Iglesias en Costa Rica celebran mes de Evangelizaci\u00f3n Global - La Prensa Cristiana","isPartOf":{"@id":"https:\/\/laprensacristiana.com\/#website"},"datePublished":"2020-05-27T20:20:54+00:00","dateModified":"2020-05-27T20:20:56+00:00","author":{"@id":"https:\/\/laprensacristiana.com\/#\/schema\/person\/3e7d82c6bfd6b1fa67010f8f7cd5256e"},"breadcrumb":{"@id":"https:\/\/laprensacristiana.com\/?p=8944#breadcrumb"},"inLanguage":"es","potentialAction":[{"@type":"ReadAction","target":["https:\/\/laprensacristiana.com\/?p=8944"]}]},{"@type":"BreadcrumbList","@id":"https:\/\/laprensacristiana.com\/?p=8944#breadcrumb","itemListElement":[{"@type":"ListItem","position":1,"name":"Portada","item":"https:\/\/laprensacristiana.com\/"},{"@type":"ListItem","position":2,"name":"Iglesias en Costa Rica celebran mes de Evangelizaci\u00f3n Global"}]},{"@type":"WebSite","@id":"https:\/\/laprensacristiana.com\/#website","url":"https:\/\/laprensacristiana.com\/","name":"La Prensa Cristiana","description":"Anunciando Las Buenas Nuevas","potentialAction":[{"@type":"SearchAction","target":{"@type":"EntryPoint","urlTemplate":"https:\/\/laprensacristiana.com\/?s={search_term_string}"},"query-input":"required name=search_term_string"}],"inLanguage":"es"},{"@type":"Person","@id":"https:\/\/laprensacristiana.com\/#\/schema\/person\/3e7d82c6bfd6b1fa67010f8f7cd5256e","name":"EDITOR","image":{"@type":"ImageObject","inLanguage":"es","@id":"https:\/\/laprensacristiana.com\/#\/schema\/person\/image\/","url":"https:\/\/secure.gravatar.com\/avatar\/72069dfb6c13772d9e8381e3638666d2?s=96&d=mm&r=g","contentUrl":"https:\/\/secure.gravatar.com\/avatar\/72069dfb6c13772d9e8381e3638666d2?s=96&d=mm&r=g","caption":"EDITOR"},"url":"https:\/\/laprensacristiana.com\/?author=3"}]}},"_links":{"self":[{"href":"https:\/\/laprensacristiana.com\/index.php?rest_route=\/wp\/v2\/posts\/8944"}],"collection":[{"href":"https:\/\/laprensacristiana.com\/index.php?rest_route=\/wp\/v2\/posts"}],"about":[{"href":"https:\/\/laprensacristiana.com\/index.php?rest_route=\/wp\/v2\/types\/post"}],"author":[{"embeddable":true,"href":"https:\/\/laprensacristiana.com\/index.php?rest_route=\/wp\/v2\/users\/3"}],"replies":[{"embeddable":true,"href":"https:\/\/laprensacristiana.com\/index.php?rest_route=%2Fwp%2Fv2%2Fcomments&post=8944"}],"version-history":[{"count":1,"href":"https:\/\/laprensacristiana.com\/index.php?rest_route=\/wp\/v2\/posts\/8944\/revisions"}],"predecessor-version":[{"id":8948,"href":"https:\/\/laprensacristiana.com\/index.php?rest_route=\/wp\/v2\/posts\/8944\/revisions\/8948"}],"wp:featuredmedia":[{"embeddable":true,"href":"https:\/\/laprensacristiana.com\/index.php?rest_route=\/wp\/v2\/media\/8946"}],"wp:attachment":[{"href":"https:\/\/laprensacristiana.com\/index.php?rest_route=%2Fwp%2Fv2%2Fmedia&parent=8944"}],"wp:term":[{"taxonomy":"category","embeddable":true,"href":"https:\/\/laprensacristiana.com\/index.php?rest_route=%2Fwp%2Fv2%2Fcategories&post=8944"},{"taxonomy":"post_tag","embeddable":true,"href":"https:\/\/laprensacristiana.com\/index.php?rest_route=%2Fwp%2Fv2%2Ftags&post=8944"}],"curies":[{"name":"wp","href":"https:\/\/api.w.org\/{rel}","templated":true}]}}