{"id":8954,"date":"2020-05-28T20:45:44","date_gmt":"2020-05-28T20:45:44","guid":{"rendered":"https:\/\/laprensacristiana.com\/?p=8954"},"modified":"2020-05-28T20:45:47","modified_gmt":"2020-05-28T20:45:47","slug":"alianza-evangelica-costarricense-se-pronuncia-ante-la-aprobacion-del-matrimonio-igualitario","status":"publish","type":"post","link":"https:\/\/laprensacristiana.com\/?p=8954","title":{"rendered":"Alianza Evang\u00e9lica Costarricense  se pronuncia ante la aprobaci\u00f3n del matrimonio igualitario"},"content":{"rendered":"\n<p>Rigoberto Vega Alvarado es el presidente de la Federaci\u00f3n Alianza Evang\u00e9lica Costarricense y fue el encargado de presentar la postura de dicha asociaci\u00f3n pastoral en cuanto a la nueva disposici\u00f3n presentada por la sala cuarta a la Asamblea Legislativa para tomar una decisi\u00f3n sobre el matrimonio igualitario.<\/p>\n\n\n\n<p>Como en otras ocasiones la asociaci\u00f3n pastoral se opone ante esta decisi\u00f3n y todos los temas que vayan en contra de los principios y valores establecidos por Dios en las sagradas escrituras.<\/p>\n\n\n\n<p>Antes de las elecciones pasadas la Federaci\u00f3n Alianza Evang\u00e9lica Costarricense se reuni\u00f3 con diputados que se proclamaron evang\u00e9licos para hacerles un recordatorio de el porque fueron llamados y elegidos por la iglesia y el pa\u00eds.<\/p>\n\n\n\n<p>\u00abUn\u00e1monos en  oraci\u00f3n y como iglesia sigamos trabajando en la extensi\u00f3n del reino y conquistando esta naci\u00f3n para Cristo\u00bb expres\u00f3  Rigoberto Vega Alvarado presidente de la Federaci\u00f3n.<\/p>\n","protected":false},"excerpt":{"rendered":"<p>Rigoberto Vega Alvarado es el presidente de la Federaci\u00f3n Alianza Evang\u00e9lica Costarricense y fue el encargado de presentar la postura de dicha asociaci\u00f3n pastoral en cuanto a la nueva disposici\u00f3n presentada por la sala cuarta a la Asamblea Legislativa para tomar una decisi\u00f3n sobre el matrimonio igualitario. Como en otras ocasiones la asociaci\u00f3n pastoral se [&hellip;]<\/p>\n","protected":false},"author":3,"featured_media":8955,"comment_status":"open","ping_status":"open","sticky":false,"template":"","format":"standard","meta":[],"categories":[56],"tags":[],"yoast_head":"<!-- This site is optimized with the Yoast SEO plugin v20.8 - https:\/\/yoast.com\/wordpress\/plugins\/seo\/ -->\n<title>Alianza Evang\u00e9lica Costarricense se pronuncia ante la aprobaci\u00f3n del matrimonio igualitario - La Prensa Cristiana<\/title>\n<meta name=\"robots\" content=\"index, follow, max-snippet:-1, max-image-preview:large, max-video-preview:-1\" \/>\n<link rel=\"canonical\" href=\"https:\/\/laprensacristiana.com\/?p=8954\" \/>\n<meta property=\"og:locale\" content=\"es_ES\" \/>\n<meta property=\"og:type\" content=\"article\" \/>\n<meta property=\"og:title\" content=\"Alianza Evang\u00e9lica Costarricense se pronuncia ante la aprobaci\u00f3n del matrimonio igualitario - La Prensa Cristiana\" \/>\n<meta property=\"og:description\" content=\"Rigoberto Vega Alvarado es el presidente de la Federaci\u00f3n Alianza Evang\u00e9lica Costarricense y fue el encargado de presentar la postura de dicha asociaci\u00f3n pastoral en cuanto a la nueva disposici\u00f3n presentada por la sala cuarta a la Asamblea Legislativa para tomar una decisi\u00f3n sobre el matrimonio igualitario. Como en otras ocasiones la asociaci\u00f3n pastoral se [&hellip;]\" \/>\n<meta property=\"og:url\" content=\"https:\/\/laprensacristiana.com\/?p=8954\" \/>\n<meta property=\"og:site_name\" content=\"La Prensa Cristiana\" \/>\n<meta property=\"article:published_time\" content=\"2020-05-28T20:45:44+00:00\" \/>\n<meta property=\"article:modified_time\" content=\"2020-05-28T20:45:47+00:00\" \/>\n<meta property=\"og:image\" content=\"https:\/\/laprensacristiana.com\/wp-content\/uploads\/2020\/05\/Screenshot_20200527-1506262.png\" \/>\n\t<meta property=\"og:image:width\" content=\"720\" \/>\n\t<meta property=\"og:image:height\" content=\"435\" \/>\n\t<meta property=\"og:image:type\" content=\"image\/png\" \/>\n<meta name=\"author\" content=\"EDITOR\" \/>\n<meta name=\"twitter:card\" content=\"summary_large_image\" \/>\n<meta name=\"twitter:label1\" content=\"Escrito por\" \/>\n\t<meta name=\"twitter:data1\" content=\"EDITOR\" \/>\n\t<meta name=\"twitter:label2\" content=\"Tiempo de lectura\" \/>\n\t<meta name=\"twitter:data2\" content=\"1 minuto\" \/>\n<script type=\"application\/ld+json\" class=\"yoast-schema-graph\">{\"@context\":\"https:\/\/schema.org\",\"@graph\":[{\"@type\":\"WebPage\",\"@id\":\"https:\/\/laprensacristiana.com\/?p=8954\",\"url\":\"https:\/\/laprensacristiana.com\/?p=8954\",\"name\":\"Alianza Evang\u00e9lica Costarricense se pronuncia ante la aprobaci\u00f3n del matrimonio igualitario - La Prensa Cristiana\",\"isPartOf\":{\"@id\":\"https:\/\/laprensacristiana.com\/#website\"},\"datePublished\":\"2020-05-28T20:45:44+00:00\",\"dateModified\":\"2020-05-28T20:45:47+00:00\",\"author\":{\"@id\":\"https:\/\/laprensacristiana.com\/#\/schema\/person\/3e7d82c6bfd6b1fa67010f8f7cd5256e\"},\"breadcrumb\":{\"@id\":\"https:\/\/laprensacristiana.com\/?p=8954#breadcrumb\"},\"inLanguage\":\"es\",\"potentialAction\":[{\"@type\":\"ReadAction\",\"target\":[\"https:\/\/laprensacristiana.com\/?p=8954\"]}]},{\"@type\":\"BreadcrumbList\",\"@id\":\"https:\/\/laprensacristiana.com\/?p=8954#breadcrumb\",\"itemListElement\":[{\"@type\":\"ListItem\",\"position\":1,\"name\":\"Portada\",\"item\":\"https:\/\/laprensacristiana.com\/\"},{\"@type\":\"ListItem\",\"position\":2,\"name\":\"Alianza Evang\u00e9lica Costarricense se pronuncia ante la aprobaci\u00f3n del matrimonio igualitario\"}]},{\"@type\":\"WebSite\",\"@id\":\"https:\/\/laprensacristiana.com\/#website\",\"url\":\"https:\/\/laprensacristiana.com\/\",\"name\":\"La Prensa Cristiana\",\"description\":\"Anunciando Las Buenas Nuevas\",\"potentialAction\":[{\"@type\":\"SearchAction\",\"target\":{\"@type\":\"EntryPoint\",\"urlTemplate\":\"https:\/\/laprensacristiana.com\/?s={search_term_string}\"},\"query-input\":\"required name=search_term_string\"}],\"inLanguage\":\"es\"},{\"@type\":\"Person\",\"@id\":\"https:\/\/laprensacristiana.com\/#\/schema\/person\/3e7d82c6bfd6b1fa67010f8f7cd5256e\",\"name\":\"EDITOR\",\"image\":{\"@type\":\"ImageObject\",\"inLanguage\":\"es\",\"@id\":\"https:\/\/laprensacristiana.com\/#\/schema\/person\/image\/\",\"url\":\"https:\/\/secure.gravatar.com\/avatar\/72069dfb6c13772d9e8381e3638666d2?s=96&d=mm&r=g\",\"contentUrl\":\"https:\/\/secure.gravatar.com\/avatar\/72069dfb6c13772d9e8381e3638666d2?s=96&d=mm&r=g\",\"caption\":\"EDITOR\"},\"url\":\"https:\/\/laprensacristiana.com\/?author=3\"}]}<\/script>\n<!-- \/ Yoast SEO plugin. -->","yoast_head_json":{"title":"Alianza Evang\u00e9lica Costarricense se pronuncia ante la aprobaci\u00f3n del matrimonio igualitario - La Prensa Cristiana","robots":{"index":"index","follow":"follow","max-snippet":"max-snippet:-1","max-image-preview":"max-image-preview:large","max-video-preview":"max-video-preview:-1"},"canonical":"https:\/\/laprensacristiana.com\/?p=8954","og_locale":"es_ES","og_type":"article","og_title":"Alianza Evang\u00e9lica Costarricense se pronuncia ante la aprobaci\u00f3n del matrimonio igualitario - La Prensa Cristiana","og_description":"Rigoberto Vega Alvarado es el presidente de la Federaci\u00f3n Alianza Evang\u00e9lica Costarricense y fue el encargado de presentar la postura de dicha asociaci\u00f3n pastoral en cuanto a la nueva disposici\u00f3n presentada por la sala cuarta a la Asamblea Legislativa para tomar una decisi\u00f3n sobre el matrimonio igualitario. Como en otras ocasiones la asociaci\u00f3n pastoral se [&hellip;]","og_url":"https:\/\/laprensacristiana.com\/?p=8954","og_site_name":"La Prensa Cristiana","article_published_time":"2020-05-28T20:45:44+00:00","article_modified_time":"2020-05-28T20:45:47+00:00","og_image":[{"width":720,"height":435,"url":"https:\/\/laprensacristiana.com\/wp-content\/uploads\/2020\/05\/Screenshot_20200527-1506262.png","type":"image\/png"}],"author":"EDITOR","twitter_card":"summary_large_image","twitter_misc":{"Escrito por":"EDITOR","Tiempo de lectura":"1 minuto"},"schema":{"@context":"https:\/\/schema.org","@graph":[{"@type":"WebPage","@id":"https:\/\/laprensacristiana.com\/?p=8954","url":"https:\/\/laprensacristiana.com\/?p=8954","name":"Alianza Evang\u00e9lica Costarricense se pronuncia ante la aprobaci\u00f3n del matrimonio igualitario - La Prensa Cristiana","isPartOf":{"@id":"https:\/\/laprensacristiana.com\/#website"},"datePublished":"2020-05-28T20:45:44+00:00","dateModified":"2020-05-28T20:45:47+00:00","author":{"@id":"https:\/\/laprensacristiana.com\/#\/schema\/person\/3e7d82c6bfd6b1fa67010f8f7cd5256e"},"breadcrumb":{"@id":"https:\/\/laprensacristiana.com\/?p=8954#breadcrumb"},"inLanguage":"es","potentialAction":[{"@type":"ReadAction","target":["https:\/\/laprensacristiana.com\/?p=8954"]}]},{"@type":"BreadcrumbList","@id":"https:\/\/laprensacristiana.com\/?p=8954#breadcrumb","itemListElement":[{"@type":"ListItem","position":1,"name":"Portada","item":"https:\/\/laprensacristiana.com\/"},{"@type":"ListItem","position":2,"name":"Alianza Evang\u00e9lica Costarricense se pronuncia ante la aprobaci\u00f3n del matrimonio igualitario"}]},{"@type":"WebSite","@id":"https:\/\/laprensacristiana.com\/#website","url":"https:\/\/laprensacristiana.com\/","name":"La Prensa Cristiana","description":"Anunciando Las Buenas Nuevas","potentialAction":[{"@type":"SearchAction","target":{"@type":"EntryPoint","urlTemplate":"https:\/\/laprensacristiana.com\/?s={search_term_string}"},"query-input":"required name=search_term_string"}],"inLanguage":"es"},{"@type":"Person","@id":"https:\/\/laprensacristiana.com\/#\/schema\/person\/3e7d82c6bfd6b1fa67010f8f7cd5256e","name":"EDITOR","image":{"@type":"ImageObject","inLanguage":"es","@id":"https:\/\/laprensacristiana.com\/#\/schema\/person\/image\/","url":"https:\/\/secure.gravatar.com\/avatar\/72069dfb6c13772d9e8381e3638666d2?s=96&d=mm&r=g","contentUrl":"https:\/\/secure.gravatar.com\/avatar\/72069dfb6c13772d9e8381e3638666d2?s=96&d=mm&r=g","caption":"EDITOR"},"url":"https:\/\/laprensacristiana.com\/?author=3"}]}},"_links":{"self":[{"href":"https:\/\/laprensacristiana.com\/index.php?rest_route=\/wp\/v2\/posts\/8954"}],"collection":[{"href":"https:\/\/laprensacristiana.com\/index.php?rest_route=\/wp\/v2\/posts"}],"about":[{"href":"https:\/\/laprensacristiana.com\/index.php?rest_route=\/wp\/v2\/types\/post"}],"author":[{"embeddable":true,"href":"https:\/\/laprensacristiana.com\/index.php?rest_route=\/wp\/v2\/users\/3"}],"replies":[{"embeddable":true,"href":"https:\/\/laprensacristiana.com\/index.php?rest_route=%2Fwp%2Fv2%2Fcomments&post=8954"}],"version-history":[{"count":1,"href":"https:\/\/laprensacristiana.com\/index.php?rest_route=\/wp\/v2\/posts\/8954\/revisions"}],"predecessor-version":[{"id":8956,"href":"https:\/\/laprensacristiana.com\/index.php?rest_route=\/wp\/v2\/posts\/8954\/revisions\/8956"}],"wp:featuredmedia":[{"embeddable":true,"href":"https:\/\/laprensacristiana.com\/index.php?rest_route=\/wp\/v2\/media\/8955"}],"wp:attachment":[{"href":"https:\/\/laprensacristiana.com\/index.php?rest_route=%2Fwp%2Fv2%2Fmedia&parent=8954"}],"wp:term":[{"taxonomy":"category","embeddable":true,"href":"https:\/\/laprensacristiana.com\/index.php?rest_route=%2Fwp%2Fv2%2Fcategories&post=8954"},{"taxonomy":"post_tag","embeddable":true,"href":"https:\/\/laprensacristiana.com\/index.php?rest_route=%2Fwp%2Fv2%2Ftags&post=8954"}],"curies":[{"name":"wp","href":"https:\/\/api.w.org\/{rel}","templated":true}]}}