{"id":8962,"date":"2020-05-29T17:07:22","date_gmt":"2020-05-29T17:07:22","guid":{"rendered":"https:\/\/laprensacristiana.com\/?p=8962"},"modified":"2020-05-29T17:07:25","modified_gmt":"2020-05-29T17:07:25","slug":"alianza-evangelica-de-guatemala-hace-un-llamado-a-ayuno-y-oracion","status":"publish","type":"post","link":"https:\/\/laprensacristiana.com\/?p=8962","title":{"rendered":"Alianza Evang\u00e9lica de Guatemala hace un llamado a Ayuno y Oraci\u00f3n"},"content":{"rendered":"\n<p>El pasado 28 mayo Guatemala super\u00f3 los 4,000 contagiados con COVID-19, alrededor de 60 fallecidos y m\u00e1s de 500 recuperados, como en los vecinos pa\u00edses de Centro Am\u00e9rica este es un tema que aqueja a la poblaci\u00f3n.<\/p>\n\n\n\n<p>Alianza Evang\u00e9lica de Guatemala hace un atento llamado para este s\u00e1bado 30 de mayo a que puedan unirse en ayuno y oraci\u00f3n, por sanidad para Guatemala, provisi\u00f3n a los necesitados, por los trabajadores de salud, y sabidur\u00eda para las autoridades de dicho pa\u00eds. <\/p>\n\n\n\n<p>Este es una iniciativa que la asociaci\u00f3n pastoral viene realizando desde las primeras semanas de mayo.<\/p>\n","protected":false},"excerpt":{"rendered":"<p>El pasado 28 mayo Guatemala super\u00f3 los 4,000 contagiados con COVID-19, alrededor de 60 fallecidos y m\u00e1s de 500 recuperados, como en los vecinos pa\u00edses de Centro Am\u00e9rica este es un tema que aqueja a la poblaci\u00f3n. Alianza Evang\u00e9lica de Guatemala hace un atento llamado para este s\u00e1bado 30 de mayo a que puedan unirse [&hellip;]<\/p>\n","protected":false},"author":3,"featured_media":8964,"comment_status":"open","ping_status":"open","sticky":false,"template":"","format":"standard","meta":[],"categories":[56],"tags":[],"yoast_head":"<!-- This site is optimized with the Yoast SEO plugin v20.8 - https:\/\/yoast.com\/wordpress\/plugins\/seo\/ -->\n<title>Alianza Evang\u00e9lica de Guatemala hace un llamado a Ayuno y Oraci\u00f3n - La Prensa Cristiana<\/title>\n<meta name=\"robots\" content=\"index, follow, max-snippet:-1, max-image-preview:large, max-video-preview:-1\" \/>\n<link rel=\"canonical\" href=\"https:\/\/laprensacristiana.com\/?p=8962\" \/>\n<meta property=\"og:locale\" content=\"es_ES\" \/>\n<meta property=\"og:type\" content=\"article\" \/>\n<meta property=\"og:title\" content=\"Alianza Evang\u00e9lica de Guatemala hace un llamado a Ayuno y Oraci\u00f3n - La Prensa Cristiana\" \/>\n<meta property=\"og:description\" content=\"El pasado 28 mayo Guatemala super\u00f3 los 4,000 contagiados con COVID-19, alrededor de 60 fallecidos y m\u00e1s de 500 recuperados, como en los vecinos pa\u00edses de Centro Am\u00e9rica este es un tema que aqueja a la poblaci\u00f3n. Alianza Evang\u00e9lica de Guatemala hace un atento llamado para este s\u00e1bado 30 de mayo a que puedan unirse [&hellip;]\" \/>\n<meta property=\"og:url\" content=\"https:\/\/laprensacristiana.com\/?p=8962\" \/>\n<meta property=\"og:site_name\" content=\"La Prensa Cristiana\" \/>\n<meta property=\"article:published_time\" content=\"2020-05-29T17:07:22+00:00\" \/>\n<meta property=\"article:modified_time\" content=\"2020-05-29T17:07:25+00:00\" \/>\n<meta property=\"og:image\" content=\"https:\/\/laprensacristiana.com\/wp-content\/uploads\/2020\/05\/Screenshot_20200528-1932082-1.png\" \/>\n\t<meta property=\"og:image:width\" content=\"720\" \/>\n\t<meta property=\"og:image:height\" content=\"584\" \/>\n\t<meta property=\"og:image:type\" content=\"image\/png\" \/>\n<meta name=\"author\" content=\"EDITOR\" \/>\n<meta name=\"twitter:card\" content=\"summary_large_image\" \/>\n<meta name=\"twitter:label1\" content=\"Escrito por\" \/>\n\t<meta name=\"twitter:data1\" content=\"EDITOR\" \/>\n\t<meta name=\"twitter:label2\" content=\"Tiempo de lectura\" \/>\n\t<meta name=\"twitter:data2\" content=\"1 minuto\" \/>\n<script type=\"application\/ld+json\" class=\"yoast-schema-graph\">{\"@context\":\"https:\/\/schema.org\",\"@graph\":[{\"@type\":\"WebPage\",\"@id\":\"https:\/\/laprensacristiana.com\/?p=8962\",\"url\":\"https:\/\/laprensacristiana.com\/?p=8962\",\"name\":\"Alianza Evang\u00e9lica de Guatemala hace un llamado a Ayuno y Oraci\u00f3n - La Prensa Cristiana\",\"isPartOf\":{\"@id\":\"https:\/\/laprensacristiana.com\/#website\"},\"datePublished\":\"2020-05-29T17:07:22+00:00\",\"dateModified\":\"2020-05-29T17:07:25+00:00\",\"author\":{\"@id\":\"https:\/\/laprensacristiana.com\/#\/schema\/person\/3e7d82c6bfd6b1fa67010f8f7cd5256e\"},\"breadcrumb\":{\"@id\":\"https:\/\/laprensacristiana.com\/?p=8962#breadcrumb\"},\"inLanguage\":\"es\",\"potentialAction\":[{\"@type\":\"ReadAction\",\"target\":[\"https:\/\/laprensacristiana.com\/?p=8962\"]}]},{\"@type\":\"BreadcrumbList\",\"@id\":\"https:\/\/laprensacristiana.com\/?p=8962#breadcrumb\",\"itemListElement\":[{\"@type\":\"ListItem\",\"position\":1,\"name\":\"Portada\",\"item\":\"https:\/\/laprensacristiana.com\/\"},{\"@type\":\"ListItem\",\"position\":2,\"name\":\"Alianza Evang\u00e9lica de Guatemala hace un llamado a Ayuno y Oraci\u00f3n\"}]},{\"@type\":\"WebSite\",\"@id\":\"https:\/\/laprensacristiana.com\/#website\",\"url\":\"https:\/\/laprensacristiana.com\/\",\"name\":\"La Prensa Cristiana\",\"description\":\"Anunciando Las Buenas Nuevas\",\"potentialAction\":[{\"@type\":\"SearchAction\",\"target\":{\"@type\":\"EntryPoint\",\"urlTemplate\":\"https:\/\/laprensacristiana.com\/?s={search_term_string}\"},\"query-input\":\"required name=search_term_string\"}],\"inLanguage\":\"es\"},{\"@type\":\"Person\",\"@id\":\"https:\/\/laprensacristiana.com\/#\/schema\/person\/3e7d82c6bfd6b1fa67010f8f7cd5256e\",\"name\":\"EDITOR\",\"image\":{\"@type\":\"ImageObject\",\"inLanguage\":\"es\",\"@id\":\"https:\/\/laprensacristiana.com\/#\/schema\/person\/image\/\",\"url\":\"https:\/\/secure.gravatar.com\/avatar\/72069dfb6c13772d9e8381e3638666d2?s=96&d=mm&r=g\",\"contentUrl\":\"https:\/\/secure.gravatar.com\/avatar\/72069dfb6c13772d9e8381e3638666d2?s=96&d=mm&r=g\",\"caption\":\"EDITOR\"},\"url\":\"https:\/\/laprensacristiana.com\/?author=3\"}]}<\/script>\n<!-- \/ Yoast SEO plugin. -->","yoast_head_json":{"title":"Alianza Evang\u00e9lica de Guatemala hace un llamado a Ayuno y Oraci\u00f3n - La Prensa Cristiana","robots":{"index":"index","follow":"follow","max-snippet":"max-snippet:-1","max-image-preview":"max-image-preview:large","max-video-preview":"max-video-preview:-1"},"canonical":"https:\/\/laprensacristiana.com\/?p=8962","og_locale":"es_ES","og_type":"article","og_title":"Alianza Evang\u00e9lica de Guatemala hace un llamado a Ayuno y Oraci\u00f3n - La Prensa Cristiana","og_description":"El pasado 28 mayo Guatemala super\u00f3 los 4,000 contagiados con COVID-19, alrededor de 60 fallecidos y m\u00e1s de 500 recuperados, como en los vecinos pa\u00edses de Centro Am\u00e9rica este es un tema que aqueja a la poblaci\u00f3n. Alianza Evang\u00e9lica de Guatemala hace un atento llamado para este s\u00e1bado 30 de mayo a que puedan unirse [&hellip;]","og_url":"https:\/\/laprensacristiana.com\/?p=8962","og_site_name":"La Prensa Cristiana","article_published_time":"2020-05-29T17:07:22+00:00","article_modified_time":"2020-05-29T17:07:25+00:00","og_image":[{"width":720,"height":584,"url":"https:\/\/laprensacristiana.com\/wp-content\/uploads\/2020\/05\/Screenshot_20200528-1932082-1.png","type":"image\/png"}],"author":"EDITOR","twitter_card":"summary_large_image","twitter_misc":{"Escrito por":"EDITOR","Tiempo de lectura":"1 minuto"},"schema":{"@context":"https:\/\/schema.org","@graph":[{"@type":"WebPage","@id":"https:\/\/laprensacristiana.com\/?p=8962","url":"https:\/\/laprensacristiana.com\/?p=8962","name":"Alianza Evang\u00e9lica de Guatemala hace un llamado a Ayuno y Oraci\u00f3n - La Prensa Cristiana","isPartOf":{"@id":"https:\/\/laprensacristiana.com\/#website"},"datePublished":"2020-05-29T17:07:22+00:00","dateModified":"2020-05-29T17:07:25+00:00","author":{"@id":"https:\/\/laprensacristiana.com\/#\/schema\/person\/3e7d82c6bfd6b1fa67010f8f7cd5256e"},"breadcrumb":{"@id":"https:\/\/laprensacristiana.com\/?p=8962#breadcrumb"},"inLanguage":"es","potentialAction":[{"@type":"ReadAction","target":["https:\/\/laprensacristiana.com\/?p=8962"]}]},{"@type":"BreadcrumbList","@id":"https:\/\/laprensacristiana.com\/?p=8962#breadcrumb","itemListElement":[{"@type":"ListItem","position":1,"name":"Portada","item":"https:\/\/laprensacristiana.com\/"},{"@type":"ListItem","position":2,"name":"Alianza Evang\u00e9lica de Guatemala hace un llamado a Ayuno y Oraci\u00f3n"}]},{"@type":"WebSite","@id":"https:\/\/laprensacristiana.com\/#website","url":"https:\/\/laprensacristiana.com\/","name":"La Prensa Cristiana","description":"Anunciando Las Buenas Nuevas","potentialAction":[{"@type":"SearchAction","target":{"@type":"EntryPoint","urlTemplate":"https:\/\/laprensacristiana.com\/?s={search_term_string}"},"query-input":"required name=search_term_string"}],"inLanguage":"es"},{"@type":"Person","@id":"https:\/\/laprensacristiana.com\/#\/schema\/person\/3e7d82c6bfd6b1fa67010f8f7cd5256e","name":"EDITOR","image":{"@type":"ImageObject","inLanguage":"es","@id":"https:\/\/laprensacristiana.com\/#\/schema\/person\/image\/","url":"https:\/\/secure.gravatar.com\/avatar\/72069dfb6c13772d9e8381e3638666d2?s=96&d=mm&r=g","contentUrl":"https:\/\/secure.gravatar.com\/avatar\/72069dfb6c13772d9e8381e3638666d2?s=96&d=mm&r=g","caption":"EDITOR"},"url":"https:\/\/laprensacristiana.com\/?author=3"}]}},"_links":{"self":[{"href":"https:\/\/laprensacristiana.com\/index.php?rest_route=\/wp\/v2\/posts\/8962"}],"collection":[{"href":"https:\/\/laprensacristiana.com\/index.php?rest_route=\/wp\/v2\/posts"}],"about":[{"href":"https:\/\/laprensacristiana.com\/index.php?rest_route=\/wp\/v2\/types\/post"}],"author":[{"embeddable":true,"href":"https:\/\/laprensacristiana.com\/index.php?rest_route=\/wp\/v2\/users\/3"}],"replies":[{"embeddable":true,"href":"https:\/\/laprensacristiana.com\/index.php?rest_route=%2Fwp%2Fv2%2Fcomments&post=8962"}],"version-history":[{"count":1,"href":"https:\/\/laprensacristiana.com\/index.php?rest_route=\/wp\/v2\/posts\/8962\/revisions"}],"predecessor-version":[{"id":8965,"href":"https:\/\/laprensacristiana.com\/index.php?rest_route=\/wp\/v2\/posts\/8962\/revisions\/8965"}],"wp:featuredmedia":[{"embeddable":true,"href":"https:\/\/laprensacristiana.com\/index.php?rest_route=\/wp\/v2\/media\/8964"}],"wp:attachment":[{"href":"https:\/\/laprensacristiana.com\/index.php?rest_route=%2Fwp%2Fv2%2Fmedia&parent=8962"}],"wp:term":[{"taxonomy":"category","embeddable":true,"href":"https:\/\/laprensacristiana.com\/index.php?rest_route=%2Fwp%2Fv2%2Fcategories&post=8962"},{"taxonomy":"post_tag","embeddable":true,"href":"https:\/\/laprensacristiana.com\/index.php?rest_route=%2Fwp%2Fv2%2Ftags&post=8962"}],"curies":[{"name":"wp","href":"https:\/\/api.w.org\/{rel}","templated":true}]}}