{"id":9029,"date":"2020-06-04T23:04:24","date_gmt":"2020-06-04T23:04:24","guid":{"rendered":"https:\/\/laprensacristiana.com\/?p=9029"},"modified":"2020-06-04T23:04:27","modified_gmt":"2020-06-04T23:04:27","slug":"taber-lleva-ayuda-en-medio-de-la-tormenta","status":"publish","type":"post","link":"https:\/\/laprensacristiana.com\/?p=9029","title":{"rendered":"Taber lleva ayuda en medio de la tormenta"},"content":{"rendered":"\n<p> Las tormentas en El Salvador han dejado a cientos de familias sin viviendas, el d\u00eda de hoy Protecci\u00f3n ha declarado evacuaci\u00f3n preventiva en las zonas de alto riesgo en los 262 municipios del pais por la persitencia de las lluvias. <\/p>\n\n\n\n<p>El Tabern\u00e1culo Biblico Bautista Amigos de Israel esta desarrollando una labor social llevando apoyo a albergues, comunidades afectadas e insumos al personal que esta apoyando a mitigar los estragos ocasionados por la tormenta. <\/p>\n\n\n\n<p>Cabe destacar que la ayuda al projimo es uno&nbsp; de los pilares sobre los que se sustenta el Taber. <\/p>\n","protected":false},"excerpt":{"rendered":"<p>Las tormentas en El Salvador han dejado a cientos de familias sin viviendas, el d\u00eda de hoy Protecci\u00f3n ha declarado evacuaci\u00f3n preventiva en las zonas de alto riesgo en los 262 municipios del pais por la persitencia de las lluvias. El Tabern\u00e1culo Biblico Bautista Amigos de Israel esta desarrollando una labor social llevando apoyo a [&hellip;]<\/p>\n","protected":false},"author":3,"featured_media":9030,"comment_status":"open","ping_status":"open","sticky":false,"template":"","format":"standard","meta":[],"categories":[77],"tags":[],"yoast_head":"<!-- This site is optimized with the Yoast SEO plugin v20.8 - https:\/\/yoast.com\/wordpress\/plugins\/seo\/ -->\n<title>Taber lleva ayuda en medio de la tormenta - La Prensa Cristiana<\/title>\n<meta name=\"robots\" content=\"index, follow, max-snippet:-1, max-image-preview:large, max-video-preview:-1\" \/>\n<link rel=\"canonical\" href=\"https:\/\/laprensacristiana.com\/?p=9029\" \/>\n<meta property=\"og:locale\" content=\"es_ES\" \/>\n<meta property=\"og:type\" content=\"article\" \/>\n<meta property=\"og:title\" content=\"Taber lleva ayuda en medio de la tormenta - La Prensa Cristiana\" \/>\n<meta property=\"og:description\" content=\"Las tormentas en El Salvador han dejado a cientos de familias sin viviendas, el d\u00eda de hoy Protecci\u00f3n ha declarado evacuaci\u00f3n preventiva en las zonas de alto riesgo en los 262 municipios del pais por la persitencia de las lluvias. El Tabern\u00e1culo Biblico Bautista Amigos de Israel esta desarrollando una labor social llevando apoyo a [&hellip;]\" \/>\n<meta property=\"og:url\" content=\"https:\/\/laprensacristiana.com\/?p=9029\" \/>\n<meta property=\"og:site_name\" content=\"La Prensa Cristiana\" \/>\n<meta property=\"article:published_time\" content=\"2020-06-04T23:04:24+00:00\" \/>\n<meta property=\"article:modified_time\" content=\"2020-06-04T23:04:27+00:00\" \/>\n<meta property=\"og:image\" content=\"https:\/\/laprensacristiana.com\/wp-content\/uploads\/2020\/06\/FB_IMG_1591311354421-1.jpg\" \/>\n\t<meta property=\"og:image:width\" content=\"720\" \/>\n\t<meta property=\"og:image:height\" content=\"376\" \/>\n\t<meta property=\"og:image:type\" content=\"image\/jpeg\" \/>\n<meta name=\"author\" content=\"EDITOR\" \/>\n<meta name=\"twitter:card\" content=\"summary_large_image\" \/>\n<meta name=\"twitter:label1\" content=\"Escrito por\" \/>\n\t<meta name=\"twitter:data1\" content=\"EDITOR\" \/>\n<script type=\"application\/ld+json\" class=\"yoast-schema-graph\">{\"@context\":\"https:\/\/schema.org\",\"@graph\":[{\"@type\":\"WebPage\",\"@id\":\"https:\/\/laprensacristiana.com\/?p=9029\",\"url\":\"https:\/\/laprensacristiana.com\/?p=9029\",\"name\":\"Taber lleva ayuda en medio de la tormenta - La Prensa Cristiana\",\"isPartOf\":{\"@id\":\"https:\/\/laprensacristiana.com\/#website\"},\"datePublished\":\"2020-06-04T23:04:24+00:00\",\"dateModified\":\"2020-06-04T23:04:27+00:00\",\"author\":{\"@id\":\"https:\/\/laprensacristiana.com\/#\/schema\/person\/3e7d82c6bfd6b1fa67010f8f7cd5256e\"},\"breadcrumb\":{\"@id\":\"https:\/\/laprensacristiana.com\/?p=9029#breadcrumb\"},\"inLanguage\":\"es\",\"potentialAction\":[{\"@type\":\"ReadAction\",\"target\":[\"https:\/\/laprensacristiana.com\/?p=9029\"]}]},{\"@type\":\"BreadcrumbList\",\"@id\":\"https:\/\/laprensacristiana.com\/?p=9029#breadcrumb\",\"itemListElement\":[{\"@type\":\"ListItem\",\"position\":1,\"name\":\"Portada\",\"item\":\"https:\/\/laprensacristiana.com\/\"},{\"@type\":\"ListItem\",\"position\":2,\"name\":\"Taber lleva ayuda en medio de la tormenta\"}]},{\"@type\":\"WebSite\",\"@id\":\"https:\/\/laprensacristiana.com\/#website\",\"url\":\"https:\/\/laprensacristiana.com\/\",\"name\":\"La Prensa Cristiana\",\"description\":\"Anunciando Las Buenas Nuevas\",\"potentialAction\":[{\"@type\":\"SearchAction\",\"target\":{\"@type\":\"EntryPoint\",\"urlTemplate\":\"https:\/\/laprensacristiana.com\/?s={search_term_string}\"},\"query-input\":\"required name=search_term_string\"}],\"inLanguage\":\"es\"},{\"@type\":\"Person\",\"@id\":\"https:\/\/laprensacristiana.com\/#\/schema\/person\/3e7d82c6bfd6b1fa67010f8f7cd5256e\",\"name\":\"EDITOR\",\"image\":{\"@type\":\"ImageObject\",\"inLanguage\":\"es\",\"@id\":\"https:\/\/laprensacristiana.com\/#\/schema\/person\/image\/\",\"url\":\"https:\/\/secure.gravatar.com\/avatar\/72069dfb6c13772d9e8381e3638666d2?s=96&d=mm&r=g\",\"contentUrl\":\"https:\/\/secure.gravatar.com\/avatar\/72069dfb6c13772d9e8381e3638666d2?s=96&d=mm&r=g\",\"caption\":\"EDITOR\"},\"url\":\"https:\/\/laprensacristiana.com\/?author=3\"}]}<\/script>\n<!-- \/ Yoast SEO plugin. -->","yoast_head_json":{"title":"Taber lleva ayuda en medio de la tormenta - La Prensa Cristiana","robots":{"index":"index","follow":"follow","max-snippet":"max-snippet:-1","max-image-preview":"max-image-preview:large","max-video-preview":"max-video-preview:-1"},"canonical":"https:\/\/laprensacristiana.com\/?p=9029","og_locale":"es_ES","og_type":"article","og_title":"Taber lleva ayuda en medio de la tormenta - La Prensa Cristiana","og_description":"Las tormentas en El Salvador han dejado a cientos de familias sin viviendas, el d\u00eda de hoy Protecci\u00f3n ha declarado evacuaci\u00f3n preventiva en las zonas de alto riesgo en los 262 municipios del pais por la persitencia de las lluvias. El Tabern\u00e1culo Biblico Bautista Amigos de Israel esta desarrollando una labor social llevando apoyo a [&hellip;]","og_url":"https:\/\/laprensacristiana.com\/?p=9029","og_site_name":"La Prensa Cristiana","article_published_time":"2020-06-04T23:04:24+00:00","article_modified_time":"2020-06-04T23:04:27+00:00","og_image":[{"width":720,"height":376,"url":"https:\/\/laprensacristiana.com\/wp-content\/uploads\/2020\/06\/FB_IMG_1591311354421-1.jpg","type":"image\/jpeg"}],"author":"EDITOR","twitter_card":"summary_large_image","twitter_misc":{"Escrito por":"EDITOR"},"schema":{"@context":"https:\/\/schema.org","@graph":[{"@type":"WebPage","@id":"https:\/\/laprensacristiana.com\/?p=9029","url":"https:\/\/laprensacristiana.com\/?p=9029","name":"Taber lleva ayuda en medio de la tormenta - La Prensa Cristiana","isPartOf":{"@id":"https:\/\/laprensacristiana.com\/#website"},"datePublished":"2020-06-04T23:04:24+00:00","dateModified":"2020-06-04T23:04:27+00:00","author":{"@id":"https:\/\/laprensacristiana.com\/#\/schema\/person\/3e7d82c6bfd6b1fa67010f8f7cd5256e"},"breadcrumb":{"@id":"https:\/\/laprensacristiana.com\/?p=9029#breadcrumb"},"inLanguage":"es","potentialAction":[{"@type":"ReadAction","target":["https:\/\/laprensacristiana.com\/?p=9029"]}]},{"@type":"BreadcrumbList","@id":"https:\/\/laprensacristiana.com\/?p=9029#breadcrumb","itemListElement":[{"@type":"ListItem","position":1,"name":"Portada","item":"https:\/\/laprensacristiana.com\/"},{"@type":"ListItem","position":2,"name":"Taber lleva ayuda en medio de la tormenta"}]},{"@type":"WebSite","@id":"https:\/\/laprensacristiana.com\/#website","url":"https:\/\/laprensacristiana.com\/","name":"La Prensa Cristiana","description":"Anunciando Las Buenas Nuevas","potentialAction":[{"@type":"SearchAction","target":{"@type":"EntryPoint","urlTemplate":"https:\/\/laprensacristiana.com\/?s={search_term_string}"},"query-input":"required name=search_term_string"}],"inLanguage":"es"},{"@type":"Person","@id":"https:\/\/laprensacristiana.com\/#\/schema\/person\/3e7d82c6bfd6b1fa67010f8f7cd5256e","name":"EDITOR","image":{"@type":"ImageObject","inLanguage":"es","@id":"https:\/\/laprensacristiana.com\/#\/schema\/person\/image\/","url":"https:\/\/secure.gravatar.com\/avatar\/72069dfb6c13772d9e8381e3638666d2?s=96&d=mm&r=g","contentUrl":"https:\/\/secure.gravatar.com\/avatar\/72069dfb6c13772d9e8381e3638666d2?s=96&d=mm&r=g","caption":"EDITOR"},"url":"https:\/\/laprensacristiana.com\/?author=3"}]}},"_links":{"self":[{"href":"https:\/\/laprensacristiana.com\/index.php?rest_route=\/wp\/v2\/posts\/9029"}],"collection":[{"href":"https:\/\/laprensacristiana.com\/index.php?rest_route=\/wp\/v2\/posts"}],"about":[{"href":"https:\/\/laprensacristiana.com\/index.php?rest_route=\/wp\/v2\/types\/post"}],"author":[{"embeddable":true,"href":"https:\/\/laprensacristiana.com\/index.php?rest_route=\/wp\/v2\/users\/3"}],"replies":[{"embeddable":true,"href":"https:\/\/laprensacristiana.com\/index.php?rest_route=%2Fwp%2Fv2%2Fcomments&post=9029"}],"version-history":[{"count":1,"href":"https:\/\/laprensacristiana.com\/index.php?rest_route=\/wp\/v2\/posts\/9029\/revisions"}],"predecessor-version":[{"id":9031,"href":"https:\/\/laprensacristiana.com\/index.php?rest_route=\/wp\/v2\/posts\/9029\/revisions\/9031"}],"wp:featuredmedia":[{"embeddable":true,"href":"https:\/\/laprensacristiana.com\/index.php?rest_route=\/wp\/v2\/media\/9030"}],"wp:attachment":[{"href":"https:\/\/laprensacristiana.com\/index.php?rest_route=%2Fwp%2Fv2%2Fmedia&parent=9029"}],"wp:term":[{"taxonomy":"category","embeddable":true,"href":"https:\/\/laprensacristiana.com\/index.php?rest_route=%2Fwp%2Fv2%2Fcategories&post=9029"},{"taxonomy":"post_tag","embeddable":true,"href":"https:\/\/laprensacristiana.com\/index.php?rest_route=%2Fwp%2Fv2%2Ftags&post=9029"}],"curies":[{"name":"wp","href":"https:\/\/api.w.org\/{rel}","templated":true}]}}