{"id":9069,"date":"2020-06-06T15:12:07","date_gmt":"2020-06-06T15:12:07","guid":{"rendered":"https:\/\/laprensacristiana.com\/?p=9069"},"modified":"2020-06-06T15:12:09","modified_gmt":"2020-06-06T15:12:09","slug":"el-origen-de-la-vida-monastica","status":"publish","type":"post","link":"https:\/\/laprensacristiana.com\/?p=9069","title":{"rendered":"El origen de la vida mon\u00e1stica"},"content":{"rendered":"\n<p>Despu\u00e9s de la ca\u00edda del imperio romano en 476,la iglesia cristiana nominal hab\u00eda perdido pr\u00e1cticamente la totalidad de su v\u00ednculo con Cristo y la Palabra.Por supuesto que las Escrituras eran conocidas,la traducci\u00f3n de Jer\u00f3nimo conocida como la Vulgata se di\u00f3 a conocer en el a\u00f1o 400.Era una obra de traducci\u00f3n notable en su fidelidad a los manuscritos originales,por lo que no hab\u00eda nada que cuestionarle.<br>\nSin embargo,una cosa es tener a mano una buena edici\u00f3n de las Escrituras,y otra cosa es interpretarla correctamente y a\u00fan m\u00e1s,obedecerla conforme a la direcci\u00f3n del Esp\u00edritu Santo.<br>\nLas influencias de las religiones orientales eran muy fuertes ante un cristianismo debilitado.El obispo de Roma,convertido hoy en un personaje influyente en el campo pol\u00edtico,econ\u00f3mico y religioso,hab\u00eda desviado el cristianismo original hacia una forma de religi\u00f3n que de cristiana s\u00f3lo le quedaba el nombre.<br>\nY una de las influencias que la religi\u00f3n aceptaba era la vida mon\u00e1stica proveniente de la India y practicada desde el siglo tercero en Siria y Egipto.Por supuesto que la Biblia no ense\u00f1a que debemos practicar vida mon\u00e1stica en ninguna forma.<br>\nLos ermita\u00f1os Pacomio y Antonio fueron los precursores de las ense\u00f1anzas mon\u00e1sticas,cada uno con su propia forma.Existia la creencia de que entre m\u00e1s se mortificaba el cuerpo,se elevaba el nivel de piedad,de comuni\u00f3n con Dios.<br>\nY los monjes se somet\u00edan a penitencias rigurosas que inclu\u00edan comer dos veces por semana,no dormir o dormir muy poco,no hablar,no o\u00edr,entendiendo que as\u00ed se santificaban.<br>\nEso es simplemente ignorancia de la Palabra,parece imposible que se hubiera ca\u00eddo en semejantes pr\u00e1cticas y lo m\u00e1s obvio hubiese sido corregir esa pr\u00e1ctica abominable y buscar la verdadera santificaci\u00f3n como ordenan las Escrituras.<br>\nLejos de corregir ese absurdo teol\u00f3gico,apareci\u00f3 en 530 un hombre que no s\u00f3lo impuls\u00f3 la vida mon\u00e1stica en occidente sino que la reglament\u00f3,su nombre era Benito de Nursia o San Benito como lo conoce la religi\u00f3n cat\u00f3lica.<br>\nEn un lugar llamado Montecassino ,estableci\u00f3 el primer monasterio reglamentado que exig\u00eda a sus miembros el estricto cumplimiento,no de la Biblia,sino de la conocida Regla de San Benito.Y a la orden religiosa que fund\u00f3 se le conoce como Orden Benedictina.<br>\nEl modelo result\u00f3 ser un \u00e9xito rotundo en favor de la religi\u00f3n cat\u00f3lica.Roma vi\u00f3 con agrado y esperanza poder presentar un ejemplo de lo que supone ser el verdadero camino a la perfecci\u00f3n cristiana.Muchos hombres creyendo que ese era el camino,renunciaban a todas sus posesiones,las entregaban al monasterio y se somet\u00edan a la regla que exig\u00eda votos de humildad,castidad y pobreza.<br>\nEuropa est\u00e1 plagada de ruinas de antiguos monasterios,lo que significa que la pr\u00e1ctica se extendi\u00f3 y ayud\u00f3 a difundir la religi\u00f3n.De hecho,se lleg\u00f3 a considerar que los hombres m\u00e1s capaces intelectualmente deb\u00edan entregarse a la vida mon\u00e1stica para aprovechar esos talentos al servicio de Dios.<br>\nLa teor\u00eda de la regla era atractiva,pues ofrec\u00eda una vida estable,libre de servicio militar,de impuestos y de reconocimiento de una santidad aunque no la hubiese.Pero,como el modelo es humano y no b\u00edblico,estaba sujeto a corrupcion. El hombre no est\u00e1 hecho por Dios para convivir s\u00f3lo con hombres,por tanto la corrupcion moral era conocida como caracter\u00edstica de la vida mon\u00e1stica.Por otro lado,la pretendida pobreza en la que los monjes deb\u00edan vivir no se cumpl\u00eda,pues r\u00e1pidamente los monasterios eran beneficiados con donaciones que permit\u00eda a los monjes disfrutar una vida c\u00f3moda.<br>\nPor dos siglos la orden benedictina logr\u00f3 mantener cierta reputaci\u00f3n de piedad,pero como todo logro humano,el esfuerzo se derrumb\u00f3 y fue necesario reimpulsar la regla cuando apareci\u00f3 en 900 la orden de Cluny que en verdad la impuls\u00f3 y la mantuvo firme por tres siglos.<br>\nLa vida mon\u00e1stica no tiene ning\u00fan fundamento b\u00edblico,pero ha sido en muchos momentos hist\u00f3ricos el brazo fuerte que ha sostenido la religi\u00f3n cat\u00f3lica.La iglesia cristiana debe tener claridad que aunque un modelo religioso pueda permanecer firme por siglos,no significa que est\u00e9 aprobado por Dios,pues es contrario a las Escrituras y a su tiempo,su influencia decaer\u00e1 como lo vemos hoy.<br>\nDe la misma manera,nosotros debemos revisar nuestras pr\u00e1cticas y a\u00fan creencias.Si no se ajustan estrictamente a la Palabra de Dios,aunque formen parte de nuestras tradiciones evang\u00e9licas,debemos desecharlas.<\/p>\n","protected":false},"excerpt":{"rendered":"<p>Despu\u00e9s de la ca\u00edda del imperio romano en 476,la iglesia cristiana nominal hab\u00eda perdido pr\u00e1cticamente la totalidad de su v\u00ednculo con Cristo y la Palabra.Por supuesto que las Escrituras eran conocidas,la traducci\u00f3n de Jer\u00f3nimo conocida como la Vulgata se di\u00f3 a conocer en el a\u00f1o 400.Era una obra de traducci\u00f3n notable en su fidelidad a [&hellip;]<\/p>\n","protected":false},"author":3,"featured_media":7743,"comment_status":"open","ping_status":"open","sticky":false,"template":"","format":"standard","meta":[],"categories":[69],"tags":[],"yoast_head":"<!-- This site is optimized with the Yoast SEO plugin v20.8 - https:\/\/yoast.com\/wordpress\/plugins\/seo\/ -->\n<title>El origen de la vida mon\u00e1stica - La Prensa Cristiana<\/title>\n<meta name=\"robots\" content=\"index, follow, max-snippet:-1, max-image-preview:large, max-video-preview:-1\" \/>\n<link rel=\"canonical\" href=\"https:\/\/laprensacristiana.com\/?p=9069\" \/>\n<meta property=\"og:locale\" content=\"es_ES\" \/>\n<meta property=\"og:type\" content=\"article\" \/>\n<meta property=\"og:title\" content=\"El origen de la vida mon\u00e1stica - La Prensa Cristiana\" \/>\n<meta property=\"og:description\" content=\"Despu\u00e9s de la ca\u00edda del imperio romano en 476,la iglesia cristiana nominal hab\u00eda perdido pr\u00e1cticamente la totalidad de su v\u00ednculo con Cristo y la Palabra.Por supuesto que las Escrituras eran conocidas,la traducci\u00f3n de Jer\u00f3nimo conocida como la Vulgata se di\u00f3 a conocer en el a\u00f1o 400.Era una obra de traducci\u00f3n notable en su fidelidad a [&hellip;]\" \/>\n<meta property=\"og:url\" content=\"https:\/\/laprensacristiana.com\/?p=9069\" \/>\n<meta property=\"og:site_name\" content=\"La Prensa Cristiana\" \/>\n<meta property=\"article:published_time\" content=\"2020-06-06T15:12:07+00:00\" \/>\n<meta property=\"article:modified_time\" content=\"2020-06-06T15:12:09+00:00\" \/>\n<meta property=\"og:image\" content=\"https:\/\/laprensacristiana.com\/wp-content\/uploads\/2020\/01\/WhatsApp-Image-2019-08-21-at-10.53.02.jpeg\" \/>\n\t<meta property=\"og:image:width\" content=\"1280\" \/>\n\t<meta property=\"og:image:height\" content=\"647\" \/>\n\t<meta property=\"og:image:type\" content=\"image\/jpeg\" \/>\n<meta name=\"author\" content=\"EDITOR\" \/>\n<meta name=\"twitter:card\" content=\"summary_large_image\" \/>\n<meta name=\"twitter:label1\" content=\"Escrito por\" \/>\n\t<meta name=\"twitter:data1\" content=\"EDITOR\" \/>\n\t<meta name=\"twitter:label2\" content=\"Tiempo de lectura\" \/>\n\t<meta name=\"twitter:data2\" content=\"4 minutos\" \/>\n<script type=\"application\/ld+json\" class=\"yoast-schema-graph\">{\"@context\":\"https:\/\/schema.org\",\"@graph\":[{\"@type\":\"WebPage\",\"@id\":\"https:\/\/laprensacristiana.com\/?p=9069\",\"url\":\"https:\/\/laprensacristiana.com\/?p=9069\",\"name\":\"El origen de la vida mon\u00e1stica - La Prensa Cristiana\",\"isPartOf\":{\"@id\":\"https:\/\/laprensacristiana.com\/#website\"},\"datePublished\":\"2020-06-06T15:12:07+00:00\",\"dateModified\":\"2020-06-06T15:12:09+00:00\",\"author\":{\"@id\":\"https:\/\/laprensacristiana.com\/#\/schema\/person\/3e7d82c6bfd6b1fa67010f8f7cd5256e\"},\"breadcrumb\":{\"@id\":\"https:\/\/laprensacristiana.com\/?p=9069#breadcrumb\"},\"inLanguage\":\"es\",\"potentialAction\":[{\"@type\":\"ReadAction\",\"target\":[\"https:\/\/laprensacristiana.com\/?p=9069\"]}]},{\"@type\":\"BreadcrumbList\",\"@id\":\"https:\/\/laprensacristiana.com\/?p=9069#breadcrumb\",\"itemListElement\":[{\"@type\":\"ListItem\",\"position\":1,\"name\":\"Portada\",\"item\":\"https:\/\/laprensacristiana.com\/\"},{\"@type\":\"ListItem\",\"position\":2,\"name\":\"El origen de la vida mon\u00e1stica\"}]},{\"@type\":\"WebSite\",\"@id\":\"https:\/\/laprensacristiana.com\/#website\",\"url\":\"https:\/\/laprensacristiana.com\/\",\"name\":\"La Prensa Cristiana\",\"description\":\"Anunciando Las Buenas Nuevas\",\"potentialAction\":[{\"@type\":\"SearchAction\",\"target\":{\"@type\":\"EntryPoint\",\"urlTemplate\":\"https:\/\/laprensacristiana.com\/?s={search_term_string}\"},\"query-input\":\"required name=search_term_string\"}],\"inLanguage\":\"es\"},{\"@type\":\"Person\",\"@id\":\"https:\/\/laprensacristiana.com\/#\/schema\/person\/3e7d82c6bfd6b1fa67010f8f7cd5256e\",\"name\":\"EDITOR\",\"image\":{\"@type\":\"ImageObject\",\"inLanguage\":\"es\",\"@id\":\"https:\/\/laprensacristiana.com\/#\/schema\/person\/image\/\",\"url\":\"https:\/\/secure.gravatar.com\/avatar\/72069dfb6c13772d9e8381e3638666d2?s=96&d=mm&r=g\",\"contentUrl\":\"https:\/\/secure.gravatar.com\/avatar\/72069dfb6c13772d9e8381e3638666d2?s=96&d=mm&r=g\",\"caption\":\"EDITOR\"},\"url\":\"https:\/\/laprensacristiana.com\/?author=3\"}]}<\/script>\n<!-- \/ Yoast SEO plugin. -->","yoast_head_json":{"title":"El origen de la vida mon\u00e1stica - La Prensa Cristiana","robots":{"index":"index","follow":"follow","max-snippet":"max-snippet:-1","max-image-preview":"max-image-preview:large","max-video-preview":"max-video-preview:-1"},"canonical":"https:\/\/laprensacristiana.com\/?p=9069","og_locale":"es_ES","og_type":"article","og_title":"El origen de la vida mon\u00e1stica - La Prensa Cristiana","og_description":"Despu\u00e9s de la ca\u00edda del imperio romano en 476,la iglesia cristiana nominal hab\u00eda perdido pr\u00e1cticamente la totalidad de su v\u00ednculo con Cristo y la Palabra.Por supuesto que las Escrituras eran conocidas,la traducci\u00f3n de Jer\u00f3nimo conocida como la Vulgata se di\u00f3 a conocer en el a\u00f1o 400.Era una obra de traducci\u00f3n notable en su fidelidad a [&hellip;]","og_url":"https:\/\/laprensacristiana.com\/?p=9069","og_site_name":"La Prensa Cristiana","article_published_time":"2020-06-06T15:12:07+00:00","article_modified_time":"2020-06-06T15:12:09+00:00","og_image":[{"width":1280,"height":647,"url":"https:\/\/laprensacristiana.com\/wp-content\/uploads\/2020\/01\/WhatsApp-Image-2019-08-21-at-10.53.02.jpeg","type":"image\/jpeg"}],"author":"EDITOR","twitter_card":"summary_large_image","twitter_misc":{"Escrito por":"EDITOR","Tiempo de lectura":"4 minutos"},"schema":{"@context":"https:\/\/schema.org","@graph":[{"@type":"WebPage","@id":"https:\/\/laprensacristiana.com\/?p=9069","url":"https:\/\/laprensacristiana.com\/?p=9069","name":"El origen de la vida mon\u00e1stica - La Prensa Cristiana","isPartOf":{"@id":"https:\/\/laprensacristiana.com\/#website"},"datePublished":"2020-06-06T15:12:07+00:00","dateModified":"2020-06-06T15:12:09+00:00","author":{"@id":"https:\/\/laprensacristiana.com\/#\/schema\/person\/3e7d82c6bfd6b1fa67010f8f7cd5256e"},"breadcrumb":{"@id":"https:\/\/laprensacristiana.com\/?p=9069#breadcrumb"},"inLanguage":"es","potentialAction":[{"@type":"ReadAction","target":["https:\/\/laprensacristiana.com\/?p=9069"]}]},{"@type":"BreadcrumbList","@id":"https:\/\/laprensacristiana.com\/?p=9069#breadcrumb","itemListElement":[{"@type":"ListItem","position":1,"name":"Portada","item":"https:\/\/laprensacristiana.com\/"},{"@type":"ListItem","position":2,"name":"El origen de la vida mon\u00e1stica"}]},{"@type":"WebSite","@id":"https:\/\/laprensacristiana.com\/#website","url":"https:\/\/laprensacristiana.com\/","name":"La Prensa Cristiana","description":"Anunciando Las Buenas Nuevas","potentialAction":[{"@type":"SearchAction","target":{"@type":"EntryPoint","urlTemplate":"https:\/\/laprensacristiana.com\/?s={search_term_string}"},"query-input":"required name=search_term_string"}],"inLanguage":"es"},{"@type":"Person","@id":"https:\/\/laprensacristiana.com\/#\/schema\/person\/3e7d82c6bfd6b1fa67010f8f7cd5256e","name":"EDITOR","image":{"@type":"ImageObject","inLanguage":"es","@id":"https:\/\/laprensacristiana.com\/#\/schema\/person\/image\/","url":"https:\/\/secure.gravatar.com\/avatar\/72069dfb6c13772d9e8381e3638666d2?s=96&d=mm&r=g","contentUrl":"https:\/\/secure.gravatar.com\/avatar\/72069dfb6c13772d9e8381e3638666d2?s=96&d=mm&r=g","caption":"EDITOR"},"url":"https:\/\/laprensacristiana.com\/?author=3"}]}},"_links":{"self":[{"href":"https:\/\/laprensacristiana.com\/index.php?rest_route=\/wp\/v2\/posts\/9069"}],"collection":[{"href":"https:\/\/laprensacristiana.com\/index.php?rest_route=\/wp\/v2\/posts"}],"about":[{"href":"https:\/\/laprensacristiana.com\/index.php?rest_route=\/wp\/v2\/types\/post"}],"author":[{"embeddable":true,"href":"https:\/\/laprensacristiana.com\/index.php?rest_route=\/wp\/v2\/users\/3"}],"replies":[{"embeddable":true,"href":"https:\/\/laprensacristiana.com\/index.php?rest_route=%2Fwp%2Fv2%2Fcomments&post=9069"}],"version-history":[{"count":1,"href":"https:\/\/laprensacristiana.com\/index.php?rest_route=\/wp\/v2\/posts\/9069\/revisions"}],"predecessor-version":[{"id":9070,"href":"https:\/\/laprensacristiana.com\/index.php?rest_route=\/wp\/v2\/posts\/9069\/revisions\/9070"}],"wp:featuredmedia":[{"embeddable":true,"href":"https:\/\/laprensacristiana.com\/index.php?rest_route=\/wp\/v2\/media\/7743"}],"wp:attachment":[{"href":"https:\/\/laprensacristiana.com\/index.php?rest_route=%2Fwp%2Fv2%2Fmedia&parent=9069"}],"wp:term":[{"taxonomy":"category","embeddable":true,"href":"https:\/\/laprensacristiana.com\/index.php?rest_route=%2Fwp%2Fv2%2Fcategories&post=9069"},{"taxonomy":"post_tag","embeddable":true,"href":"https:\/\/laprensacristiana.com\/index.php?rest_route=%2Fwp%2Fv2%2Ftags&post=9069"}],"curies":[{"name":"wp","href":"https:\/\/api.w.org\/{rel}","templated":true}]}}