{"id":9071,"date":"2020-06-06T15:42:57","date_gmt":"2020-06-06T15:42:57","guid":{"rendered":"https:\/\/laprensacristiana.com\/?p=9071"},"modified":"2020-06-06T15:42:59","modified_gmt":"2020-06-06T15:42:59","slug":"iglesia-de-dios-lleva-ayuda-a-zapotitan","status":"publish","type":"post","link":"https:\/\/laprensacristiana.com\/?p=9071","title":{"rendered":"Iglesia de Dios lleva ayuda a Zapotitan"},"content":{"rendered":"\n<p>El dia de ayer el liderazgo nacional de Iglesia de Dios en El Salvador apoyaron con viveres y ropa a uno de los albergues. <\/p>\n\n\n\n<p>El a\u00f1o pasado Iglesia de Dios gradu\u00f3 la primera&nbsp; promoci\u00f3n de capellanes, \u201cNaci\u00f3 como parte del deseo de Iglesia de Dios en El Salvador para incidir en el eje de acci\u00f3n social, la capellan\u00eda internacional tiene que ver con el servicio que se puede prestar en diferentes instituciones tanto p\u00fablicas y privadas\u201d expres\u00f3 el pastor Miguel Perdomo, supervisor nacional de Iglesia de Dios en El Salvador.<\/p>\n\n\n\n<p>Haciendo uso de ese deseo genuino por servir en el eje de acci\u00f3n social de la iglesia se trasladaron hacia una de sus filiales al occidente del pais, ubicada en Zapotitan, donde funciona un albergue. <\/p>\n\n\n\n<p>A su vez han estado llevando alimento, recolectando ropa, viveres, palabras de esperanza y aliento en diferentes partes del pais. <\/p>\n","protected":false},"excerpt":{"rendered":"<p>El dia de ayer el liderazgo nacional de Iglesia de Dios en El Salvador apoyaron con viveres y ropa a uno de los albergues. El a\u00f1o pasado Iglesia de Dios gradu\u00f3 la primera&nbsp; promoci\u00f3n de capellanes, \u201cNaci\u00f3 como parte del deseo de Iglesia de Dios en El Salvador para incidir en el eje de acci\u00f3n [&hellip;]<\/p>\n","protected":false},"author":3,"featured_media":9072,"comment_status":"open","ping_status":"open","sticky":false,"template":"","format":"standard","meta":[],"categories":[77],"tags":[],"yoast_head":"<!-- This site is optimized with the Yoast SEO plugin v20.8 - https:\/\/yoast.com\/wordpress\/plugins\/seo\/ -->\n<title>Iglesia de Dios lleva ayuda a Zapotitan - La Prensa Cristiana<\/title>\n<meta name=\"robots\" content=\"index, follow, max-snippet:-1, max-image-preview:large, max-video-preview:-1\" \/>\n<link rel=\"canonical\" href=\"https:\/\/laprensacristiana.com\/?p=9071\" \/>\n<meta property=\"og:locale\" content=\"es_ES\" \/>\n<meta property=\"og:type\" content=\"article\" \/>\n<meta property=\"og:title\" content=\"Iglesia de Dios lleva ayuda a Zapotitan - La Prensa Cristiana\" \/>\n<meta property=\"og:description\" content=\"El dia de ayer el liderazgo nacional de Iglesia de Dios en El Salvador apoyaron con viveres y ropa a uno de los albergues. El a\u00f1o pasado Iglesia de Dios gradu\u00f3 la primera&nbsp; promoci\u00f3n de capellanes, \u201cNaci\u00f3 como parte del deseo de Iglesia de Dios en El Salvador para incidir en el eje de acci\u00f3n [&hellip;]\" \/>\n<meta property=\"og:url\" content=\"https:\/\/laprensacristiana.com\/?p=9071\" \/>\n<meta property=\"og:site_name\" content=\"La Prensa Cristiana\" \/>\n<meta property=\"article:published_time\" content=\"2020-06-06T15:42:57+00:00\" \/>\n<meta property=\"article:modified_time\" content=\"2020-06-06T15:42:59+00:00\" \/>\n<meta property=\"og:image\" content=\"https:\/\/laprensacristiana.com\/wp-content\/uploads\/2020\/06\/IMG-20200605-WA0196.jpg\" \/>\n\t<meta property=\"og:image:width\" content=\"1280\" \/>\n\t<meta property=\"og:image:height\" content=\"720\" \/>\n\t<meta property=\"og:image:type\" content=\"image\/jpeg\" \/>\n<meta name=\"author\" content=\"EDITOR\" \/>\n<meta name=\"twitter:card\" content=\"summary_large_image\" \/>\n<meta name=\"twitter:label1\" content=\"Escrito por\" \/>\n\t<meta name=\"twitter:data1\" content=\"EDITOR\" \/>\n\t<meta name=\"twitter:label2\" content=\"Tiempo de lectura\" \/>\n\t<meta name=\"twitter:data2\" content=\"1 minuto\" \/>\n<script type=\"application\/ld+json\" class=\"yoast-schema-graph\">{\"@context\":\"https:\/\/schema.org\",\"@graph\":[{\"@type\":\"WebPage\",\"@id\":\"https:\/\/laprensacristiana.com\/?p=9071\",\"url\":\"https:\/\/laprensacristiana.com\/?p=9071\",\"name\":\"Iglesia de Dios lleva ayuda a Zapotitan - La Prensa Cristiana\",\"isPartOf\":{\"@id\":\"https:\/\/laprensacristiana.com\/#website\"},\"datePublished\":\"2020-06-06T15:42:57+00:00\",\"dateModified\":\"2020-06-06T15:42:59+00:00\",\"author\":{\"@id\":\"https:\/\/laprensacristiana.com\/#\/schema\/person\/3e7d82c6bfd6b1fa67010f8f7cd5256e\"},\"breadcrumb\":{\"@id\":\"https:\/\/laprensacristiana.com\/?p=9071#breadcrumb\"},\"inLanguage\":\"es\",\"potentialAction\":[{\"@type\":\"ReadAction\",\"target\":[\"https:\/\/laprensacristiana.com\/?p=9071\"]}]},{\"@type\":\"BreadcrumbList\",\"@id\":\"https:\/\/laprensacristiana.com\/?p=9071#breadcrumb\",\"itemListElement\":[{\"@type\":\"ListItem\",\"position\":1,\"name\":\"Portada\",\"item\":\"https:\/\/laprensacristiana.com\/\"},{\"@type\":\"ListItem\",\"position\":2,\"name\":\"Iglesia de Dios lleva ayuda a Zapotitan\"}]},{\"@type\":\"WebSite\",\"@id\":\"https:\/\/laprensacristiana.com\/#website\",\"url\":\"https:\/\/laprensacristiana.com\/\",\"name\":\"La Prensa Cristiana\",\"description\":\"Anunciando Las Buenas Nuevas\",\"potentialAction\":[{\"@type\":\"SearchAction\",\"target\":{\"@type\":\"EntryPoint\",\"urlTemplate\":\"https:\/\/laprensacristiana.com\/?s={search_term_string}\"},\"query-input\":\"required name=search_term_string\"}],\"inLanguage\":\"es\"},{\"@type\":\"Person\",\"@id\":\"https:\/\/laprensacristiana.com\/#\/schema\/person\/3e7d82c6bfd6b1fa67010f8f7cd5256e\",\"name\":\"EDITOR\",\"image\":{\"@type\":\"ImageObject\",\"inLanguage\":\"es\",\"@id\":\"https:\/\/laprensacristiana.com\/#\/schema\/person\/image\/\",\"url\":\"https:\/\/secure.gravatar.com\/avatar\/72069dfb6c13772d9e8381e3638666d2?s=96&d=mm&r=g\",\"contentUrl\":\"https:\/\/secure.gravatar.com\/avatar\/72069dfb6c13772d9e8381e3638666d2?s=96&d=mm&r=g\",\"caption\":\"EDITOR\"},\"url\":\"https:\/\/laprensacristiana.com\/?author=3\"}]}<\/script>\n<!-- \/ Yoast SEO plugin. -->","yoast_head_json":{"title":"Iglesia de Dios lleva ayuda a Zapotitan - La Prensa Cristiana","robots":{"index":"index","follow":"follow","max-snippet":"max-snippet:-1","max-image-preview":"max-image-preview:large","max-video-preview":"max-video-preview:-1"},"canonical":"https:\/\/laprensacristiana.com\/?p=9071","og_locale":"es_ES","og_type":"article","og_title":"Iglesia de Dios lleva ayuda a Zapotitan - La Prensa Cristiana","og_description":"El dia de ayer el liderazgo nacional de Iglesia de Dios en El Salvador apoyaron con viveres y ropa a uno de los albergues. El a\u00f1o pasado Iglesia de Dios gradu\u00f3 la primera&nbsp; promoci\u00f3n de capellanes, \u201cNaci\u00f3 como parte del deseo de Iglesia de Dios en El Salvador para incidir en el eje de acci\u00f3n [&hellip;]","og_url":"https:\/\/laprensacristiana.com\/?p=9071","og_site_name":"La Prensa Cristiana","article_published_time":"2020-06-06T15:42:57+00:00","article_modified_time":"2020-06-06T15:42:59+00:00","og_image":[{"width":1280,"height":720,"url":"https:\/\/laprensacristiana.com\/wp-content\/uploads\/2020\/06\/IMG-20200605-WA0196.jpg","type":"image\/jpeg"}],"author":"EDITOR","twitter_card":"summary_large_image","twitter_misc":{"Escrito por":"EDITOR","Tiempo de lectura":"1 minuto"},"schema":{"@context":"https:\/\/schema.org","@graph":[{"@type":"WebPage","@id":"https:\/\/laprensacristiana.com\/?p=9071","url":"https:\/\/laprensacristiana.com\/?p=9071","name":"Iglesia de Dios lleva ayuda a Zapotitan - La Prensa Cristiana","isPartOf":{"@id":"https:\/\/laprensacristiana.com\/#website"},"datePublished":"2020-06-06T15:42:57+00:00","dateModified":"2020-06-06T15:42:59+00:00","author":{"@id":"https:\/\/laprensacristiana.com\/#\/schema\/person\/3e7d82c6bfd6b1fa67010f8f7cd5256e"},"breadcrumb":{"@id":"https:\/\/laprensacristiana.com\/?p=9071#breadcrumb"},"inLanguage":"es","potentialAction":[{"@type":"ReadAction","target":["https:\/\/laprensacristiana.com\/?p=9071"]}]},{"@type":"BreadcrumbList","@id":"https:\/\/laprensacristiana.com\/?p=9071#breadcrumb","itemListElement":[{"@type":"ListItem","position":1,"name":"Portada","item":"https:\/\/laprensacristiana.com\/"},{"@type":"ListItem","position":2,"name":"Iglesia de Dios lleva ayuda a Zapotitan"}]},{"@type":"WebSite","@id":"https:\/\/laprensacristiana.com\/#website","url":"https:\/\/laprensacristiana.com\/","name":"La Prensa Cristiana","description":"Anunciando Las Buenas Nuevas","potentialAction":[{"@type":"SearchAction","target":{"@type":"EntryPoint","urlTemplate":"https:\/\/laprensacristiana.com\/?s={search_term_string}"},"query-input":"required name=search_term_string"}],"inLanguage":"es"},{"@type":"Person","@id":"https:\/\/laprensacristiana.com\/#\/schema\/person\/3e7d82c6bfd6b1fa67010f8f7cd5256e","name":"EDITOR","image":{"@type":"ImageObject","inLanguage":"es","@id":"https:\/\/laprensacristiana.com\/#\/schema\/person\/image\/","url":"https:\/\/secure.gravatar.com\/avatar\/72069dfb6c13772d9e8381e3638666d2?s=96&d=mm&r=g","contentUrl":"https:\/\/secure.gravatar.com\/avatar\/72069dfb6c13772d9e8381e3638666d2?s=96&d=mm&r=g","caption":"EDITOR"},"url":"https:\/\/laprensacristiana.com\/?author=3"}]}},"_links":{"self":[{"href":"https:\/\/laprensacristiana.com\/index.php?rest_route=\/wp\/v2\/posts\/9071"}],"collection":[{"href":"https:\/\/laprensacristiana.com\/index.php?rest_route=\/wp\/v2\/posts"}],"about":[{"href":"https:\/\/laprensacristiana.com\/index.php?rest_route=\/wp\/v2\/types\/post"}],"author":[{"embeddable":true,"href":"https:\/\/laprensacristiana.com\/index.php?rest_route=\/wp\/v2\/users\/3"}],"replies":[{"embeddable":true,"href":"https:\/\/laprensacristiana.com\/index.php?rest_route=%2Fwp%2Fv2%2Fcomments&post=9071"}],"version-history":[{"count":1,"href":"https:\/\/laprensacristiana.com\/index.php?rest_route=\/wp\/v2\/posts\/9071\/revisions"}],"predecessor-version":[{"id":9073,"href":"https:\/\/laprensacristiana.com\/index.php?rest_route=\/wp\/v2\/posts\/9071\/revisions\/9073"}],"wp:featuredmedia":[{"embeddable":true,"href":"https:\/\/laprensacristiana.com\/index.php?rest_route=\/wp\/v2\/media\/9072"}],"wp:attachment":[{"href":"https:\/\/laprensacristiana.com\/index.php?rest_route=%2Fwp%2Fv2%2Fmedia&parent=9071"}],"wp:term":[{"taxonomy":"category","embeddable":true,"href":"https:\/\/laprensacristiana.com\/index.php?rest_route=%2Fwp%2Fv2%2Fcategories&post=9071"},{"taxonomy":"post_tag","embeddable":true,"href":"https:\/\/laprensacristiana.com\/index.php?rest_route=%2Fwp%2Fv2%2Ftags&post=9071"}],"curies":[{"name":"wp","href":"https:\/\/api.w.org\/{rel}","templated":true}]}}