{"id":9080,"date":"2020-06-07T02:54:28","date_gmt":"2020-06-07T02:54:28","guid":{"rendered":"https:\/\/laprensacristiana.com\/?p=9080"},"modified":"2020-06-07T02:54:31","modified_gmt":"2020-06-07T02:54:31","slug":"buen-tiempo-para-la-seguridad","status":"publish","type":"post","link":"https:\/\/laprensacristiana.com\/?p=9080","title":{"rendered":"Buen tiempo para la seguridad"},"content":{"rendered":"\n<p>Por: Mario Vega \/ Pastor General Misi\u00f3n Cristiana Elim<\/p>\n\n\n\n<p>Si algo positivo se le debe reconocer a la pandemia de Covid 19 es la gran mejor\u00eda que el mundo ha experimentado en el campo de la seguridad. De acuerdo con la Oficina de las Naciones Unidas contra la Droga y el Delito, el mundo vive un descenso in\u00e9dito de los indicadores de seguridad, entre ellos el de la violencia homicida. La ca\u00edda de los homicidios ha ocurrido tanto en pa\u00edses con niveles bajos de violencia como en los tradicionalmente violentos. Por ejemplo, en pa\u00edses de Europa occidental con niveles bajos de violencia, como Alemania, Italia y Espa\u00f1a el crimen ha disminuido a niveles hist\u00f3ricos acerc\u00e1ndose a la tasa cero. Pero, tambi\u00e9n ha ocurrido en pa\u00edses con epidemia cr\u00f3nica de violencia como los del Tri\u00e1ngulo Norte de Centroam\u00e9rica, en donde las pandillas juveniles son un factor de violencia importante. En ellos se ha profundizado la tendencia a la baja que viene desde hace cinco a\u00f1os. En el caso de Guatemala, el pa\u00eds con mayor decrecimiento del \u00e1rea, la tasa de descenso ha sido mucho m\u00e1s pronunciada durante la pandemia que la tendencia de los a\u00f1os anteriores.<\/p>\n\n\n\n<p>La explicaci\u00f3n de la ca\u00edda mundial de la violencia no es dif\u00edcil. La pandemia ha obligado a las naciones a aplicar reg\u00edmenes estrictos de confinamiento y control social. La ausencia de personas en las calles, el cierre del comercio y la mayor presencia de agentes de seguridad son factores que han contribuido a la reducci\u00f3n. Es un buen tiempo para la seguridad. Pero, no hay que pensar que con esto el problema de la violencia est\u00e1 resuelto. En un sondeo de opini\u00f3n realizado por un peri\u00f3dico de nuestro pa\u00eds hace dos semanas, apenas el 0.9% de los encuestados manifest\u00f3 que el principal problema del pa\u00eds es la seguridad p\u00fablica. En la percepci\u00f3n de la ciudadan\u00eda, la violencia ha dejado de ser una preocupaci\u00f3n. Pero las medidas de confinamiento y de control social no ser\u00e1n para siempre. Una vez se relajen o desaparezcan, la violencia volver\u00e1 a manifestarse, pues sus ra\u00edces siguen estando all\u00ed y, lejos de haber sido resueltas, se han vuelto a\u00fan m\u00e1s complejas.<\/p>\n\n\n\n<p>Las causas de la violencia son de car\u00e1cter estructural y est\u00e1n estrechamente relacionadas con las condiciones de marginaci\u00f3n y pobreza. Con las medidas de confinamiento estricto, la econom\u00eda ha sido fuertemente afectada. La crisis econ\u00f3mica que sigue a la pandemia crear\u00e1 millares de desempleados y nuevos pobres, en tanto que quienes ya viv\u00edan en los m\u00e1rgenes ver\u00e1n su situaci\u00f3n agravada. Con la ca\u00edda de las remesas y las rutas migratorias militarizadas, las condiciones de exclusi\u00f3n se agudizar\u00e1n. M\u00e1s ni\u00f1os y j\u00f3venes se ver\u00e1n tentados por la violencia como promesa para recuperar la estima. Para no quedarse de brazos cruzados esperando el rebote violento, es aconsejable unir a la atenci\u00f3n de la crisis de salud la intervenci\u00f3n en las comunidades de riesgo que, como se dijo en anterior ocasi\u00f3n, ser\u00e1n los focos de ambas crisis. Para ello se deben elaborar pol\u00edticas p\u00fablicas integrales que desmonten los factores de riesgo de la violencia. Eso no es f\u00e1cil en los momentos actuales cuando existen prioridades de salud y alimentaci\u00f3n. Pero, la atenci\u00f3n que se brinde a esas prioridades es un paso inicial importante para romper con el olvido de las comunidades; otros pasos a seguir ser\u00edan las mejoras educativas, de entornos, de servicios y de oportunidades laborales. Esas acciones son las que, al final de todo, marcar\u00e1n la diferencia entre mitigar el problema de la violencia o solamente colocarle una tapadera provisional.<\/p>\n","protected":false},"excerpt":{"rendered":"<p>Por: Mario Vega \/ Pastor General Misi\u00f3n Cristiana Elim Si algo positivo se le debe reconocer a la pandemia de Covid 19 es la gran mejor\u00eda que el mundo ha experimentado en el campo de la seguridad. De acuerdo con la Oficina de las Naciones Unidas contra la Droga y el Delito, el mundo vive [&hellip;]<\/p>\n","protected":false},"author":3,"featured_media":6072,"comment_status":"open","ping_status":"open","sticky":false,"template":"","format":"standard","meta":[],"categories":[23],"tags":[],"yoast_head":"<!-- This site is optimized with the Yoast SEO plugin v20.8 - https:\/\/yoast.com\/wordpress\/plugins\/seo\/ -->\n<title>Buen tiempo para la seguridad - La Prensa Cristiana<\/title>\n<meta name=\"robots\" content=\"index, follow, max-snippet:-1, max-image-preview:large, max-video-preview:-1\" \/>\n<link rel=\"canonical\" href=\"https:\/\/laprensacristiana.com\/?p=9080\" \/>\n<meta property=\"og:locale\" content=\"es_ES\" \/>\n<meta property=\"og:type\" content=\"article\" \/>\n<meta property=\"og:title\" content=\"Buen tiempo para la seguridad - La Prensa Cristiana\" \/>\n<meta property=\"og:description\" content=\"Por: Mario Vega \/ Pastor General Misi\u00f3n Cristiana Elim Si algo positivo se le debe reconocer a la pandemia de Covid 19 es la gran mejor\u00eda que el mundo ha experimentado en el campo de la seguridad. De acuerdo con la Oficina de las Naciones Unidas contra la Droga y el Delito, el mundo vive [&hellip;]\" \/>\n<meta property=\"og:url\" content=\"https:\/\/laprensacristiana.com\/?p=9080\" \/>\n<meta property=\"og:site_name\" content=\"La Prensa Cristiana\" \/>\n<meta property=\"article:published_time\" content=\"2020-06-07T02:54:28+00:00\" \/>\n<meta property=\"article:modified_time\" content=\"2020-06-07T02:54:31+00:00\" \/>\n<meta property=\"og:image\" content=\"https:\/\/laprensacristiana.com\/wp-content\/uploads\/2019\/06\/OPINION-01-scaled.jpg\" \/>\n\t<meta property=\"og:image:width\" content=\"2560\" \/>\n\t<meta property=\"og:image:height\" content=\"1429\" \/>\n\t<meta property=\"og:image:type\" content=\"image\/jpeg\" \/>\n<meta name=\"author\" content=\"EDITOR\" \/>\n<meta name=\"twitter:card\" content=\"summary_large_image\" \/>\n<meta name=\"twitter:label1\" content=\"Escrito por\" \/>\n\t<meta name=\"twitter:data1\" content=\"EDITOR\" \/>\n\t<meta name=\"twitter:label2\" content=\"Tiempo de lectura\" \/>\n\t<meta name=\"twitter:data2\" content=\"3 minutos\" \/>\n<script type=\"application\/ld+json\" class=\"yoast-schema-graph\">{\"@context\":\"https:\/\/schema.org\",\"@graph\":[{\"@type\":\"WebPage\",\"@id\":\"https:\/\/laprensacristiana.com\/?p=9080\",\"url\":\"https:\/\/laprensacristiana.com\/?p=9080\",\"name\":\"Buen tiempo para la seguridad - La Prensa Cristiana\",\"isPartOf\":{\"@id\":\"https:\/\/laprensacristiana.com\/#website\"},\"datePublished\":\"2020-06-07T02:54:28+00:00\",\"dateModified\":\"2020-06-07T02:54:31+00:00\",\"author\":{\"@id\":\"https:\/\/laprensacristiana.com\/#\/schema\/person\/3e7d82c6bfd6b1fa67010f8f7cd5256e\"},\"breadcrumb\":{\"@id\":\"https:\/\/laprensacristiana.com\/?p=9080#breadcrumb\"},\"inLanguage\":\"es\",\"potentialAction\":[{\"@type\":\"ReadAction\",\"target\":[\"https:\/\/laprensacristiana.com\/?p=9080\"]}]},{\"@type\":\"BreadcrumbList\",\"@id\":\"https:\/\/laprensacristiana.com\/?p=9080#breadcrumb\",\"itemListElement\":[{\"@type\":\"ListItem\",\"position\":1,\"name\":\"Portada\",\"item\":\"https:\/\/laprensacristiana.com\/\"},{\"@type\":\"ListItem\",\"position\":2,\"name\":\"Buen tiempo para la seguridad\"}]},{\"@type\":\"WebSite\",\"@id\":\"https:\/\/laprensacristiana.com\/#website\",\"url\":\"https:\/\/laprensacristiana.com\/\",\"name\":\"La Prensa Cristiana\",\"description\":\"Anunciando Las Buenas Nuevas\",\"potentialAction\":[{\"@type\":\"SearchAction\",\"target\":{\"@type\":\"EntryPoint\",\"urlTemplate\":\"https:\/\/laprensacristiana.com\/?s={search_term_string}\"},\"query-input\":\"required name=search_term_string\"}],\"inLanguage\":\"es\"},{\"@type\":\"Person\",\"@id\":\"https:\/\/laprensacristiana.com\/#\/schema\/person\/3e7d82c6bfd6b1fa67010f8f7cd5256e\",\"name\":\"EDITOR\",\"image\":{\"@type\":\"ImageObject\",\"inLanguage\":\"es\",\"@id\":\"https:\/\/laprensacristiana.com\/#\/schema\/person\/image\/\",\"url\":\"https:\/\/secure.gravatar.com\/avatar\/72069dfb6c13772d9e8381e3638666d2?s=96&d=mm&r=g\",\"contentUrl\":\"https:\/\/secure.gravatar.com\/avatar\/72069dfb6c13772d9e8381e3638666d2?s=96&d=mm&r=g\",\"caption\":\"EDITOR\"},\"url\":\"https:\/\/laprensacristiana.com\/?author=3\"}]}<\/script>\n<!-- \/ Yoast SEO plugin. -->","yoast_head_json":{"title":"Buen tiempo para la seguridad - La Prensa Cristiana","robots":{"index":"index","follow":"follow","max-snippet":"max-snippet:-1","max-image-preview":"max-image-preview:large","max-video-preview":"max-video-preview:-1"},"canonical":"https:\/\/laprensacristiana.com\/?p=9080","og_locale":"es_ES","og_type":"article","og_title":"Buen tiempo para la seguridad - La Prensa Cristiana","og_description":"Por: Mario Vega \/ Pastor General Misi\u00f3n Cristiana Elim Si algo positivo se le debe reconocer a la pandemia de Covid 19 es la gran mejor\u00eda que el mundo ha experimentado en el campo de la seguridad. De acuerdo con la Oficina de las Naciones Unidas contra la Droga y el Delito, el mundo vive [&hellip;]","og_url":"https:\/\/laprensacristiana.com\/?p=9080","og_site_name":"La Prensa Cristiana","article_published_time":"2020-06-07T02:54:28+00:00","article_modified_time":"2020-06-07T02:54:31+00:00","og_image":[{"width":2560,"height":1429,"url":"https:\/\/laprensacristiana.com\/wp-content\/uploads\/2019\/06\/OPINION-01-scaled.jpg","type":"image\/jpeg"}],"author":"EDITOR","twitter_card":"summary_large_image","twitter_misc":{"Escrito por":"EDITOR","Tiempo de lectura":"3 minutos"},"schema":{"@context":"https:\/\/schema.org","@graph":[{"@type":"WebPage","@id":"https:\/\/laprensacristiana.com\/?p=9080","url":"https:\/\/laprensacristiana.com\/?p=9080","name":"Buen tiempo para la seguridad - La Prensa Cristiana","isPartOf":{"@id":"https:\/\/laprensacristiana.com\/#website"},"datePublished":"2020-06-07T02:54:28+00:00","dateModified":"2020-06-07T02:54:31+00:00","author":{"@id":"https:\/\/laprensacristiana.com\/#\/schema\/person\/3e7d82c6bfd6b1fa67010f8f7cd5256e"},"breadcrumb":{"@id":"https:\/\/laprensacristiana.com\/?p=9080#breadcrumb"},"inLanguage":"es","potentialAction":[{"@type":"ReadAction","target":["https:\/\/laprensacristiana.com\/?p=9080"]}]},{"@type":"BreadcrumbList","@id":"https:\/\/laprensacristiana.com\/?p=9080#breadcrumb","itemListElement":[{"@type":"ListItem","position":1,"name":"Portada","item":"https:\/\/laprensacristiana.com\/"},{"@type":"ListItem","position":2,"name":"Buen tiempo para la seguridad"}]},{"@type":"WebSite","@id":"https:\/\/laprensacristiana.com\/#website","url":"https:\/\/laprensacristiana.com\/","name":"La Prensa Cristiana","description":"Anunciando Las Buenas Nuevas","potentialAction":[{"@type":"SearchAction","target":{"@type":"EntryPoint","urlTemplate":"https:\/\/laprensacristiana.com\/?s={search_term_string}"},"query-input":"required name=search_term_string"}],"inLanguage":"es"},{"@type":"Person","@id":"https:\/\/laprensacristiana.com\/#\/schema\/person\/3e7d82c6bfd6b1fa67010f8f7cd5256e","name":"EDITOR","image":{"@type":"ImageObject","inLanguage":"es","@id":"https:\/\/laprensacristiana.com\/#\/schema\/person\/image\/","url":"https:\/\/secure.gravatar.com\/avatar\/72069dfb6c13772d9e8381e3638666d2?s=96&d=mm&r=g","contentUrl":"https:\/\/secure.gravatar.com\/avatar\/72069dfb6c13772d9e8381e3638666d2?s=96&d=mm&r=g","caption":"EDITOR"},"url":"https:\/\/laprensacristiana.com\/?author=3"}]}},"_links":{"self":[{"href":"https:\/\/laprensacristiana.com\/index.php?rest_route=\/wp\/v2\/posts\/9080"}],"collection":[{"href":"https:\/\/laprensacristiana.com\/index.php?rest_route=\/wp\/v2\/posts"}],"about":[{"href":"https:\/\/laprensacristiana.com\/index.php?rest_route=\/wp\/v2\/types\/post"}],"author":[{"embeddable":true,"href":"https:\/\/laprensacristiana.com\/index.php?rest_route=\/wp\/v2\/users\/3"}],"replies":[{"embeddable":true,"href":"https:\/\/laprensacristiana.com\/index.php?rest_route=%2Fwp%2Fv2%2Fcomments&post=9080"}],"version-history":[{"count":1,"href":"https:\/\/laprensacristiana.com\/index.php?rest_route=\/wp\/v2\/posts\/9080\/revisions"}],"predecessor-version":[{"id":9081,"href":"https:\/\/laprensacristiana.com\/index.php?rest_route=\/wp\/v2\/posts\/9080\/revisions\/9081"}],"wp:featuredmedia":[{"embeddable":true,"href":"https:\/\/laprensacristiana.com\/index.php?rest_route=\/wp\/v2\/media\/6072"}],"wp:attachment":[{"href":"https:\/\/laprensacristiana.com\/index.php?rest_route=%2Fwp%2Fv2%2Fmedia&parent=9080"}],"wp:term":[{"taxonomy":"category","embeddable":true,"href":"https:\/\/laprensacristiana.com\/index.php?rest_route=%2Fwp%2Fv2%2Fcategories&post=9080"},{"taxonomy":"post_tag","embeddable":true,"href":"https:\/\/laprensacristiana.com\/index.php?rest_route=%2Fwp%2Fv2%2Ftags&post=9080"}],"curies":[{"name":"wp","href":"https:\/\/api.w.org\/{rel}","templated":true}]}}