{"id":9084,"date":"2020-06-07T22:46:17","date_gmt":"2020-06-07T22:46:17","guid":{"rendered":"https:\/\/laprensacristiana.com\/?p=9084"},"modified":"2020-06-09T15:51:25","modified_gmt":"2020-06-09T15:51:25","slug":"evangelicos-constituyen-la-iglesia-preferida-de-los-salvadorenos-segun-encuesta","status":"publish","type":"post","link":"https:\/\/laprensacristiana.com\/?p=9084","title":{"rendered":"Evang\u00e9licos constituyen la iglesia preferida de los salvadore\u00f1os seg\u00fan encuesta"},"content":{"rendered":"\n<p>Recientemente la casa encuestadora Cid Gallup lanz\u00f3 un estudio de opini\u00f3n publica en el que eval\u00faan la situaci\u00f3n actual del pa\u00eds, el gobierno actual, la pandemia Covid-19, pero tambi\u00e9n destaca un apartado sobre religi\u00f3n. <\/p>\n\n\n\n<figure class=\"wp-block-image\"><img alt=\"\"\/><\/figure>\n\n\n\n<figure class=\"wp-block-image\"><img decoding=\"async\" loading=\"lazy\" width=\"720\" height=\"720\" src=\"https:\/\/laprensacristiana.com\/wp-content\/uploads\/2020\/06\/FB_IMG_1591717705629.jpg\" alt=\"\" class=\"wp-image-9170\" srcset=\"https:\/\/laprensacristiana.com\/wp-content\/uploads\/2020\/06\/FB_IMG_1591717705629.jpg 720w, https:\/\/laprensacristiana.com\/wp-content\/uploads\/2020\/06\/FB_IMG_1591717705629-150x150.jpg 150w, https:\/\/laprensacristiana.com\/wp-content\/uploads\/2020\/06\/FB_IMG_1591717705629-300x300.jpg 300w, https:\/\/laprensacristiana.com\/wp-content\/uploads\/2020\/06\/FB_IMG_1591717705629-696x696.jpg 696w, https:\/\/laprensacristiana.com\/wp-content\/uploads\/2020\/06\/FB_IMG_1591717705629-600x600.jpg 600w, https:\/\/laprensacristiana.com\/wp-content\/uploads\/2020\/06\/FB_IMG_1591717705629-100x100.jpg 100w\" sizes=\"(max-width: 720px) 100vw, 720px\" \/><\/figure>\n\n\n\n<p><\/p>\n\n\n\n<p><strong>RELIGI\u00d3N\nEN LA QUE NACI\u00d3<\/strong><\/p>\n\n\n\n<p>\u201cEn una sola generaci\u00f3n la iglesia cat\u00f3lica ha perdido 17 por ciento de sus feligreses y pasar a ser la religi\u00f3n n\u00famero dos de El Salvador. Ahora los evang\u00e9licos constituyen la religi\u00f3n preferida de los salvadore\u00f1os. Del total de adultos casi tres de cada cinco dicen haber nacido bajo el liderazgo apost\u00f3lico romano. La p\u00e9rdida de fieles del catolicismo es interesante verla a trav\u00e9s de los a\u00f1os y el saber que mientras un 66% de los mayores de 40 a\u00f1os nacieron cat\u00f3licos, entre los menores de 24 a\u00f1os solo el 38% lo hizo\u201d data la encuesta en uno de sus apartados. <\/p>\n\n\n\n<figure class=\"wp-block-image\"><img decoding=\"async\" loading=\"lazy\" width=\"1024\" height=\"639\" src=\"https:\/\/laprensacristiana.com\/wp-content\/uploads\/2020\/06\/1-1024x639.jpg\" alt=\"\" class=\"wp-image-9085\" srcset=\"https:\/\/laprensacristiana.com\/wp-content\/uploads\/2020\/06\/1-1024x639.jpg 1024w, https:\/\/laprensacristiana.com\/wp-content\/uploads\/2020\/06\/1-300x187.jpg 300w, https:\/\/laprensacristiana.com\/wp-content\/uploads\/2020\/06\/1-768x479.jpg 768w, https:\/\/laprensacristiana.com\/wp-content\/uploads\/2020\/06\/1-1536x958.jpg 1536w, https:\/\/laprensacristiana.com\/wp-content\/uploads\/2020\/06\/1-696x434.jpg 696w, https:\/\/laprensacristiana.com\/wp-content\/uploads\/2020\/06\/1-1068x666.jpg 1068w, https:\/\/laprensacristiana.com\/wp-content\/uploads\/2020\/06\/1-600x374.jpg 600w, https:\/\/laprensacristiana.com\/wp-content\/uploads\/2020\/06\/1.jpg 1670w\" sizes=\"(max-width: 1024px) 100vw, 1024px\" \/><\/figure>\n\n\n\n<p><strong>O<\/strong><strong>TROS TEMAS SOBRE LA RELIGI\u00d3N <\/strong><\/p>\n\n\n\n<p><em>Pregunta: \u00bfQui\u00e9n cree usted que es m\u00e1s\n\u201cpecador\u201d\u2014si cree que hay pecadores? \u00bfEl hombre o la mujer?, Otra vez el tema\nde la religi\u00f3n. \u00bfEst\u00e1 usted de acuerdo o en desacuerdo con la Iglesia Cat\u00f3lica\nque solo permita a hombres ser sacerdotes?, \u00bfEn cu\u00e1l religi\u00f3n se encuentra a la\nmujer en desventaja con el hombre? <\/em><\/p>\n\n\n\n<p>Al consultar sobre algunos temas generales de religi\u00f3n, los salvadore\u00f1os consideran que aunque tanto el hombre como la mujer son pecadores, el hombre tiende a faltar con mayor frecuencia a los mandamientos de Dios. Adem\u00e1s, la gente est\u00e1 de acuerdo con que solo los hombres sean ordenados sacerdotes, mas consideran que las mujeres se encuentran en desventaja con los hombres en las diversas religiones.<\/p>\n\n\n\n<figure class=\"wp-block-image\"><img decoding=\"async\" loading=\"lazy\" width=\"1024\" height=\"773\" src=\"https:\/\/laprensacristiana.com\/wp-content\/uploads\/2020\/06\/2-1-1024x773.jpg\" alt=\"\" class=\"wp-image-9087\" srcset=\"https:\/\/laprensacristiana.com\/wp-content\/uploads\/2020\/06\/2-1-1024x773.jpg 1024w, https:\/\/laprensacristiana.com\/wp-content\/uploads\/2020\/06\/2-1-300x226.jpg 300w, https:\/\/laprensacristiana.com\/wp-content\/uploads\/2020\/06\/2-1-768x580.jpg 768w, https:\/\/laprensacristiana.com\/wp-content\/uploads\/2020\/06\/2-1-1536x1160.jpg 1536w, https:\/\/laprensacristiana.com\/wp-content\/uploads\/2020\/06\/2-1-2048x1546.jpg 2048w, https:\/\/laprensacristiana.com\/wp-content\/uploads\/2020\/06\/2-1-696x525.jpg 696w, https:\/\/laprensacristiana.com\/wp-content\/uploads\/2020\/06\/2-1-1068x806.jpg 1068w, https:\/\/laprensacristiana.com\/wp-content\/uploads\/2020\/06\/2-1-1920x1450.jpg 1920w, https:\/\/laprensacristiana.com\/wp-content\/uploads\/2020\/06\/2-1-600x453.jpg 600w\" sizes=\"(max-width: 1024px) 100vw, 1024px\" \/><\/figure>\n\n\n\n<p><strong>A<\/strong><strong>SISTENCIA A SERVICIOS RELIGIOSOS <\/strong><\/p>\n\n\n\n<p><em>Pregunta: En un mes t\u00edpico \u00bfcon qu\u00e9 frecuencia\nasiste a servicios religiosos o misa?, Cuando usted asiste al culto, servicio,\nmisa, \u00bfentrega alguna ofrenda de dinero? <\/em><\/p>\n\n\n\n<p>Los cat\u00f3licos y otros cristianos dicen asistir a servicios religiosos. Sin embargo, hay una significativa diferencia entre los primeros y los segundos, siendo los protestantes mucho m\u00e1s constantes en sus participaciones, indicando en promedio 11.27 veces al mes (cat\u00f3licos 3.28\/mes). Incluso, en el 56% de los casos los protestantes dicen participar en actividades de \u00edndole religioso cinco o m\u00e1s veces al mes.<\/p>\n\n\n\n<figure class=\"wp-block-image\"><img decoding=\"async\" loading=\"lazy\" width=\"1024\" height=\"652\" src=\"https:\/\/laprensacristiana.com\/wp-content\/uploads\/2020\/06\/3-1024x652.jpg\" alt=\"\" class=\"wp-image-9086\" srcset=\"https:\/\/laprensacristiana.com\/wp-content\/uploads\/2020\/06\/3-1024x652.jpg 1024w, https:\/\/laprensacristiana.com\/wp-content\/uploads\/2020\/06\/3-300x191.jpg 300w, https:\/\/laprensacristiana.com\/wp-content\/uploads\/2020\/06\/3-768x489.jpg 768w, https:\/\/laprensacristiana.com\/wp-content\/uploads\/2020\/06\/3-1536x978.jpg 1536w, https:\/\/laprensacristiana.com\/wp-content\/uploads\/2020\/06\/3-696x443.jpg 696w, https:\/\/laprensacristiana.com\/wp-content\/uploads\/2020\/06\/3-1068x680.jpg 1068w, https:\/\/laprensacristiana.com\/wp-content\/uploads\/2020\/06\/3-1920x1223.jpg 1920w, https:\/\/laprensacristiana.com\/wp-content\/uploads\/2020\/06\/3-600x382.jpg 600w, https:\/\/laprensacristiana.com\/wp-content\/uploads\/2020\/06\/3.jpg 2038w\" sizes=\"(max-width: 1024px) 100vw, 1024px\" \/><\/figure>\n\n\n\n<p>Cabe\ndestacar que la Iglesia Evang\u00e9lica ha incrementado su brazo social en los \u00faltimos\na\u00f1os. <\/p>\n","protected":false},"excerpt":{"rendered":"<p>Recientemente la casa encuestadora Cid Gallup lanz\u00f3 un estudio de opini\u00f3n publica en el que eval\u00faan la situaci\u00f3n actual del pa\u00eds, el gobierno actual, la pandemia Covid-19, pero tambi\u00e9n destaca un apartado sobre religi\u00f3n. RELIGI\u00d3N EN LA QUE NACI\u00d3 \u201cEn una sola generaci\u00f3n la iglesia cat\u00f3lica ha perdido 17 por ciento de sus feligreses y [&hellip;]<\/p>\n","protected":false},"author":3,"featured_media":9088,"comment_status":"open","ping_status":"open","sticky":false,"template":"","format":"standard","meta":[],"categories":[56],"tags":[],"yoast_head":"<!-- This site is optimized with the Yoast SEO plugin v20.8 - https:\/\/yoast.com\/wordpress\/plugins\/seo\/ -->\n<title>Evang\u00e9licos constituyen la iglesia preferida de los salvadore\u00f1os seg\u00fan encuesta - La Prensa Cristiana<\/title>\n<meta name=\"robots\" content=\"index, follow, max-snippet:-1, max-image-preview:large, max-video-preview:-1\" \/>\n<link rel=\"canonical\" href=\"https:\/\/laprensacristiana.com\/?p=9084\" \/>\n<meta property=\"og:locale\" content=\"es_ES\" \/>\n<meta property=\"og:type\" content=\"article\" \/>\n<meta property=\"og:title\" content=\"Evang\u00e9licos constituyen la iglesia preferida de los salvadore\u00f1os seg\u00fan encuesta - La Prensa Cristiana\" \/>\n<meta property=\"og:description\" content=\"Recientemente la casa encuestadora Cid Gallup lanz\u00f3 un estudio de opini\u00f3n publica en el que eval\u00faan la situaci\u00f3n actual del pa\u00eds, el gobierno actual, la pandemia Covid-19, pero tambi\u00e9n destaca un apartado sobre religi\u00f3n. RELIGI\u00d3N EN LA QUE NACI\u00d3 \u201cEn una sola generaci\u00f3n la iglesia cat\u00f3lica ha perdido 17 por ciento de sus feligreses y [&hellip;]\" \/>\n<meta property=\"og:url\" content=\"https:\/\/laprensacristiana.com\/?p=9084\" \/>\n<meta property=\"og:site_name\" content=\"La Prensa Cristiana\" \/>\n<meta property=\"article:published_time\" content=\"2020-06-07T22:46:17+00:00\" \/>\n<meta property=\"article:modified_time\" content=\"2020-06-09T15:51:25+00:00\" \/>\n<meta property=\"og:image\" content=\"https:\/\/laprensacristiana.com\/wp-content\/uploads\/2020\/06\/2-1-696x464.jpg\" \/>\n\t<meta property=\"og:image:width\" content=\"696\" \/>\n\t<meta property=\"og:image:height\" content=\"464\" \/>\n\t<meta property=\"og:image:type\" content=\"image\/jpeg\" \/>\n<meta name=\"author\" content=\"EDITOR\" \/>\n<meta name=\"twitter:card\" content=\"summary_large_image\" \/>\n<meta name=\"twitter:label1\" content=\"Escrito por\" \/>\n\t<meta name=\"twitter:data1\" content=\"EDITOR\" \/>\n\t<meta name=\"twitter:label2\" content=\"Tiempo de lectura\" \/>\n\t<meta name=\"twitter:data2\" content=\"2 minutos\" \/>\n<script type=\"application\/ld+json\" class=\"yoast-schema-graph\">{\"@context\":\"https:\/\/schema.org\",\"@graph\":[{\"@type\":\"WebPage\",\"@id\":\"https:\/\/laprensacristiana.com\/?p=9084\",\"url\":\"https:\/\/laprensacristiana.com\/?p=9084\",\"name\":\"Evang\u00e9licos constituyen la iglesia preferida de los salvadore\u00f1os seg\u00fan encuesta - La Prensa Cristiana\",\"isPartOf\":{\"@id\":\"https:\/\/laprensacristiana.com\/#website\"},\"datePublished\":\"2020-06-07T22:46:17+00:00\",\"dateModified\":\"2020-06-09T15:51:25+00:00\",\"author\":{\"@id\":\"https:\/\/laprensacristiana.com\/#\/schema\/person\/3e7d82c6bfd6b1fa67010f8f7cd5256e\"},\"breadcrumb\":{\"@id\":\"https:\/\/laprensacristiana.com\/?p=9084#breadcrumb\"},\"inLanguage\":\"es\",\"potentialAction\":[{\"@type\":\"ReadAction\",\"target\":[\"https:\/\/laprensacristiana.com\/?p=9084\"]}]},{\"@type\":\"BreadcrumbList\",\"@id\":\"https:\/\/laprensacristiana.com\/?p=9084#breadcrumb\",\"itemListElement\":[{\"@type\":\"ListItem\",\"position\":1,\"name\":\"Portada\",\"item\":\"https:\/\/laprensacristiana.com\/\"},{\"@type\":\"ListItem\",\"position\":2,\"name\":\"Evang\u00e9licos constituyen la iglesia preferida de los salvadore\u00f1os seg\u00fan encuesta\"}]},{\"@type\":\"WebSite\",\"@id\":\"https:\/\/laprensacristiana.com\/#website\",\"url\":\"https:\/\/laprensacristiana.com\/\",\"name\":\"La Prensa Cristiana\",\"description\":\"Anunciando Las Buenas Nuevas\",\"potentialAction\":[{\"@type\":\"SearchAction\",\"target\":{\"@type\":\"EntryPoint\",\"urlTemplate\":\"https:\/\/laprensacristiana.com\/?s={search_term_string}\"},\"query-input\":\"required name=search_term_string\"}],\"inLanguage\":\"es\"},{\"@type\":\"Person\",\"@id\":\"https:\/\/laprensacristiana.com\/#\/schema\/person\/3e7d82c6bfd6b1fa67010f8f7cd5256e\",\"name\":\"EDITOR\",\"image\":{\"@type\":\"ImageObject\",\"inLanguage\":\"es\",\"@id\":\"https:\/\/laprensacristiana.com\/#\/schema\/person\/image\/\",\"url\":\"https:\/\/secure.gravatar.com\/avatar\/72069dfb6c13772d9e8381e3638666d2?s=96&d=mm&r=g\",\"contentUrl\":\"https:\/\/secure.gravatar.com\/avatar\/72069dfb6c13772d9e8381e3638666d2?s=96&d=mm&r=g\",\"caption\":\"EDITOR\"},\"url\":\"https:\/\/laprensacristiana.com\/?author=3\"}]}<\/script>\n<!-- \/ Yoast SEO plugin. -->","yoast_head_json":{"title":"Evang\u00e9licos constituyen la iglesia preferida de los salvadore\u00f1os seg\u00fan encuesta - La Prensa Cristiana","robots":{"index":"index","follow":"follow","max-snippet":"max-snippet:-1","max-image-preview":"max-image-preview:large","max-video-preview":"max-video-preview:-1"},"canonical":"https:\/\/laprensacristiana.com\/?p=9084","og_locale":"es_ES","og_type":"article","og_title":"Evang\u00e9licos constituyen la iglesia preferida de los salvadore\u00f1os seg\u00fan encuesta - La Prensa Cristiana","og_description":"Recientemente la casa encuestadora Cid Gallup lanz\u00f3 un estudio de opini\u00f3n publica en el que eval\u00faan la situaci\u00f3n actual del pa\u00eds, el gobierno actual, la pandemia Covid-19, pero tambi\u00e9n destaca un apartado sobre religi\u00f3n. RELIGI\u00d3N EN LA QUE NACI\u00d3 \u201cEn una sola generaci\u00f3n la iglesia cat\u00f3lica ha perdido 17 por ciento de sus feligreses y [&hellip;]","og_url":"https:\/\/laprensacristiana.com\/?p=9084","og_site_name":"La Prensa Cristiana","article_published_time":"2020-06-07T22:46:17+00:00","article_modified_time":"2020-06-09T15:51:25+00:00","og_image":[{"width":696,"height":464,"url":"https:\/\/laprensacristiana.com\/wp-content\/uploads\/2020\/06\/2-1-696x464.jpg","type":"image\/jpeg"}],"author":"EDITOR","twitter_card":"summary_large_image","twitter_misc":{"Escrito por":"EDITOR","Tiempo de lectura":"2 minutos"},"schema":{"@context":"https:\/\/schema.org","@graph":[{"@type":"WebPage","@id":"https:\/\/laprensacristiana.com\/?p=9084","url":"https:\/\/laprensacristiana.com\/?p=9084","name":"Evang\u00e9licos constituyen la iglesia preferida de los salvadore\u00f1os seg\u00fan encuesta - La Prensa Cristiana","isPartOf":{"@id":"https:\/\/laprensacristiana.com\/#website"},"datePublished":"2020-06-07T22:46:17+00:00","dateModified":"2020-06-09T15:51:25+00:00","author":{"@id":"https:\/\/laprensacristiana.com\/#\/schema\/person\/3e7d82c6bfd6b1fa67010f8f7cd5256e"},"breadcrumb":{"@id":"https:\/\/laprensacristiana.com\/?p=9084#breadcrumb"},"inLanguage":"es","potentialAction":[{"@type":"ReadAction","target":["https:\/\/laprensacristiana.com\/?p=9084"]}]},{"@type":"BreadcrumbList","@id":"https:\/\/laprensacristiana.com\/?p=9084#breadcrumb","itemListElement":[{"@type":"ListItem","position":1,"name":"Portada","item":"https:\/\/laprensacristiana.com\/"},{"@type":"ListItem","position":2,"name":"Evang\u00e9licos constituyen la iglesia preferida de los salvadore\u00f1os seg\u00fan encuesta"}]},{"@type":"WebSite","@id":"https:\/\/laprensacristiana.com\/#website","url":"https:\/\/laprensacristiana.com\/","name":"La Prensa Cristiana","description":"Anunciando Las Buenas Nuevas","potentialAction":[{"@type":"SearchAction","target":{"@type":"EntryPoint","urlTemplate":"https:\/\/laprensacristiana.com\/?s={search_term_string}"},"query-input":"required name=search_term_string"}],"inLanguage":"es"},{"@type":"Person","@id":"https:\/\/laprensacristiana.com\/#\/schema\/person\/3e7d82c6bfd6b1fa67010f8f7cd5256e","name":"EDITOR","image":{"@type":"ImageObject","inLanguage":"es","@id":"https:\/\/laprensacristiana.com\/#\/schema\/person\/image\/","url":"https:\/\/secure.gravatar.com\/avatar\/72069dfb6c13772d9e8381e3638666d2?s=96&d=mm&r=g","contentUrl":"https:\/\/secure.gravatar.com\/avatar\/72069dfb6c13772d9e8381e3638666d2?s=96&d=mm&r=g","caption":"EDITOR"},"url":"https:\/\/laprensacristiana.com\/?author=3"}]}},"_links":{"self":[{"href":"https:\/\/laprensacristiana.com\/index.php?rest_route=\/wp\/v2\/posts\/9084"}],"collection":[{"href":"https:\/\/laprensacristiana.com\/index.php?rest_route=\/wp\/v2\/posts"}],"about":[{"href":"https:\/\/laprensacristiana.com\/index.php?rest_route=\/wp\/v2\/types\/post"}],"author":[{"embeddable":true,"href":"https:\/\/laprensacristiana.com\/index.php?rest_route=\/wp\/v2\/users\/3"}],"replies":[{"embeddable":true,"href":"https:\/\/laprensacristiana.com\/index.php?rest_route=%2Fwp%2Fv2%2Fcomments&post=9084"}],"version-history":[{"count":2,"href":"https:\/\/laprensacristiana.com\/index.php?rest_route=\/wp\/v2\/posts\/9084\/revisions"}],"predecessor-version":[{"id":9171,"href":"https:\/\/laprensacristiana.com\/index.php?rest_route=\/wp\/v2\/posts\/9084\/revisions\/9171"}],"wp:featuredmedia":[{"embeddable":true,"href":"https:\/\/laprensacristiana.com\/index.php?rest_route=\/wp\/v2\/media\/9088"}],"wp:attachment":[{"href":"https:\/\/laprensacristiana.com\/index.php?rest_route=%2Fwp%2Fv2%2Fmedia&parent=9084"}],"wp:term":[{"taxonomy":"category","embeddable":true,"href":"https:\/\/laprensacristiana.com\/index.php?rest_route=%2Fwp%2Fv2%2Fcategories&post=9084"},{"taxonomy":"post_tag","embeddable":true,"href":"https:\/\/laprensacristiana.com\/index.php?rest_route=%2Fwp%2Fv2%2Ftags&post=9084"}],"curies":[{"name":"wp","href":"https:\/\/api.w.org\/{rel}","templated":true}]}}