{"id":9165,"date":"2020-06-09T15:29:31","date_gmt":"2020-06-09T15:29:31","guid":{"rendered":"https:\/\/laprensacristiana.com\/?p=9165"},"modified":"2020-06-09T15:50:16","modified_gmt":"2020-06-09T15:50:16","slug":"alianza-evangelica-de-guatemala-llama-a-evitar-confrontaciones","status":"publish","type":"post","link":"https:\/\/laprensacristiana.com\/?p=9165","title":{"rendered":"Alianza Evang\u00e9lica de Guatemala llama a evitar confrontaciones"},"content":{"rendered":"\n<p>El fin de semana pasado un hombre de la tercera edad fue quemado vivo en una aldea del municipio de San Luis, Pet\u00e9n en Guatemala, un v\u00eddeo que circula en redes sociales es la evidencia del acto horroroso cometido por los pobladores de dicha aldea, acusando al se\u00f1or Domingo de practicar brujer\u00eda.<\/p>\n\n\n\n<figure class=\"wp-block-image\"><img alt=\"\"\/><\/figure>\n\n\n\n<p>Ante tal acto Alianza Evang\u00e9lica de Guatemala present\u00f3 su postura este d\u00eda a trav\u00e9s de un comunicado oficial, en el que repudian totalmente todo acto de violencia f\u00edsica, emocional, espiritual y de cualquier \u00edndole, mostrando su total desacuerdo con lo sucedido en la aldea de San Luis, solicitando a las autoridades&nbsp; que esclarezcan el hecho y caiga todo el peso de la ley sobre los responsables.<\/p>\n\n\n\n<p> Tambi\u00e9n la asociaci\u00f3n invit\u00f3 al sector evang\u00e9lico a evitar confrontaciones con otras personas que profesen otra fe y religiones, y ser agentes de un verdadero cambio.<\/p>\n\n\n\n<figure class=\"wp-block-image\"><img decoding=\"async\" loading=\"lazy\" width=\"720\" height=\"931\" src=\"https:\/\/laprensacristiana.com\/wp-content\/uploads\/2020\/06\/IMG-20200609-WA0011.jpg\" alt=\"\" class=\"wp-image-9167\" srcset=\"https:\/\/laprensacristiana.com\/wp-content\/uploads\/2020\/06\/IMG-20200609-WA0011.jpg 720w, https:\/\/laprensacristiana.com\/wp-content\/uploads\/2020\/06\/IMG-20200609-WA0011-232x300.jpg 232w, https:\/\/laprensacristiana.com\/wp-content\/uploads\/2020\/06\/IMG-20200609-WA0011-696x900.jpg 696w, https:\/\/laprensacristiana.com\/wp-content\/uploads\/2020\/06\/IMG-20200609-WA0011-600x776.jpg 600w\" sizes=\"(max-width: 720px) 100vw, 720px\" \/><\/figure>\n\n\n\n<p><\/p>\n","protected":false},"excerpt":{"rendered":"<p>El fin de semana pasado un hombre de la tercera edad fue quemado vivo en una aldea del municipio de San Luis, Pet\u00e9n en Guatemala, un v\u00eddeo que circula en redes sociales es la evidencia del acto horroroso cometido por los pobladores de dicha aldea, acusando al se\u00f1or Domingo de practicar brujer\u00eda. Ante tal acto [&hellip;]<\/p>\n","protected":false},"author":3,"featured_media":9166,"comment_status":"open","ping_status":"open","sticky":false,"template":"","format":"standard","meta":[],"categories":[56],"tags":[],"yoast_head":"<!-- This site is optimized with the Yoast SEO plugin v20.8 - https:\/\/yoast.com\/wordpress\/plugins\/seo\/ -->\n<title>Alianza Evang\u00e9lica de Guatemala llama a evitar confrontaciones - La Prensa Cristiana<\/title>\n<meta name=\"robots\" content=\"index, follow, max-snippet:-1, max-image-preview:large, max-video-preview:-1\" \/>\n<link rel=\"canonical\" href=\"https:\/\/laprensacristiana.com\/?p=9165\" \/>\n<meta property=\"og:locale\" content=\"es_ES\" \/>\n<meta property=\"og:type\" content=\"article\" \/>\n<meta property=\"og:title\" content=\"Alianza Evang\u00e9lica de Guatemala llama a evitar confrontaciones - La Prensa Cristiana\" \/>\n<meta property=\"og:description\" content=\"El fin de semana pasado un hombre de la tercera edad fue quemado vivo en una aldea del municipio de San Luis, Pet\u00e9n en Guatemala, un v\u00eddeo que circula en redes sociales es la evidencia del acto horroroso cometido por los pobladores de dicha aldea, acusando al se\u00f1or Domingo de practicar brujer\u00eda. Ante tal acto [&hellip;]\" \/>\n<meta property=\"og:url\" content=\"https:\/\/laprensacristiana.com\/?p=9165\" \/>\n<meta property=\"og:site_name\" content=\"La Prensa Cristiana\" \/>\n<meta property=\"article:published_time\" content=\"2020-06-09T15:29:31+00:00\" \/>\n<meta property=\"article:modified_time\" content=\"2020-06-09T15:50:16+00:00\" \/>\n<meta property=\"og:image\" content=\"https:\/\/laprensacristiana.com\/wp-content\/uploads\/2020\/06\/IMG-20200609-WA0010.jpg\" \/>\n\t<meta property=\"og:image:width\" content=\"1080\" \/>\n\t<meta property=\"og:image:height\" content=\"1290\" \/>\n\t<meta property=\"og:image:type\" content=\"image\/jpeg\" \/>\n<meta name=\"author\" content=\"EDITOR\" \/>\n<meta name=\"twitter:card\" content=\"summary_large_image\" \/>\n<meta name=\"twitter:label1\" content=\"Escrito por\" \/>\n\t<meta name=\"twitter:data1\" content=\"EDITOR\" \/>\n\t<meta name=\"twitter:label2\" content=\"Tiempo de lectura\" \/>\n\t<meta name=\"twitter:data2\" content=\"1 minuto\" \/>\n<script type=\"application\/ld+json\" class=\"yoast-schema-graph\">{\"@context\":\"https:\/\/schema.org\",\"@graph\":[{\"@type\":\"WebPage\",\"@id\":\"https:\/\/laprensacristiana.com\/?p=9165\",\"url\":\"https:\/\/laprensacristiana.com\/?p=9165\",\"name\":\"Alianza Evang\u00e9lica de Guatemala llama a evitar confrontaciones - La Prensa Cristiana\",\"isPartOf\":{\"@id\":\"https:\/\/laprensacristiana.com\/#website\"},\"datePublished\":\"2020-06-09T15:29:31+00:00\",\"dateModified\":\"2020-06-09T15:50:16+00:00\",\"author\":{\"@id\":\"https:\/\/laprensacristiana.com\/#\/schema\/person\/3e7d82c6bfd6b1fa67010f8f7cd5256e\"},\"breadcrumb\":{\"@id\":\"https:\/\/laprensacristiana.com\/?p=9165#breadcrumb\"},\"inLanguage\":\"es\",\"potentialAction\":[{\"@type\":\"ReadAction\",\"target\":[\"https:\/\/laprensacristiana.com\/?p=9165\"]}]},{\"@type\":\"BreadcrumbList\",\"@id\":\"https:\/\/laprensacristiana.com\/?p=9165#breadcrumb\",\"itemListElement\":[{\"@type\":\"ListItem\",\"position\":1,\"name\":\"Portada\",\"item\":\"https:\/\/laprensacristiana.com\/\"},{\"@type\":\"ListItem\",\"position\":2,\"name\":\"Alianza Evang\u00e9lica de Guatemala llama a evitar confrontaciones\"}]},{\"@type\":\"WebSite\",\"@id\":\"https:\/\/laprensacristiana.com\/#website\",\"url\":\"https:\/\/laprensacristiana.com\/\",\"name\":\"La Prensa Cristiana\",\"description\":\"Anunciando Las Buenas Nuevas\",\"potentialAction\":[{\"@type\":\"SearchAction\",\"target\":{\"@type\":\"EntryPoint\",\"urlTemplate\":\"https:\/\/laprensacristiana.com\/?s={search_term_string}\"},\"query-input\":\"required name=search_term_string\"}],\"inLanguage\":\"es\"},{\"@type\":\"Person\",\"@id\":\"https:\/\/laprensacristiana.com\/#\/schema\/person\/3e7d82c6bfd6b1fa67010f8f7cd5256e\",\"name\":\"EDITOR\",\"image\":{\"@type\":\"ImageObject\",\"inLanguage\":\"es\",\"@id\":\"https:\/\/laprensacristiana.com\/#\/schema\/person\/image\/\",\"url\":\"https:\/\/secure.gravatar.com\/avatar\/72069dfb6c13772d9e8381e3638666d2?s=96&d=mm&r=g\",\"contentUrl\":\"https:\/\/secure.gravatar.com\/avatar\/72069dfb6c13772d9e8381e3638666d2?s=96&d=mm&r=g\",\"caption\":\"EDITOR\"},\"url\":\"https:\/\/laprensacristiana.com\/?author=3\"}]}<\/script>\n<!-- \/ Yoast SEO plugin. -->","yoast_head_json":{"title":"Alianza Evang\u00e9lica de Guatemala llama a evitar confrontaciones - La Prensa Cristiana","robots":{"index":"index","follow":"follow","max-snippet":"max-snippet:-1","max-image-preview":"max-image-preview:large","max-video-preview":"max-video-preview:-1"},"canonical":"https:\/\/laprensacristiana.com\/?p=9165","og_locale":"es_ES","og_type":"article","og_title":"Alianza Evang\u00e9lica de Guatemala llama a evitar confrontaciones - La Prensa Cristiana","og_description":"El fin de semana pasado un hombre de la tercera edad fue quemado vivo en una aldea del municipio de San Luis, Pet\u00e9n en Guatemala, un v\u00eddeo que circula en redes sociales es la evidencia del acto horroroso cometido por los pobladores de dicha aldea, acusando al se\u00f1or Domingo de practicar brujer\u00eda. Ante tal acto [&hellip;]","og_url":"https:\/\/laprensacristiana.com\/?p=9165","og_site_name":"La Prensa Cristiana","article_published_time":"2020-06-09T15:29:31+00:00","article_modified_time":"2020-06-09T15:50:16+00:00","og_image":[{"width":1080,"height":1290,"url":"https:\/\/laprensacristiana.com\/wp-content\/uploads\/2020\/06\/IMG-20200609-WA0010.jpg","type":"image\/jpeg"}],"author":"EDITOR","twitter_card":"summary_large_image","twitter_misc":{"Escrito por":"EDITOR","Tiempo de lectura":"1 minuto"},"schema":{"@context":"https:\/\/schema.org","@graph":[{"@type":"WebPage","@id":"https:\/\/laprensacristiana.com\/?p=9165","url":"https:\/\/laprensacristiana.com\/?p=9165","name":"Alianza Evang\u00e9lica de Guatemala llama a evitar confrontaciones - La Prensa Cristiana","isPartOf":{"@id":"https:\/\/laprensacristiana.com\/#website"},"datePublished":"2020-06-09T15:29:31+00:00","dateModified":"2020-06-09T15:50:16+00:00","author":{"@id":"https:\/\/laprensacristiana.com\/#\/schema\/person\/3e7d82c6bfd6b1fa67010f8f7cd5256e"},"breadcrumb":{"@id":"https:\/\/laprensacristiana.com\/?p=9165#breadcrumb"},"inLanguage":"es","potentialAction":[{"@type":"ReadAction","target":["https:\/\/laprensacristiana.com\/?p=9165"]}]},{"@type":"BreadcrumbList","@id":"https:\/\/laprensacristiana.com\/?p=9165#breadcrumb","itemListElement":[{"@type":"ListItem","position":1,"name":"Portada","item":"https:\/\/laprensacristiana.com\/"},{"@type":"ListItem","position":2,"name":"Alianza Evang\u00e9lica de Guatemala llama a evitar confrontaciones"}]},{"@type":"WebSite","@id":"https:\/\/laprensacristiana.com\/#website","url":"https:\/\/laprensacristiana.com\/","name":"La Prensa Cristiana","description":"Anunciando Las Buenas Nuevas","potentialAction":[{"@type":"SearchAction","target":{"@type":"EntryPoint","urlTemplate":"https:\/\/laprensacristiana.com\/?s={search_term_string}"},"query-input":"required name=search_term_string"}],"inLanguage":"es"},{"@type":"Person","@id":"https:\/\/laprensacristiana.com\/#\/schema\/person\/3e7d82c6bfd6b1fa67010f8f7cd5256e","name":"EDITOR","image":{"@type":"ImageObject","inLanguage":"es","@id":"https:\/\/laprensacristiana.com\/#\/schema\/person\/image\/","url":"https:\/\/secure.gravatar.com\/avatar\/72069dfb6c13772d9e8381e3638666d2?s=96&d=mm&r=g","contentUrl":"https:\/\/secure.gravatar.com\/avatar\/72069dfb6c13772d9e8381e3638666d2?s=96&d=mm&r=g","caption":"EDITOR"},"url":"https:\/\/laprensacristiana.com\/?author=3"}]}},"_links":{"self":[{"href":"https:\/\/laprensacristiana.com\/index.php?rest_route=\/wp\/v2\/posts\/9165"}],"collection":[{"href":"https:\/\/laprensacristiana.com\/index.php?rest_route=\/wp\/v2\/posts"}],"about":[{"href":"https:\/\/laprensacristiana.com\/index.php?rest_route=\/wp\/v2\/types\/post"}],"author":[{"embeddable":true,"href":"https:\/\/laprensacristiana.com\/index.php?rest_route=\/wp\/v2\/users\/3"}],"replies":[{"embeddable":true,"href":"https:\/\/laprensacristiana.com\/index.php?rest_route=%2Fwp%2Fv2%2Fcomments&post=9165"}],"version-history":[{"count":2,"href":"https:\/\/laprensacristiana.com\/index.php?rest_route=\/wp\/v2\/posts\/9165\/revisions"}],"predecessor-version":[{"id":9169,"href":"https:\/\/laprensacristiana.com\/index.php?rest_route=\/wp\/v2\/posts\/9165\/revisions\/9169"}],"wp:featuredmedia":[{"embeddable":true,"href":"https:\/\/laprensacristiana.com\/index.php?rest_route=\/wp\/v2\/media\/9166"}],"wp:attachment":[{"href":"https:\/\/laprensacristiana.com\/index.php?rest_route=%2Fwp%2Fv2%2Fmedia&parent=9165"}],"wp:term":[{"taxonomy":"category","embeddable":true,"href":"https:\/\/laprensacristiana.com\/index.php?rest_route=%2Fwp%2Fv2%2Fcategories&post=9165"},{"taxonomy":"post_tag","embeddable":true,"href":"https:\/\/laprensacristiana.com\/index.php?rest_route=%2Fwp%2Fv2%2Ftags&post=9165"}],"curies":[{"name":"wp","href":"https:\/\/api.w.org\/{rel}","templated":true}]}}