{"id":9192,"date":"2020-06-10T18:21:55","date_gmt":"2020-06-10T18:21:55","guid":{"rendered":"https:\/\/laprensacristiana.com\/?p=9192"},"modified":"2020-06-10T18:21:58","modified_gmt":"2020-06-10T18:21:58","slug":"gobierno-en-peru-convoca-a-las-iglesias-para-trabajar-de-la-mano-ante-la-pandemia","status":"publish","type":"post","link":"https:\/\/laprensacristiana.com\/?p=9192","title":{"rendered":"Gobierno en Per\u00fa convoca a las iglesias para trabajar de la mano ante la pandemia"},"content":{"rendered":"\n<p>La Presidencia del Consejo en Per\u00fa convoc\u00f3 a reuni\u00f3n a los representantes de las iglesia para trabajar de la mano y articular a los diferentes sectores entre ellos las iglesias, para ayudar a los ciudadanos de sus comunidades que se encuentran en situaci\u00f3n de pobreza y extrema pobreza.<\/p>\n\n\n\n<p>La Presidencia del Consejo supervisa las acciones de los organismos p\u00fablicos, organismos reguladores, oficinas adscritas, consejos, comisiones y entidades que tienen como funci\u00f3n velar por el cumplimiento de los derechos de todos los peruanos e impulsar el desarrollo de los mismos a trav\u00e9s de diversos sectores.<\/p>\n\n\n\n<p>El&nbsp; jefe del Gabinete Ministerial, manifest\u00f3 que la actual circunstancia que vive el pa\u00eds requiere del compromiso de todos y eso incluye a las diferentes iglesias.<\/p>\n\n\n\n<p>El titular de (PCM) resalt\u00f3 la sensibilidad social que las iglesias tienen y las invit\u00f3 a trabajar de forma articulada con el Estado para proteger a la poblaci\u00f3n del impacto del Covid-19. Tambi\u00e9n los invit\u00f3 a unir esfuerzos en la protecci\u00f3n de los adultos mayores, las comunidades nativas y campesinas, y en la reapertura de los comedores populares.<\/p>\n","protected":false},"excerpt":{"rendered":"<p>Foto cortes\u00eda p\u00e1gina de gobierno Per\u00fa<\/p>\n","protected":false},"author":3,"featured_media":9194,"comment_status":"open","ping_status":"open","sticky":false,"template":"","format":"standard","meta":[],"categories":[56],"tags":[],"yoast_head":"<!-- This site is optimized with the Yoast SEO plugin v20.8 - https:\/\/yoast.com\/wordpress\/plugins\/seo\/ -->\n<title>Gobierno en Per\u00fa convoca a las iglesias para trabajar de la mano ante la pandemia - La Prensa Cristiana<\/title>\n<meta name=\"robots\" content=\"index, follow, max-snippet:-1, max-image-preview:large, max-video-preview:-1\" \/>\n<link rel=\"canonical\" href=\"https:\/\/laprensacristiana.com\/?p=9192\" \/>\n<meta property=\"og:locale\" content=\"es_ES\" \/>\n<meta property=\"og:type\" content=\"article\" \/>\n<meta property=\"og:title\" content=\"Gobierno en Per\u00fa convoca a las iglesias para trabajar de la mano ante la pandemia - La Prensa Cristiana\" \/>\n<meta property=\"og:description\" content=\"Foto cortes\u00eda p\u00e1gina de gobierno Per\u00fa\" \/>\n<meta property=\"og:url\" content=\"https:\/\/laprensacristiana.com\/?p=9192\" \/>\n<meta property=\"og:site_name\" content=\"La Prensa Cristiana\" \/>\n<meta property=\"article:published_time\" content=\"2020-06-10T18:21:55+00:00\" \/>\n<meta property=\"article:modified_time\" content=\"2020-06-10T18:21:58+00:00\" \/>\n<meta property=\"og:image\" content=\"https:\/\/laprensacristiana.com\/wp-content\/uploads\/2020\/06\/standard_1-1.jpeg\" \/>\n\t<meta property=\"og:image:width\" content=\"645\" \/>\n\t<meta property=\"og:image:height\" content=\"363\" \/>\n\t<meta property=\"og:image:type\" content=\"image\/jpeg\" \/>\n<meta name=\"author\" content=\"EDITOR\" \/>\n<meta name=\"twitter:card\" content=\"summary_large_image\" \/>\n<meta name=\"twitter:label1\" content=\"Escrito por\" \/>\n\t<meta name=\"twitter:data1\" content=\"EDITOR\" \/>\n\t<meta name=\"twitter:label2\" content=\"Tiempo de lectura\" \/>\n\t<meta name=\"twitter:data2\" content=\"1 minuto\" \/>\n<script type=\"application\/ld+json\" class=\"yoast-schema-graph\">{\"@context\":\"https:\/\/schema.org\",\"@graph\":[{\"@type\":\"WebPage\",\"@id\":\"https:\/\/laprensacristiana.com\/?p=9192\",\"url\":\"https:\/\/laprensacristiana.com\/?p=9192\",\"name\":\"Gobierno en Per\u00fa convoca a las iglesias para trabajar de la mano ante la pandemia - La Prensa Cristiana\",\"isPartOf\":{\"@id\":\"https:\/\/laprensacristiana.com\/#website\"},\"datePublished\":\"2020-06-10T18:21:55+00:00\",\"dateModified\":\"2020-06-10T18:21:58+00:00\",\"author\":{\"@id\":\"https:\/\/laprensacristiana.com\/#\/schema\/person\/3e7d82c6bfd6b1fa67010f8f7cd5256e\"},\"breadcrumb\":{\"@id\":\"https:\/\/laprensacristiana.com\/?p=9192#breadcrumb\"},\"inLanguage\":\"es\",\"potentialAction\":[{\"@type\":\"ReadAction\",\"target\":[\"https:\/\/laprensacristiana.com\/?p=9192\"]}]},{\"@type\":\"BreadcrumbList\",\"@id\":\"https:\/\/laprensacristiana.com\/?p=9192#breadcrumb\",\"itemListElement\":[{\"@type\":\"ListItem\",\"position\":1,\"name\":\"Portada\",\"item\":\"https:\/\/laprensacristiana.com\/\"},{\"@type\":\"ListItem\",\"position\":2,\"name\":\"Gobierno en Per\u00fa convoca a las iglesias para trabajar de la mano ante la pandemia\"}]},{\"@type\":\"WebSite\",\"@id\":\"https:\/\/laprensacristiana.com\/#website\",\"url\":\"https:\/\/laprensacristiana.com\/\",\"name\":\"La Prensa Cristiana\",\"description\":\"Anunciando Las Buenas Nuevas\",\"potentialAction\":[{\"@type\":\"SearchAction\",\"target\":{\"@type\":\"EntryPoint\",\"urlTemplate\":\"https:\/\/laprensacristiana.com\/?s={search_term_string}\"},\"query-input\":\"required name=search_term_string\"}],\"inLanguage\":\"es\"},{\"@type\":\"Person\",\"@id\":\"https:\/\/laprensacristiana.com\/#\/schema\/person\/3e7d82c6bfd6b1fa67010f8f7cd5256e\",\"name\":\"EDITOR\",\"image\":{\"@type\":\"ImageObject\",\"inLanguage\":\"es\",\"@id\":\"https:\/\/laprensacristiana.com\/#\/schema\/person\/image\/\",\"url\":\"https:\/\/secure.gravatar.com\/avatar\/72069dfb6c13772d9e8381e3638666d2?s=96&d=mm&r=g\",\"contentUrl\":\"https:\/\/secure.gravatar.com\/avatar\/72069dfb6c13772d9e8381e3638666d2?s=96&d=mm&r=g\",\"caption\":\"EDITOR\"},\"url\":\"https:\/\/laprensacristiana.com\/?author=3\"}]}<\/script>\n<!-- \/ Yoast SEO plugin. -->","yoast_head_json":{"title":"Gobierno en Per\u00fa convoca a las iglesias para trabajar de la mano ante la pandemia - La Prensa Cristiana","robots":{"index":"index","follow":"follow","max-snippet":"max-snippet:-1","max-image-preview":"max-image-preview:large","max-video-preview":"max-video-preview:-1"},"canonical":"https:\/\/laprensacristiana.com\/?p=9192","og_locale":"es_ES","og_type":"article","og_title":"Gobierno en Per\u00fa convoca a las iglesias para trabajar de la mano ante la pandemia - La Prensa Cristiana","og_description":"Foto cortes\u00eda p\u00e1gina de gobierno Per\u00fa","og_url":"https:\/\/laprensacristiana.com\/?p=9192","og_site_name":"La Prensa Cristiana","article_published_time":"2020-06-10T18:21:55+00:00","article_modified_time":"2020-06-10T18:21:58+00:00","og_image":[{"width":645,"height":363,"url":"https:\/\/laprensacristiana.com\/wp-content\/uploads\/2020\/06\/standard_1-1.jpeg","type":"image\/jpeg"}],"author":"EDITOR","twitter_card":"summary_large_image","twitter_misc":{"Escrito por":"EDITOR","Tiempo de lectura":"1 minuto"},"schema":{"@context":"https:\/\/schema.org","@graph":[{"@type":"WebPage","@id":"https:\/\/laprensacristiana.com\/?p=9192","url":"https:\/\/laprensacristiana.com\/?p=9192","name":"Gobierno en Per\u00fa convoca a las iglesias para trabajar de la mano ante la pandemia - La Prensa Cristiana","isPartOf":{"@id":"https:\/\/laprensacristiana.com\/#website"},"datePublished":"2020-06-10T18:21:55+00:00","dateModified":"2020-06-10T18:21:58+00:00","author":{"@id":"https:\/\/laprensacristiana.com\/#\/schema\/person\/3e7d82c6bfd6b1fa67010f8f7cd5256e"},"breadcrumb":{"@id":"https:\/\/laprensacristiana.com\/?p=9192#breadcrumb"},"inLanguage":"es","potentialAction":[{"@type":"ReadAction","target":["https:\/\/laprensacristiana.com\/?p=9192"]}]},{"@type":"BreadcrumbList","@id":"https:\/\/laprensacristiana.com\/?p=9192#breadcrumb","itemListElement":[{"@type":"ListItem","position":1,"name":"Portada","item":"https:\/\/laprensacristiana.com\/"},{"@type":"ListItem","position":2,"name":"Gobierno en Per\u00fa convoca a las iglesias para trabajar de la mano ante la pandemia"}]},{"@type":"WebSite","@id":"https:\/\/laprensacristiana.com\/#website","url":"https:\/\/laprensacristiana.com\/","name":"La Prensa Cristiana","description":"Anunciando Las Buenas Nuevas","potentialAction":[{"@type":"SearchAction","target":{"@type":"EntryPoint","urlTemplate":"https:\/\/laprensacristiana.com\/?s={search_term_string}"},"query-input":"required name=search_term_string"}],"inLanguage":"es"},{"@type":"Person","@id":"https:\/\/laprensacristiana.com\/#\/schema\/person\/3e7d82c6bfd6b1fa67010f8f7cd5256e","name":"EDITOR","image":{"@type":"ImageObject","inLanguage":"es","@id":"https:\/\/laprensacristiana.com\/#\/schema\/person\/image\/","url":"https:\/\/secure.gravatar.com\/avatar\/72069dfb6c13772d9e8381e3638666d2?s=96&d=mm&r=g","contentUrl":"https:\/\/secure.gravatar.com\/avatar\/72069dfb6c13772d9e8381e3638666d2?s=96&d=mm&r=g","caption":"EDITOR"},"url":"https:\/\/laprensacristiana.com\/?author=3"}]}},"_links":{"self":[{"href":"https:\/\/laprensacristiana.com\/index.php?rest_route=\/wp\/v2\/posts\/9192"}],"collection":[{"href":"https:\/\/laprensacristiana.com\/index.php?rest_route=\/wp\/v2\/posts"}],"about":[{"href":"https:\/\/laprensacristiana.com\/index.php?rest_route=\/wp\/v2\/types\/post"}],"author":[{"embeddable":true,"href":"https:\/\/laprensacristiana.com\/index.php?rest_route=\/wp\/v2\/users\/3"}],"replies":[{"embeddable":true,"href":"https:\/\/laprensacristiana.com\/index.php?rest_route=%2Fwp%2Fv2%2Fcomments&post=9192"}],"version-history":[{"count":1,"href":"https:\/\/laprensacristiana.com\/index.php?rest_route=\/wp\/v2\/posts\/9192\/revisions"}],"predecessor-version":[{"id":9195,"href":"https:\/\/laprensacristiana.com\/index.php?rest_route=\/wp\/v2\/posts\/9192\/revisions\/9195"}],"wp:featuredmedia":[{"embeddable":true,"href":"https:\/\/laprensacristiana.com\/index.php?rest_route=\/wp\/v2\/media\/9194"}],"wp:attachment":[{"href":"https:\/\/laprensacristiana.com\/index.php?rest_route=%2Fwp%2Fv2%2Fmedia&parent=9192"}],"wp:term":[{"taxonomy":"category","embeddable":true,"href":"https:\/\/laprensacristiana.com\/index.php?rest_route=%2Fwp%2Fv2%2Fcategories&post=9192"},{"taxonomy":"post_tag","embeddable":true,"href":"https:\/\/laprensacristiana.com\/index.php?rest_route=%2Fwp%2Fv2%2Ftags&post=9192"}],"curies":[{"name":"wp","href":"https:\/\/api.w.org\/{rel}","templated":true}]}}