{"id":9207,"date":"2020-06-11T15:11:06","date_gmt":"2020-06-11T15:11:06","guid":{"rendered":"https:\/\/laprensacristiana.com\/?p=9207"},"modified":"2020-06-11T15:11:10","modified_gmt":"2020-06-11T15:11:10","slug":"iglesias-en-espana-realizaran-conmemoracion-ante-decesos-por-covid-19","status":"publish","type":"post","link":"https:\/\/laprensacristiana.com\/?p=9207","title":{"rendered":"Iglesias en Espa\u00f1a realizar\u00e1n conmemoraci\u00f3n ante decesos por COVID-19"},"content":{"rendered":"\n<p>Las denominaciones y entidades evang\u00e9licas principales de Espa\u00f1a celebraran un servicio especial este pr\u00f3ximo domingo 14 de junio en memoria de las m\u00e1s de 30, 000 vidas que se han perdido por la pandemia del COVID-19.<\/p>\n\n\n\n<p>\u00abDando vida al recuerdo\u00bb se denomina este memorial, la intenci\u00f3n que busca Alianza Evang\u00e9lica Espa\u00f1ola es dar protagonismo a las vidas que se perdieron, transmitir consuelo a las familias que han despedido a un ser amado, invitar a la poblaci\u00f3n a ser solidario con el dolor de los dem\u00e1s y por \u00faltimo el fortalecimiento de sus comunidades.<\/p>\n\n\n\n<p>Diferentes entidades y denominaciones ya se sumaron a esta iniciativa, los servicios ser\u00e1n celebrados en diferentes horarios con una duraci\u00f3n aproximada de 20 minutos.<\/p>\n","protected":false},"excerpt":{"rendered":"<p>Las denominaciones y entidades evang\u00e9licas principales de Espa\u00f1a celebraran un servicio especial este pr\u00f3ximo domingo 14 de junio en memoria de las m\u00e1s de 30, 000 vidas que se han perdido por la pandemia del COVID-19. \u00abDando vida al recuerdo\u00bb se denomina este memorial, la intenci\u00f3n que busca Alianza Evang\u00e9lica Espa\u00f1ola es dar protagonismo a [&hellip;]<\/p>\n","protected":false},"author":3,"featured_media":9208,"comment_status":"open","ping_status":"open","sticky":false,"template":"","format":"standard","meta":[],"categories":[56],"tags":[],"yoast_head":"<!-- This site is optimized with the Yoast SEO plugin v20.8 - https:\/\/yoast.com\/wordpress\/plugins\/seo\/ -->\n<title>Iglesias en Espa\u00f1a realizar\u00e1n conmemoraci\u00f3n ante decesos por COVID-19 - La Prensa Cristiana<\/title>\n<meta name=\"robots\" content=\"index, follow, max-snippet:-1, max-image-preview:large, max-video-preview:-1\" \/>\n<link rel=\"canonical\" href=\"https:\/\/laprensacristiana.com\/?p=9207\" \/>\n<meta property=\"og:locale\" content=\"es_ES\" \/>\n<meta property=\"og:type\" content=\"article\" \/>\n<meta property=\"og:title\" content=\"Iglesias en Espa\u00f1a realizar\u00e1n conmemoraci\u00f3n ante decesos por COVID-19 - La Prensa Cristiana\" \/>\n<meta property=\"og:description\" content=\"Las denominaciones y entidades evang\u00e9licas principales de Espa\u00f1a celebraran un servicio especial este pr\u00f3ximo domingo 14 de junio en memoria de las m\u00e1s de 30, 000 vidas que se han perdido por la pandemia del COVID-19. \u00abDando vida al recuerdo\u00bb se denomina este memorial, la intenci\u00f3n que busca Alianza Evang\u00e9lica Espa\u00f1ola es dar protagonismo a [&hellip;]\" \/>\n<meta property=\"og:url\" content=\"https:\/\/laprensacristiana.com\/?p=9207\" \/>\n<meta property=\"og:site_name\" content=\"La Prensa Cristiana\" \/>\n<meta property=\"article:published_time\" content=\"2020-06-11T15:11:06+00:00\" \/>\n<meta property=\"article:modified_time\" content=\"2020-06-11T15:11:10+00:00\" \/>\n<meta property=\"og:image\" content=\"https:\/\/laprensacristiana.com\/wp-content\/uploads\/2020\/06\/IMG-20200610-WA0070.jpg\" \/>\n\t<meta property=\"og:image:width\" content=\"720\" \/>\n\t<meta property=\"og:image:height\" content=\"475\" \/>\n\t<meta property=\"og:image:type\" content=\"image\/jpeg\" \/>\n<meta name=\"author\" content=\"EDITOR\" \/>\n<meta name=\"twitter:card\" content=\"summary_large_image\" \/>\n<meta name=\"twitter:label1\" content=\"Escrito por\" \/>\n\t<meta name=\"twitter:data1\" content=\"EDITOR\" \/>\n\t<meta name=\"twitter:label2\" content=\"Tiempo de lectura\" \/>\n\t<meta name=\"twitter:data2\" content=\"1 minuto\" \/>\n<script type=\"application\/ld+json\" class=\"yoast-schema-graph\">{\"@context\":\"https:\/\/schema.org\",\"@graph\":[{\"@type\":\"WebPage\",\"@id\":\"https:\/\/laprensacristiana.com\/?p=9207\",\"url\":\"https:\/\/laprensacristiana.com\/?p=9207\",\"name\":\"Iglesias en Espa\u00f1a realizar\u00e1n conmemoraci\u00f3n ante decesos por COVID-19 - La Prensa Cristiana\",\"isPartOf\":{\"@id\":\"https:\/\/laprensacristiana.com\/#website\"},\"datePublished\":\"2020-06-11T15:11:06+00:00\",\"dateModified\":\"2020-06-11T15:11:10+00:00\",\"author\":{\"@id\":\"https:\/\/laprensacristiana.com\/#\/schema\/person\/3e7d82c6bfd6b1fa67010f8f7cd5256e\"},\"breadcrumb\":{\"@id\":\"https:\/\/laprensacristiana.com\/?p=9207#breadcrumb\"},\"inLanguage\":\"es\",\"potentialAction\":[{\"@type\":\"ReadAction\",\"target\":[\"https:\/\/laprensacristiana.com\/?p=9207\"]}]},{\"@type\":\"BreadcrumbList\",\"@id\":\"https:\/\/laprensacristiana.com\/?p=9207#breadcrumb\",\"itemListElement\":[{\"@type\":\"ListItem\",\"position\":1,\"name\":\"Portada\",\"item\":\"https:\/\/laprensacristiana.com\/\"},{\"@type\":\"ListItem\",\"position\":2,\"name\":\"Iglesias en Espa\u00f1a realizar\u00e1n conmemoraci\u00f3n ante decesos por COVID-19\"}]},{\"@type\":\"WebSite\",\"@id\":\"https:\/\/laprensacristiana.com\/#website\",\"url\":\"https:\/\/laprensacristiana.com\/\",\"name\":\"La Prensa Cristiana\",\"description\":\"Anunciando Las Buenas Nuevas\",\"potentialAction\":[{\"@type\":\"SearchAction\",\"target\":{\"@type\":\"EntryPoint\",\"urlTemplate\":\"https:\/\/laprensacristiana.com\/?s={search_term_string}\"},\"query-input\":\"required name=search_term_string\"}],\"inLanguage\":\"es\"},{\"@type\":\"Person\",\"@id\":\"https:\/\/laprensacristiana.com\/#\/schema\/person\/3e7d82c6bfd6b1fa67010f8f7cd5256e\",\"name\":\"EDITOR\",\"image\":{\"@type\":\"ImageObject\",\"inLanguage\":\"es\",\"@id\":\"https:\/\/laprensacristiana.com\/#\/schema\/person\/image\/\",\"url\":\"https:\/\/secure.gravatar.com\/avatar\/72069dfb6c13772d9e8381e3638666d2?s=96&d=mm&r=g\",\"contentUrl\":\"https:\/\/secure.gravatar.com\/avatar\/72069dfb6c13772d9e8381e3638666d2?s=96&d=mm&r=g\",\"caption\":\"EDITOR\"},\"url\":\"https:\/\/laprensacristiana.com\/?author=3\"}]}<\/script>\n<!-- \/ Yoast SEO plugin. -->","yoast_head_json":{"title":"Iglesias en Espa\u00f1a realizar\u00e1n conmemoraci\u00f3n ante decesos por COVID-19 - La Prensa Cristiana","robots":{"index":"index","follow":"follow","max-snippet":"max-snippet:-1","max-image-preview":"max-image-preview:large","max-video-preview":"max-video-preview:-1"},"canonical":"https:\/\/laprensacristiana.com\/?p=9207","og_locale":"es_ES","og_type":"article","og_title":"Iglesias en Espa\u00f1a realizar\u00e1n conmemoraci\u00f3n ante decesos por COVID-19 - La Prensa Cristiana","og_description":"Las denominaciones y entidades evang\u00e9licas principales de Espa\u00f1a celebraran un servicio especial este pr\u00f3ximo domingo 14 de junio en memoria de las m\u00e1s de 30, 000 vidas que se han perdido por la pandemia del COVID-19. \u00abDando vida al recuerdo\u00bb se denomina este memorial, la intenci\u00f3n que busca Alianza Evang\u00e9lica Espa\u00f1ola es dar protagonismo a [&hellip;]","og_url":"https:\/\/laprensacristiana.com\/?p=9207","og_site_name":"La Prensa Cristiana","article_published_time":"2020-06-11T15:11:06+00:00","article_modified_time":"2020-06-11T15:11:10+00:00","og_image":[{"width":720,"height":475,"url":"https:\/\/laprensacristiana.com\/wp-content\/uploads\/2020\/06\/IMG-20200610-WA0070.jpg","type":"image\/jpeg"}],"author":"EDITOR","twitter_card":"summary_large_image","twitter_misc":{"Escrito por":"EDITOR","Tiempo de lectura":"1 minuto"},"schema":{"@context":"https:\/\/schema.org","@graph":[{"@type":"WebPage","@id":"https:\/\/laprensacristiana.com\/?p=9207","url":"https:\/\/laprensacristiana.com\/?p=9207","name":"Iglesias en Espa\u00f1a realizar\u00e1n conmemoraci\u00f3n ante decesos por COVID-19 - La Prensa Cristiana","isPartOf":{"@id":"https:\/\/laprensacristiana.com\/#website"},"datePublished":"2020-06-11T15:11:06+00:00","dateModified":"2020-06-11T15:11:10+00:00","author":{"@id":"https:\/\/laprensacristiana.com\/#\/schema\/person\/3e7d82c6bfd6b1fa67010f8f7cd5256e"},"breadcrumb":{"@id":"https:\/\/laprensacristiana.com\/?p=9207#breadcrumb"},"inLanguage":"es","potentialAction":[{"@type":"ReadAction","target":["https:\/\/laprensacristiana.com\/?p=9207"]}]},{"@type":"BreadcrumbList","@id":"https:\/\/laprensacristiana.com\/?p=9207#breadcrumb","itemListElement":[{"@type":"ListItem","position":1,"name":"Portada","item":"https:\/\/laprensacristiana.com\/"},{"@type":"ListItem","position":2,"name":"Iglesias en Espa\u00f1a realizar\u00e1n conmemoraci\u00f3n ante decesos por COVID-19"}]},{"@type":"WebSite","@id":"https:\/\/laprensacristiana.com\/#website","url":"https:\/\/laprensacristiana.com\/","name":"La Prensa Cristiana","description":"Anunciando Las Buenas Nuevas","potentialAction":[{"@type":"SearchAction","target":{"@type":"EntryPoint","urlTemplate":"https:\/\/laprensacristiana.com\/?s={search_term_string}"},"query-input":"required name=search_term_string"}],"inLanguage":"es"},{"@type":"Person","@id":"https:\/\/laprensacristiana.com\/#\/schema\/person\/3e7d82c6bfd6b1fa67010f8f7cd5256e","name":"EDITOR","image":{"@type":"ImageObject","inLanguage":"es","@id":"https:\/\/laprensacristiana.com\/#\/schema\/person\/image\/","url":"https:\/\/secure.gravatar.com\/avatar\/72069dfb6c13772d9e8381e3638666d2?s=96&d=mm&r=g","contentUrl":"https:\/\/secure.gravatar.com\/avatar\/72069dfb6c13772d9e8381e3638666d2?s=96&d=mm&r=g","caption":"EDITOR"},"url":"https:\/\/laprensacristiana.com\/?author=3"}]}},"_links":{"self":[{"href":"https:\/\/laprensacristiana.com\/index.php?rest_route=\/wp\/v2\/posts\/9207"}],"collection":[{"href":"https:\/\/laprensacristiana.com\/index.php?rest_route=\/wp\/v2\/posts"}],"about":[{"href":"https:\/\/laprensacristiana.com\/index.php?rest_route=\/wp\/v2\/types\/post"}],"author":[{"embeddable":true,"href":"https:\/\/laprensacristiana.com\/index.php?rest_route=\/wp\/v2\/users\/3"}],"replies":[{"embeddable":true,"href":"https:\/\/laprensacristiana.com\/index.php?rest_route=%2Fwp%2Fv2%2Fcomments&post=9207"}],"version-history":[{"count":1,"href":"https:\/\/laprensacristiana.com\/index.php?rest_route=\/wp\/v2\/posts\/9207\/revisions"}],"predecessor-version":[{"id":9209,"href":"https:\/\/laprensacristiana.com\/index.php?rest_route=\/wp\/v2\/posts\/9207\/revisions\/9209"}],"wp:featuredmedia":[{"embeddable":true,"href":"https:\/\/laprensacristiana.com\/index.php?rest_route=\/wp\/v2\/media\/9208"}],"wp:attachment":[{"href":"https:\/\/laprensacristiana.com\/index.php?rest_route=%2Fwp%2Fv2%2Fmedia&parent=9207"}],"wp:term":[{"taxonomy":"category","embeddable":true,"href":"https:\/\/laprensacristiana.com\/index.php?rest_route=%2Fwp%2Fv2%2Fcategories&post=9207"},{"taxonomy":"post_tag","embeddable":true,"href":"https:\/\/laprensacristiana.com\/index.php?rest_route=%2Fwp%2Fv2%2Ftags&post=9207"}],"curies":[{"name":"wp","href":"https:\/\/api.w.org\/{rel}","templated":true}]}}