{"id":9211,"date":"2020-06-11T18:59:24","date_gmt":"2020-06-11T18:59:24","guid":{"rendered":"https:\/\/laprensacristiana.com\/?p=9211"},"modified":"2020-07-01T05:25:58","modified_gmt":"2020-07-01T05:25:58","slug":"dios-cual-dios","status":"publish","type":"post","link":"https:\/\/laprensacristiana.com\/?p=9211","title":{"rendered":"DIOS\u2026 \u00bfCu\u00e1l dios?"},"content":{"rendered":"\n<p>POR JULY DE SOSA <\/p>\n\n\n\n<p>En el evangelio de Mateo escrito con un texto de estructura did\u00e1ctica que con excelencia instruye al nuevo pueblo de Dios acerca de Jesucristo, encontramos en su cap\u00edtulo 7 como parte del serm\u00f3n del monte, una advertencia de Jes\u00fas que sirve de luz para conocer si ciertamente estamos sirviendo al Dios de la biblia\u2026 \u201cNo todo el que me dice \u00a1Se\u00f1or, Se\u00f1or! Entrar\u00e1 en el reino de los cielos, sino el que hace la voluntad de mi padre que est\u00e1 en los cielos\u201d (Mateo 7:21) <\/p>\n\n\n\n<p>En medio de un cataclismo\nescuchamos a personas influyente decir en sus mensajes \u00a1Dios bendiga nuestra\ntierra! U cualquier otra exclamaci\u00f3n acerca de Dios, pero \u00bfser\u00e1 al Dios de la\ncreaci\u00f3n o a otro dios, al que est\u00e1n invocando?<\/p>\n\n\n\n<p>En el mismo cap\u00edtulo\n7. verso 15, Jes\u00fas dice: \u201cGuardaos de los falsos profetas que vienen a vosotros\nvestidos de ovejas, pero por dentro son lobos rapaces. Por sus frutos los\nconocer\u00e9is\u201d<\/p>\n\n\n\n<p>El verso muestra\nclaramente que m\u00e1s que escuchar una frase bonita, debemos mirar los frutos del\nque la dice \u201cPor sus frutos los conocer\u00e9is\u201d Resulta f\u00e1cil caer en la\nequivocaci\u00f3n de pensar que alguien solo por el hecho de decir dios, se est\u00e1\nrefiriendo al Dios de los cristianos, Por ser esto una forma que el enemigo usa\npara enga\u00f1ar, Jes\u00fas dejo filtros visibles, para todos y evitar as\u00ed ser burlados.\nNote la importancia de ver los hechos de cada uno de nosotros para conocer a\nque Se\u00f1or servimos, ya que muchos podemos decir Se\u00f1or, Se\u00f1or. Pero sin\nobediencia a lo escrito est\u00e1 de Dios, definitivamente no es a Jehov\u00e1 que servimos.\nEnga\u00f1\u00e1ndonos a nosotros mismos, y enga\u00f1ando a los dem\u00e1s.<\/p>\n\n\n\n<p>Conozco la historia de un nazi del a\u00f1o 1933, cuando Alemania era gobernada por Adolf Hitler, este hombre sol\u00eda mencionar a un dios pagano al hablar con su hijo diciendo \u201cdios esta con nosotros\u201d por conocer que el nazismo gener\u00f3 la segunda guerra mundial que dej\u00f3 millones de v\u00edctimas inocentes en todo el mundo y el genocidio del pueblo jud\u00edo en campos de concentraci\u00f3n, hecho conocido como holocausto. Se que el dios, que mencionaba no era mi Dios, el Dios de las santas escrituras. Esto sirve de ejemplo para recordar que no siempre que oigamos nombrar a dios, se est\u00e1n refiriendo a nuestro Dios. Debemos estar muy alertas ya que no podemos saber a \u00bfqu\u00e9 Dios, dios, se refieren? <\/p>\n\n\n\n<p>Otro detalle para\nque los cristianos identifiquemos si est\u00e1n hablando de nuestro Dios al escuchar\nuna oraci\u00f3n que supuestamente va dirigida a \u00e9l, es si Jes\u00fas es mencionado, ya\nque Dios ordena que todo se pida en el nombre de Jes\u00fas. \u201cY todo lo que hac\u00e9is\nsea de palabra o de hecho, hacedlo todo en el nombre del Se\u00f1or Jes\u00fas\u201d\n(Colosenses 3:17) y (Hechos 4:12)<\/p>\n\n\n\n<p>Sirva lo\nanterior como un recordatorio para evitar ser burlados cuando escuchemos\nnombrar a Dios y pregunt\u00e9monos Dios \u00bfCu\u00e1l dios? Lo sabremos si observamos sus\nhechos y si Jes\u00fas forma parte de esa oraci\u00f3n.<\/p>\n\n\n\n<p>\u00a1Qu\u00e9 el Dios de\nla creaci\u00f3n por medio de su Santo Esp\u00edritu nos de entendimiento en todo tiempo\nen el nombre de Jes\u00fas! <\/p>\n","protected":false},"excerpt":{"rendered":"<p>POR JULY DE SOSA En el evangelio de Mateo escrito con un texto de estructura did\u00e1ctica que con excelencia instruye al nuevo pueblo de Dios acerca de Jesucristo, encontramos en su cap\u00edtulo 7 como parte del serm\u00f3n del monte, una advertencia de Jes\u00fas que sirve de luz para conocer si ciertamente estamos sirviendo al Dios [&hellip;]<\/p>\n","protected":false},"author":3,"featured_media":8721,"comment_status":"open","ping_status":"open","sticky":false,"template":"","format":"standard","meta":[],"categories":[36],"tags":[],"yoast_head":"<!-- This site is optimized with the Yoast SEO plugin v20.8 - https:\/\/yoast.com\/wordpress\/plugins\/seo\/ -->\n<title>DIOS\u2026 \u00bfCu\u00e1l dios? - La Prensa Cristiana<\/title>\n<meta name=\"robots\" content=\"index, follow, max-snippet:-1, max-image-preview:large, max-video-preview:-1\" \/>\n<link rel=\"canonical\" href=\"https:\/\/laprensacristiana.com\/?p=9211\" \/>\n<meta property=\"og:locale\" content=\"es_ES\" \/>\n<meta property=\"og:type\" content=\"article\" \/>\n<meta property=\"og:title\" content=\"DIOS\u2026 \u00bfCu\u00e1l dios? - La Prensa Cristiana\" \/>\n<meta property=\"og:description\" content=\"POR JULY DE SOSA En el evangelio de Mateo escrito con un texto de estructura did\u00e1ctica que con excelencia instruye al nuevo pueblo de Dios acerca de Jesucristo, encontramos en su cap\u00edtulo 7 como parte del serm\u00f3n del monte, una advertencia de Jes\u00fas que sirve de luz para conocer si ciertamente estamos sirviendo al Dios [&hellip;]\" \/>\n<meta property=\"og:url\" content=\"https:\/\/laprensacristiana.com\/?p=9211\" \/>\n<meta property=\"og:site_name\" content=\"La Prensa Cristiana\" \/>\n<meta property=\"article:published_time\" content=\"2020-06-11T18:59:24+00:00\" \/>\n<meta property=\"article:modified_time\" content=\"2020-07-01T05:25:58+00:00\" \/>\n<meta property=\"og:image\" content=\"https:\/\/laprensacristiana.com\/wp-content\/uploads\/2020\/04\/JULY-LPG-2017.jpg\" \/>\n\t<meta property=\"og:image:width\" content=\"1240\" \/>\n\t<meta property=\"og:image:height\" content=\"692\" \/>\n\t<meta property=\"og:image:type\" content=\"image\/jpeg\" \/>\n<meta name=\"author\" content=\"EDITOR\" \/>\n<meta name=\"twitter:card\" content=\"summary_large_image\" \/>\n<meta name=\"twitter:label1\" content=\"Escrito por\" \/>\n\t<meta name=\"twitter:data1\" content=\"EDITOR\" \/>\n\t<meta name=\"twitter:label2\" content=\"Tiempo de lectura\" \/>\n\t<meta name=\"twitter:data2\" content=\"3 minutos\" \/>\n<script type=\"application\/ld+json\" class=\"yoast-schema-graph\">{\"@context\":\"https:\/\/schema.org\",\"@graph\":[{\"@type\":\"WebPage\",\"@id\":\"https:\/\/laprensacristiana.com\/?p=9211\",\"url\":\"https:\/\/laprensacristiana.com\/?p=9211\",\"name\":\"DIOS\u2026 \u00bfCu\u00e1l dios? - La Prensa Cristiana\",\"isPartOf\":{\"@id\":\"https:\/\/laprensacristiana.com\/#website\"},\"datePublished\":\"2020-06-11T18:59:24+00:00\",\"dateModified\":\"2020-07-01T05:25:58+00:00\",\"author\":{\"@id\":\"https:\/\/laprensacristiana.com\/#\/schema\/person\/3e7d82c6bfd6b1fa67010f8f7cd5256e\"},\"breadcrumb\":{\"@id\":\"https:\/\/laprensacristiana.com\/?p=9211#breadcrumb\"},\"inLanguage\":\"es\",\"potentialAction\":[{\"@type\":\"ReadAction\",\"target\":[\"https:\/\/laprensacristiana.com\/?p=9211\"]}]},{\"@type\":\"BreadcrumbList\",\"@id\":\"https:\/\/laprensacristiana.com\/?p=9211#breadcrumb\",\"itemListElement\":[{\"@type\":\"ListItem\",\"position\":1,\"name\":\"Portada\",\"item\":\"https:\/\/laprensacristiana.com\/\"},{\"@type\":\"ListItem\",\"position\":2,\"name\":\"DIOS\u2026 \u00bfCu\u00e1l dios?\"}]},{\"@type\":\"WebSite\",\"@id\":\"https:\/\/laprensacristiana.com\/#website\",\"url\":\"https:\/\/laprensacristiana.com\/\",\"name\":\"La Prensa Cristiana\",\"description\":\"Anunciando Las Buenas Nuevas\",\"potentialAction\":[{\"@type\":\"SearchAction\",\"target\":{\"@type\":\"EntryPoint\",\"urlTemplate\":\"https:\/\/laprensacristiana.com\/?s={search_term_string}\"},\"query-input\":\"required name=search_term_string\"}],\"inLanguage\":\"es\"},{\"@type\":\"Person\",\"@id\":\"https:\/\/laprensacristiana.com\/#\/schema\/person\/3e7d82c6bfd6b1fa67010f8f7cd5256e\",\"name\":\"EDITOR\",\"image\":{\"@type\":\"ImageObject\",\"inLanguage\":\"es\",\"@id\":\"https:\/\/laprensacristiana.com\/#\/schema\/person\/image\/\",\"url\":\"https:\/\/secure.gravatar.com\/avatar\/72069dfb6c13772d9e8381e3638666d2?s=96&d=mm&r=g\",\"contentUrl\":\"https:\/\/secure.gravatar.com\/avatar\/72069dfb6c13772d9e8381e3638666d2?s=96&d=mm&r=g\",\"caption\":\"EDITOR\"},\"url\":\"https:\/\/laprensacristiana.com\/?author=3\"}]}<\/script>\n<!-- \/ Yoast SEO plugin. -->","yoast_head_json":{"title":"DIOS\u2026 \u00bfCu\u00e1l dios? - La Prensa Cristiana","robots":{"index":"index","follow":"follow","max-snippet":"max-snippet:-1","max-image-preview":"max-image-preview:large","max-video-preview":"max-video-preview:-1"},"canonical":"https:\/\/laprensacristiana.com\/?p=9211","og_locale":"es_ES","og_type":"article","og_title":"DIOS\u2026 \u00bfCu\u00e1l dios? - La Prensa Cristiana","og_description":"POR JULY DE SOSA En el evangelio de Mateo escrito con un texto de estructura did\u00e1ctica que con excelencia instruye al nuevo pueblo de Dios acerca de Jesucristo, encontramos en su cap\u00edtulo 7 como parte del serm\u00f3n del monte, una advertencia de Jes\u00fas que sirve de luz para conocer si ciertamente estamos sirviendo al Dios [&hellip;]","og_url":"https:\/\/laprensacristiana.com\/?p=9211","og_site_name":"La Prensa Cristiana","article_published_time":"2020-06-11T18:59:24+00:00","article_modified_time":"2020-07-01T05:25:58+00:00","og_image":[{"width":1240,"height":692,"url":"https:\/\/laprensacristiana.com\/wp-content\/uploads\/2020\/04\/JULY-LPG-2017.jpg","type":"image\/jpeg"}],"author":"EDITOR","twitter_card":"summary_large_image","twitter_misc":{"Escrito por":"EDITOR","Tiempo de lectura":"3 minutos"},"schema":{"@context":"https:\/\/schema.org","@graph":[{"@type":"WebPage","@id":"https:\/\/laprensacristiana.com\/?p=9211","url":"https:\/\/laprensacristiana.com\/?p=9211","name":"DIOS\u2026 \u00bfCu\u00e1l dios? - La Prensa Cristiana","isPartOf":{"@id":"https:\/\/laprensacristiana.com\/#website"},"datePublished":"2020-06-11T18:59:24+00:00","dateModified":"2020-07-01T05:25:58+00:00","author":{"@id":"https:\/\/laprensacristiana.com\/#\/schema\/person\/3e7d82c6bfd6b1fa67010f8f7cd5256e"},"breadcrumb":{"@id":"https:\/\/laprensacristiana.com\/?p=9211#breadcrumb"},"inLanguage":"es","potentialAction":[{"@type":"ReadAction","target":["https:\/\/laprensacristiana.com\/?p=9211"]}]},{"@type":"BreadcrumbList","@id":"https:\/\/laprensacristiana.com\/?p=9211#breadcrumb","itemListElement":[{"@type":"ListItem","position":1,"name":"Portada","item":"https:\/\/laprensacristiana.com\/"},{"@type":"ListItem","position":2,"name":"DIOS\u2026 \u00bfCu\u00e1l dios?"}]},{"@type":"WebSite","@id":"https:\/\/laprensacristiana.com\/#website","url":"https:\/\/laprensacristiana.com\/","name":"La Prensa Cristiana","description":"Anunciando Las Buenas Nuevas","potentialAction":[{"@type":"SearchAction","target":{"@type":"EntryPoint","urlTemplate":"https:\/\/laprensacristiana.com\/?s={search_term_string}"},"query-input":"required name=search_term_string"}],"inLanguage":"es"},{"@type":"Person","@id":"https:\/\/laprensacristiana.com\/#\/schema\/person\/3e7d82c6bfd6b1fa67010f8f7cd5256e","name":"EDITOR","image":{"@type":"ImageObject","inLanguage":"es","@id":"https:\/\/laprensacristiana.com\/#\/schema\/person\/image\/","url":"https:\/\/secure.gravatar.com\/avatar\/72069dfb6c13772d9e8381e3638666d2?s=96&d=mm&r=g","contentUrl":"https:\/\/secure.gravatar.com\/avatar\/72069dfb6c13772d9e8381e3638666d2?s=96&d=mm&r=g","caption":"EDITOR"},"url":"https:\/\/laprensacristiana.com\/?author=3"}]}},"_links":{"self":[{"href":"https:\/\/laprensacristiana.com\/index.php?rest_route=\/wp\/v2\/posts\/9211"}],"collection":[{"href":"https:\/\/laprensacristiana.com\/index.php?rest_route=\/wp\/v2\/posts"}],"about":[{"href":"https:\/\/laprensacristiana.com\/index.php?rest_route=\/wp\/v2\/types\/post"}],"author":[{"embeddable":true,"href":"https:\/\/laprensacristiana.com\/index.php?rest_route=\/wp\/v2\/users\/3"}],"replies":[{"embeddable":true,"href":"https:\/\/laprensacristiana.com\/index.php?rest_route=%2Fwp%2Fv2%2Fcomments&post=9211"}],"version-history":[{"count":3,"href":"https:\/\/laprensacristiana.com\/index.php?rest_route=\/wp\/v2\/posts\/9211\/revisions"}],"predecessor-version":[{"id":9217,"href":"https:\/\/laprensacristiana.com\/index.php?rest_route=\/wp\/v2\/posts\/9211\/revisions\/9217"}],"wp:featuredmedia":[{"embeddable":true,"href":"https:\/\/laprensacristiana.com\/index.php?rest_route=\/wp\/v2\/media\/8721"}],"wp:attachment":[{"href":"https:\/\/laprensacristiana.com\/index.php?rest_route=%2Fwp%2Fv2%2Fmedia&parent=9211"}],"wp:term":[{"taxonomy":"category","embeddable":true,"href":"https:\/\/laprensacristiana.com\/index.php?rest_route=%2Fwp%2Fv2%2Fcategories&post=9211"},{"taxonomy":"post_tag","embeddable":true,"href":"https:\/\/laprensacristiana.com\/index.php?rest_route=%2Fwp%2Fv2%2Ftags&post=9211"}],"curies":[{"name":"wp","href":"https:\/\/api.w.org\/{rel}","templated":true}]}}