{"id":9218,"date":"2020-06-12T16:51:58","date_gmt":"2020-06-12T16:51:58","guid":{"rendered":"https:\/\/laprensacristiana.com\/?p=9218"},"modified":"2020-06-12T16:52:00","modified_gmt":"2020-06-12T16:52:00","slug":"dos-naturalezas","status":"publish","type":"post","link":"https:\/\/laprensacristiana.com\/?p=9218","title":{"rendered":"Dos Naturalezas"},"content":{"rendered":"\n<pre class=\"wp-block-code\"><code><\/code><\/pre>\n\n\n\n<p>Genesis 1:26 \u201cY dijo Dios: Hagamos al hombre a nuestra imagen\u201d                                                       G\u00e8nesis 2:7 \u201cEntonces el SE\u00d1OR Dios form\u00f3 al hombre del polvo de la tierra\u201d<br>\n\u00bfPor qu\u00e9 es que tenemos que luchar contra la naturaleza carnal? \u00bfPor qu\u00e9 nos cuesta tanto ser espirituales? Hay una lucha constante entre lo que debemos ser y lo que deseamos ser. Qui\u00e9n de nosotros no sufrimos cuando el pecado nos pasa arrollando como un veh\u00edculo a cien por hora y nos atropella, nos deja heridos, lacerados y casi muertos. Qu\u00e9 cuesta volver a levantarse. L\u00f3gicamente, estoy describiendo a aquellos que quieren hacer la voluntad de Dios en sus vidas y vivir -valga la redundancia-, estilos de vida muy diferentes al com\u00fan de la gente.<br>\nPero no es f\u00e1cil. Y la respuesta la tenemos en nuestra propia creaci\u00f3n. En el  cap\u00edtulo 1:26 tenemos a este hombre, a quien Dios declar\u00f3 ser creado \u00aba su imagen y seg\u00fan su semejanza\u00bb, pero este hombre no es algo angelical, un ser espiritual, que no tiene deseos carnales o similares y que est\u00e1 ocupado solamente en asuntos espirituales. No, es un hombre muy material \u2014una criatura de carne y hueso\u2014 que tiene inclinaciones humanas y materiales. \u00bfPor qu\u00e9 es esto as\u00ed? Si ha sido creado por el mismo Dios a su Imagen y Semejanza, \u00bfpor qu\u00e9 no funciona de esa manera, a la manera de Dios?<br>\nLas Escrituras dicen claramente que Adan es \u00abformado\u2026 del polvo del suelo\u00bb. Estos dos relatos de la creaci\u00f3n, de alguna manera reflejan aquellos dos aspectos diferentes de Ad\u00e1n: s\u00ed, \u00e9l es creado a imagen de Dios, pero tambi\u00e9n es \u00abformado\u2026 del polvo del suelo\u00bb. A partir de ahora esta incre\u00edble tensi\u00f3n entre el polvo del suelo del que somos formados, y la imagen de Dios en la que somos formados, marcar\u00e1n cada una de las dimensiones y cada uno de los pasos de las vidas humanas.<br>\nEsta es la raz\u00f3n del por qu\u00e9 muchos hombres o mujeres son inclinados a buscar m\u00e0s las cosas de la tierra que las espirituales. Aun en la iglesia tenemos esa clase de personas. Les cuesta tener fe en un Dios que provee, que sana y que soluciona problemas, porque su inclinaci\u00f3n a lo terrenal no les permite elevar sus ojos a los Montes y dejar que sea el Se\u00f1or su Socorro. Pero tambi\u00e9n est\u00e1n los otros, los espirituales, los que no buscan como desarrollar sus vidas en el trabajo y todo se lo dejan a Dios, viviendo una fe exagerada y eso los empuja a esperar todo del Cielo. <br>\nLas dos inclinaciones por s\u00ed solas nos hacen da\u00f1o. Si somos demasiado espirituales creeremos que ya no tenemos ninguna necesidad de amar a otros, de trabajar y de suplir a las necesidades de nuestro pr\u00f3jimo. Por eso es que debemos trabajar con nuestras manos, porque somos parte de la tierra para ocuparnos de las cosas de la tierra pero no quedarnos all\u00ed, sino tambi\u00e9n tenemos una parte espiritual para buscar las cosas de arriba. Fuimos hechos por Dios para mantener el equilibrio en nuestras vidas y permitir que \u201cvean vuestras buenas obras y glorifiquen al Se\u00f1or en vuestras vidas\u201d expres\u00f3 el Ap\u00f3stol. Si usted ley\u00f3 bien los dos relatos de la creaci\u00f3n del hombre, ver\u00e0 una gran diferencia entre uno y otro: En el primer relato, el hombre es \u201ccreado del\u201d, en el segundo es \u201cformado en\u201d.  <br>\nSOLI DEO GLORIA<\/p>\n","protected":false},"excerpt":{"rendered":"<p>Genesis 1:26 \u201cY dijo Dios: Hagamos al hombre a nuestra imagen\u201d G\u00e8nesis 2:7 \u201cEntonces el SE\u00d1OR Dios form\u00f3 al hombre del polvo de la tierra\u201d \u00bfPor qu\u00e9 es que tenemos que luchar contra la naturaleza carnal? \u00bfPor qu\u00e9 nos cuesta tanto ser espirituales? Hay una lucha constante entre lo que debemos ser y lo que [&hellip;]<\/p>\n","protected":false},"author":3,"featured_media":7949,"comment_status":"open","ping_status":"open","sticky":false,"template":"","format":"standard","meta":[],"categories":[36],"tags":[],"yoast_head":"<!-- This site is optimized with the Yoast SEO plugin v20.8 - https:\/\/yoast.com\/wordpress\/plugins\/seo\/ -->\n<title>Dos Naturalezas - La Prensa Cristiana<\/title>\n<meta name=\"robots\" content=\"index, follow, max-snippet:-1, max-image-preview:large, max-video-preview:-1\" \/>\n<link rel=\"canonical\" href=\"https:\/\/laprensacristiana.com\/?p=9218\" \/>\n<meta property=\"og:locale\" content=\"es_ES\" \/>\n<meta property=\"og:type\" content=\"article\" \/>\n<meta property=\"og:title\" content=\"Dos Naturalezas - La Prensa Cristiana\" \/>\n<meta property=\"og:description\" content=\"Genesis 1:26 \u201cY dijo Dios: Hagamos al hombre a nuestra imagen\u201d G\u00e8nesis 2:7 \u201cEntonces el SE\u00d1OR Dios form\u00f3 al hombre del polvo de la tierra\u201d \u00bfPor qu\u00e9 es que tenemos que luchar contra la naturaleza carnal? \u00bfPor qu\u00e9 nos cuesta tanto ser espirituales? Hay una lucha constante entre lo que debemos ser y lo que [&hellip;]\" \/>\n<meta property=\"og:url\" content=\"https:\/\/laprensacristiana.com\/?p=9218\" \/>\n<meta property=\"og:site_name\" content=\"La Prensa Cristiana\" \/>\n<meta property=\"article:published_time\" content=\"2020-06-12T16:51:58+00:00\" \/>\n<meta property=\"article:modified_time\" content=\"2020-06-12T16:52:00+00:00\" \/>\n<meta property=\"og:image\" content=\"https:\/\/laprensacristiana.com\/wp-content\/uploads\/2020\/01\/2017-11-23-PHOTO-00003245-1.jpg\" \/>\n\t<meta property=\"og:image:width\" content=\"1280\" \/>\n\t<meta property=\"og:image:height\" content=\"714\" \/>\n\t<meta property=\"og:image:type\" content=\"image\/jpeg\" \/>\n<meta name=\"author\" content=\"EDITOR\" \/>\n<meta name=\"twitter:card\" content=\"summary_large_image\" \/>\n<meta name=\"twitter:label1\" content=\"Escrito por\" \/>\n\t<meta name=\"twitter:data1\" content=\"EDITOR\" \/>\n\t<meta name=\"twitter:label2\" content=\"Tiempo de lectura\" \/>\n\t<meta name=\"twitter:data2\" content=\"3 minutos\" \/>\n<script type=\"application\/ld+json\" class=\"yoast-schema-graph\">{\"@context\":\"https:\/\/schema.org\",\"@graph\":[{\"@type\":\"WebPage\",\"@id\":\"https:\/\/laprensacristiana.com\/?p=9218\",\"url\":\"https:\/\/laprensacristiana.com\/?p=9218\",\"name\":\"Dos Naturalezas - La Prensa Cristiana\",\"isPartOf\":{\"@id\":\"https:\/\/laprensacristiana.com\/#website\"},\"datePublished\":\"2020-06-12T16:51:58+00:00\",\"dateModified\":\"2020-06-12T16:52:00+00:00\",\"author\":{\"@id\":\"https:\/\/laprensacristiana.com\/#\/schema\/person\/3e7d82c6bfd6b1fa67010f8f7cd5256e\"},\"breadcrumb\":{\"@id\":\"https:\/\/laprensacristiana.com\/?p=9218#breadcrumb\"},\"inLanguage\":\"es\",\"potentialAction\":[{\"@type\":\"ReadAction\",\"target\":[\"https:\/\/laprensacristiana.com\/?p=9218\"]}]},{\"@type\":\"BreadcrumbList\",\"@id\":\"https:\/\/laprensacristiana.com\/?p=9218#breadcrumb\",\"itemListElement\":[{\"@type\":\"ListItem\",\"position\":1,\"name\":\"Portada\",\"item\":\"https:\/\/laprensacristiana.com\/\"},{\"@type\":\"ListItem\",\"position\":2,\"name\":\"Dos Naturalezas\"}]},{\"@type\":\"WebSite\",\"@id\":\"https:\/\/laprensacristiana.com\/#website\",\"url\":\"https:\/\/laprensacristiana.com\/\",\"name\":\"La Prensa Cristiana\",\"description\":\"Anunciando Las Buenas Nuevas\",\"potentialAction\":[{\"@type\":\"SearchAction\",\"target\":{\"@type\":\"EntryPoint\",\"urlTemplate\":\"https:\/\/laprensacristiana.com\/?s={search_term_string}\"},\"query-input\":\"required name=search_term_string\"}],\"inLanguage\":\"es\"},{\"@type\":\"Person\",\"@id\":\"https:\/\/laprensacristiana.com\/#\/schema\/person\/3e7d82c6bfd6b1fa67010f8f7cd5256e\",\"name\":\"EDITOR\",\"image\":{\"@type\":\"ImageObject\",\"inLanguage\":\"es\",\"@id\":\"https:\/\/laprensacristiana.com\/#\/schema\/person\/image\/\",\"url\":\"https:\/\/secure.gravatar.com\/avatar\/72069dfb6c13772d9e8381e3638666d2?s=96&d=mm&r=g\",\"contentUrl\":\"https:\/\/secure.gravatar.com\/avatar\/72069dfb6c13772d9e8381e3638666d2?s=96&d=mm&r=g\",\"caption\":\"EDITOR\"},\"url\":\"https:\/\/laprensacristiana.com\/?author=3\"}]}<\/script>\n<!-- \/ Yoast SEO plugin. -->","yoast_head_json":{"title":"Dos Naturalezas - La Prensa Cristiana","robots":{"index":"index","follow":"follow","max-snippet":"max-snippet:-1","max-image-preview":"max-image-preview:large","max-video-preview":"max-video-preview:-1"},"canonical":"https:\/\/laprensacristiana.com\/?p=9218","og_locale":"es_ES","og_type":"article","og_title":"Dos Naturalezas - La Prensa Cristiana","og_description":"Genesis 1:26 \u201cY dijo Dios: Hagamos al hombre a nuestra imagen\u201d G\u00e8nesis 2:7 \u201cEntonces el SE\u00d1OR Dios form\u00f3 al hombre del polvo de la tierra\u201d \u00bfPor qu\u00e9 es que tenemos que luchar contra la naturaleza carnal? \u00bfPor qu\u00e9 nos cuesta tanto ser espirituales? Hay una lucha constante entre lo que debemos ser y lo que [&hellip;]","og_url":"https:\/\/laprensacristiana.com\/?p=9218","og_site_name":"La Prensa Cristiana","article_published_time":"2020-06-12T16:51:58+00:00","article_modified_time":"2020-06-12T16:52:00+00:00","og_image":[{"width":1280,"height":714,"url":"https:\/\/laprensacristiana.com\/wp-content\/uploads\/2020\/01\/2017-11-23-PHOTO-00003245-1.jpg","type":"image\/jpeg"}],"author":"EDITOR","twitter_card":"summary_large_image","twitter_misc":{"Escrito por":"EDITOR","Tiempo de lectura":"3 minutos"},"schema":{"@context":"https:\/\/schema.org","@graph":[{"@type":"WebPage","@id":"https:\/\/laprensacristiana.com\/?p=9218","url":"https:\/\/laprensacristiana.com\/?p=9218","name":"Dos Naturalezas - La Prensa Cristiana","isPartOf":{"@id":"https:\/\/laprensacristiana.com\/#website"},"datePublished":"2020-06-12T16:51:58+00:00","dateModified":"2020-06-12T16:52:00+00:00","author":{"@id":"https:\/\/laprensacristiana.com\/#\/schema\/person\/3e7d82c6bfd6b1fa67010f8f7cd5256e"},"breadcrumb":{"@id":"https:\/\/laprensacristiana.com\/?p=9218#breadcrumb"},"inLanguage":"es","potentialAction":[{"@type":"ReadAction","target":["https:\/\/laprensacristiana.com\/?p=9218"]}]},{"@type":"BreadcrumbList","@id":"https:\/\/laprensacristiana.com\/?p=9218#breadcrumb","itemListElement":[{"@type":"ListItem","position":1,"name":"Portada","item":"https:\/\/laprensacristiana.com\/"},{"@type":"ListItem","position":2,"name":"Dos Naturalezas"}]},{"@type":"WebSite","@id":"https:\/\/laprensacristiana.com\/#website","url":"https:\/\/laprensacristiana.com\/","name":"La Prensa Cristiana","description":"Anunciando Las Buenas Nuevas","potentialAction":[{"@type":"SearchAction","target":{"@type":"EntryPoint","urlTemplate":"https:\/\/laprensacristiana.com\/?s={search_term_string}"},"query-input":"required name=search_term_string"}],"inLanguage":"es"},{"@type":"Person","@id":"https:\/\/laprensacristiana.com\/#\/schema\/person\/3e7d82c6bfd6b1fa67010f8f7cd5256e","name":"EDITOR","image":{"@type":"ImageObject","inLanguage":"es","@id":"https:\/\/laprensacristiana.com\/#\/schema\/person\/image\/","url":"https:\/\/secure.gravatar.com\/avatar\/72069dfb6c13772d9e8381e3638666d2?s=96&d=mm&r=g","contentUrl":"https:\/\/secure.gravatar.com\/avatar\/72069dfb6c13772d9e8381e3638666d2?s=96&d=mm&r=g","caption":"EDITOR"},"url":"https:\/\/laprensacristiana.com\/?author=3"}]}},"_links":{"self":[{"href":"https:\/\/laprensacristiana.com\/index.php?rest_route=\/wp\/v2\/posts\/9218"}],"collection":[{"href":"https:\/\/laprensacristiana.com\/index.php?rest_route=\/wp\/v2\/posts"}],"about":[{"href":"https:\/\/laprensacristiana.com\/index.php?rest_route=\/wp\/v2\/types\/post"}],"author":[{"embeddable":true,"href":"https:\/\/laprensacristiana.com\/index.php?rest_route=\/wp\/v2\/users\/3"}],"replies":[{"embeddable":true,"href":"https:\/\/laprensacristiana.com\/index.php?rest_route=%2Fwp%2Fv2%2Fcomments&post=9218"}],"version-history":[{"count":1,"href":"https:\/\/laprensacristiana.com\/index.php?rest_route=\/wp\/v2\/posts\/9218\/revisions"}],"predecessor-version":[{"id":9219,"href":"https:\/\/laprensacristiana.com\/index.php?rest_route=\/wp\/v2\/posts\/9218\/revisions\/9219"}],"wp:featuredmedia":[{"embeddable":true,"href":"https:\/\/laprensacristiana.com\/index.php?rest_route=\/wp\/v2\/media\/7949"}],"wp:attachment":[{"href":"https:\/\/laprensacristiana.com\/index.php?rest_route=%2Fwp%2Fv2%2Fmedia&parent=9218"}],"wp:term":[{"taxonomy":"category","embeddable":true,"href":"https:\/\/laprensacristiana.com\/index.php?rest_route=%2Fwp%2Fv2%2Fcategories&post=9218"},{"taxonomy":"post_tag","embeddable":true,"href":"https:\/\/laprensacristiana.com\/index.php?rest_route=%2Fwp%2Fv2%2Ftags&post=9218"}],"curies":[{"name":"wp","href":"https:\/\/api.w.org\/{rel}","templated":true}]}}