{"id":9221,"date":"2020-06-12T19:52:14","date_gmt":"2020-06-12T19:52:14","guid":{"rendered":"https:\/\/laprensacristiana.com\/?p=9221"},"modified":"2020-06-12T19:52:16","modified_gmt":"2020-06-12T19:52:16","slug":"pastores-de-proximo-paso-presentan-protocolo-con-medidas-de-bioseguridad-para-iglesias","status":"publish","type":"post","link":"https:\/\/laprensacristiana.com\/?p=9221","title":{"rendered":"Pastores de \u201cPr\u00f3ximo Paso\u201d presentan protocolo con medidas de bioseguridad para iglesias"},"content":{"rendered":"\n<p>En horas de la ma\u00f1ana en las\ninstalaciones de Iglesia Nueva Familia San Salvador, el grupo de pastores y\nministerios \u201cPr\u00f3ximo Paso\u201d present\u00f3 un protocolo con medidas de seguridad a\nutilizar en las iglesias en su reapertura. <\/p>\n\n\n\n<p>En congruencia con los cambios\nmundiales que el Covid-19 ha generado, como Iglesias Cristianas Evang\u00e9licas\nSalvadore\u00f1as proponen adoptar medidas de bioseguridad, higiene y conducta, a\ntrav\u00e9s de un protocolo de transici\u00f3n, estructurado en 4 etapas, con la\nconciencia que ser\u00e1 un proceso entrar en la nueva normalidad del desarrollo de\nlas celebraciones y para ello las autoridades deben estructurar fases, el\ninicio de las etapas de esta propuesta iniciar\u00e1 en la fase que el gobierno lo\nestime conveniente. Las etapas ser\u00e1n distribuidas de la siguiente forma: ETAPA\n1: <strong>REAPERTURA, <\/strong>ETAPA 2: <strong>MODERACI\u00d3N, <\/strong>ETAPA 3: <strong>ARTICULACI\u00d3N, <\/strong>ETAPA 4: <strong>NORMALIDAD. <\/strong>Cada una de las etapas\ncontar\u00e1 con tres o cuatro semanas de duraci\u00f3n.<\/p>\n\n\n\n<p>\u201cHemos estado trabajando en un\nprotocolo consensuado con las ideas de la mayor\u00eda de iglesias, de acuerdo a las\nencuestas somos m\u00e1s de 2 millones de cristianos, si la gente se activa en un\ndomingo es casi la mitad poblaci\u00f3n de El Salvador que se estar\u00eda moviendo,\ntenemos una pandemia que no se puede obviar, necesitamos tener los protocolos, las\nmedidas y las capacitaciones necesarias para hacer las cosas de la manera\ncorrecta\u201d expres\u00f3 el pastor Edwin Guzm\u00e1n de la iglesia Congregaci\u00f3n Familiar\nAD. &nbsp;<\/p>\n\n\n\n<p>Entre las medidas que destacan en\nel instrumento que han presentado a la poblaci\u00f3n est\u00e1n: higienizar las\ninstalaciones antes de cada culto, gel antibacterial, uso de mascarillas, desinfectar\nzapatos, toma de temperatura antes del ingreso, distancia de 2 metros entre\nasistentes. <\/p>\n\n\n\n<p>\u201cLa primera parte del protocolo\nest\u00e1 sujeta a iniciar en el momento que el gobierno decida abrir las iglesias, nuestra\nintenci\u00f3n es facilitarles a todas las iglesias de distintas denominaciones un\nmodelo para continuar haciendo nuestra labor que es predicar a Jesucristo, y hacer\nlabor social, respetando la din\u00e1mica de organizaci\u00f3n que cada uno tiene.\u201d Acot\u00f3\nel pastor Juan Carlos Hasb\u00fan de Iglesia Kemuel. <\/p>\n\n\n\n<p>Seg\u00fan expresan no es correcto que\nlas iglesias se habiliten en la primera etapa de reactivaci\u00f3n del pa\u00eds, que lo\nprudente ser\u00eda entre la segunda o tercera etapa, m\u00e1s sin embargo manifiestan\nestar sujetos a las autoridades de gobierno y respetan los mecanismos a trav\u00e9s\nde los cuales se trabaja; tambi\u00e9n mencionaron que dicho protocolo ya ha sido\nentregado al \u00d3rgano Ejecutivo. &nbsp;<\/p>\n\n\n\n<figure class=\"wp-block-image\"><img decoding=\"async\" loading=\"lazy\" width=\"1024\" height=\"791\" src=\"https:\/\/laprensacristiana.com\/wp-content\/uploads\/2020\/06\/PROTOCOLO-1024x791.jpg\" alt=\"\" class=\"wp-image-9223\" srcset=\"https:\/\/laprensacristiana.com\/wp-content\/uploads\/2020\/06\/PROTOCOLO-1024x791.jpg 1024w, https:\/\/laprensacristiana.com\/wp-content\/uploads\/2020\/06\/PROTOCOLO-300x232.jpg 300w, https:\/\/laprensacristiana.com\/wp-content\/uploads\/2020\/06\/PROTOCOLO-768x593.jpg 768w, https:\/\/laprensacristiana.com\/wp-content\/uploads\/2020\/06\/PROTOCOLO-1536x1187.jpg 1536w, https:\/\/laprensacristiana.com\/wp-content\/uploads\/2020\/06\/PROTOCOLO-2048x1583.jpg 2048w, https:\/\/laprensacristiana.com\/wp-content\/uploads\/2020\/06\/PROTOCOLO-696x538.jpg 696w, https:\/\/laprensacristiana.com\/wp-content\/uploads\/2020\/06\/PROTOCOLO-1068x825.jpg 1068w, https:\/\/laprensacristiana.com\/wp-content\/uploads\/2020\/06\/PROTOCOLO-1920x1484.jpg 1920w, https:\/\/laprensacristiana.com\/wp-content\/uploads\/2020\/06\/PROTOCOLO-600x464.jpg 600w\" sizes=\"(max-width: 1024px) 100vw, 1024px\" \/><\/figure>\n\n\n\n<p>En el documento plasmado las regulaciones\niniciales van desde el hecho de hacer uso solamente del 50% de la capacidad de\nlas instalaciones, un d\u00eda a la semana para cultos con una duraci\u00f3n m\u00e1xima de 1\nhora 30 minutos, no aperturar escuela dominical para ni\u00f1os, restringir el\nacceso a personas con enfermedades cr\u00f3nicas, adultos mayores, mujeres\nembarazadas. Las medidas van bajando intensidad en cada etapa propuesta. Todo\ncon el fin de salvaguardar la vida de los miembros de cada congregaci\u00f3n. <\/p>\n\n\n\n<p>Cabe destacar que las organizaciones cristianas son excelentes agentes para gestionar el trato del estr\u00e9s, la ansiedad, el temor, y la depresi\u00f3n, por ser instituciones basadas en la fe y sostener un componente de transformaci\u00f3n en el ser humano. Insumos que las personas necesitan para sobreponerse a la pandemia. <\/p>\n\n\n\n<ul class=\"wp-block-gallery columns-3 is-cropped wp-block-gallery-1 is-layout-flex\"><li class=\"blocks-gallery-item\"><figure><img decoding=\"async\" loading=\"lazy\" width=\"791\" height=\"1024\" src=\"https:\/\/laprensacristiana.com\/wp-content\/uploads\/2020\/06\/1-1-791x1024.jpg\" alt=\"\" data-id=\"9224\" class=\"wp-image-9224\" srcset=\"https:\/\/laprensacristiana.com\/wp-content\/uploads\/2020\/06\/1-1-791x1024.jpg 791w, https:\/\/laprensacristiana.com\/wp-content\/uploads\/2020\/06\/1-1-232x300.jpg 232w, https:\/\/laprensacristiana.com\/wp-content\/uploads\/2020\/06\/1-1-768x994.jpg 768w, https:\/\/laprensacristiana.com\/wp-content\/uploads\/2020\/06\/1-1-1187x1536.jpg 1187w, https:\/\/laprensacristiana.com\/wp-content\/uploads\/2020\/06\/1-1-1582x2048.jpg 1582w, https:\/\/laprensacristiana.com\/wp-content\/uploads\/2020\/06\/1-1-696x901.jpg 696w, https:\/\/laprensacristiana.com\/wp-content\/uploads\/2020\/06\/1-1-1068x1382.jpg 1068w, https:\/\/laprensacristiana.com\/wp-content\/uploads\/2020\/06\/1-1-1920x2485.jpg 1920w, https:\/\/laprensacristiana.com\/wp-content\/uploads\/2020\/06\/1-1-600x777.jpg 600w\" sizes=\"(max-width: 791px) 100vw, 791px\" \/><\/figure><\/li><li class=\"blocks-gallery-item\"><figure><img decoding=\"async\" loading=\"lazy\" width=\"791\" height=\"1024\" src=\"https:\/\/laprensacristiana.com\/wp-content\/uploads\/2020\/06\/2-2-791x1024.jpg\" alt=\"\" data-id=\"9225\" data-link=\"https:\/\/laprensacristiana.com\/?attachment_id=9225\" class=\"wp-image-9225\" srcset=\"https:\/\/laprensacristiana.com\/wp-content\/uploads\/2020\/06\/2-2-791x1024.jpg 791w, https:\/\/laprensacristiana.com\/wp-content\/uploads\/2020\/06\/2-2-232x300.jpg 232w, https:\/\/laprensacristiana.com\/wp-content\/uploads\/2020\/06\/2-2-768x994.jpg 768w, https:\/\/laprensacristiana.com\/wp-content\/uploads\/2020\/06\/2-2-1187x1536.jpg 1187w, https:\/\/laprensacristiana.com\/wp-content\/uploads\/2020\/06\/2-2-1582x2048.jpg 1582w, https:\/\/laprensacristiana.com\/wp-content\/uploads\/2020\/06\/2-2-696x901.jpg 696w, https:\/\/laprensacristiana.com\/wp-content\/uploads\/2020\/06\/2-2-1068x1382.jpg 1068w, https:\/\/laprensacristiana.com\/wp-content\/uploads\/2020\/06\/2-2-1920x2485.jpg 1920w, https:\/\/laprensacristiana.com\/wp-content\/uploads\/2020\/06\/2-2-600x777.jpg 600w\" sizes=\"(max-width: 791px) 100vw, 791px\" \/><\/figure><\/li><li class=\"blocks-gallery-item\"><figure><img decoding=\"async\" loading=\"lazy\" width=\"791\" height=\"1024\" src=\"https:\/\/laprensacristiana.com\/wp-content\/uploads\/2020\/06\/3-1-791x1024.jpg\" alt=\"\" data-id=\"9226\" data-link=\"https:\/\/laprensacristiana.com\/?attachment_id=9226\" class=\"wp-image-9226\" srcset=\"https:\/\/laprensacristiana.com\/wp-content\/uploads\/2020\/06\/3-1-791x1024.jpg 791w, https:\/\/laprensacristiana.com\/wp-content\/uploads\/2020\/06\/3-1-232x300.jpg 232w, https:\/\/laprensacristiana.com\/wp-content\/uploads\/2020\/06\/3-1-768x994.jpg 768w, https:\/\/laprensacristiana.com\/wp-content\/uploads\/2020\/06\/3-1-1187x1536.jpg 1187w, https:\/\/laprensacristiana.com\/wp-content\/uploads\/2020\/06\/3-1-1582x2048.jpg 1582w, https:\/\/laprensacristiana.com\/wp-content\/uploads\/2020\/06\/3-1-696x901.jpg 696w, https:\/\/laprensacristiana.com\/wp-content\/uploads\/2020\/06\/3-1-1068x1382.jpg 1068w, https:\/\/laprensacristiana.com\/wp-content\/uploads\/2020\/06\/3-1-1920x2485.jpg 1920w, https:\/\/laprensacristiana.com\/wp-content\/uploads\/2020\/06\/3-1-600x777.jpg 600w\" sizes=\"(max-width: 791px) 100vw, 791px\" \/><\/figure><\/li><li class=\"blocks-gallery-item\"><figure><img decoding=\"async\" loading=\"lazy\" width=\"2549\" height=\"3283\" src=\"https:\/\/laprensacristiana.com\/wp-content\/uploads\/2020\/06\/4-795x1024.jpg\" alt=\"\" data-id=\"9227\" data-link=\"https:\/\/laprensacristiana.com\/?attachment_id=9227\" class=\"wp-image-9227\" srcset=\"https:\/\/laprensacristiana.com\/wp-content\/uploads\/2020\/06\/4-795x1024.jpg 795w, https:\/\/laprensacristiana.com\/wp-content\/uploads\/2020\/06\/4-233x300.jpg 233w, https:\/\/laprensacristiana.com\/wp-content\/uploads\/2020\/06\/4-768x989.jpg 768w, https:\/\/laprensacristiana.com\/wp-content\/uploads\/2020\/06\/4-1193x1536.jpg 1193w, https:\/\/laprensacristiana.com\/wp-content\/uploads\/2020\/06\/4-1590x2048.jpg 1590w, https:\/\/laprensacristiana.com\/wp-content\/uploads\/2020\/06\/4-696x896.jpg 696w, https:\/\/laprensacristiana.com\/wp-content\/uploads\/2020\/06\/4-1068x1376.jpg 1068w, https:\/\/laprensacristiana.com\/wp-content\/uploads\/2020\/06\/4-1920x2473.jpg 1920w, https:\/\/laprensacristiana.com\/wp-content\/uploads\/2020\/06\/4-600x773.jpg 600w\" sizes=\"(max-width: 2549px) 100vw, 2549px\" \/><\/figure><\/li><li class=\"blocks-gallery-item\"><figure><img decoding=\"async\" loading=\"lazy\" width=\"792\" height=\"1024\" src=\"https:\/\/laprensacristiana.com\/wp-content\/uploads\/2020\/06\/5-792x1024.jpg\" alt=\"\" data-id=\"9228\" data-link=\"https:\/\/laprensacristiana.com\/?attachment_id=9228\" class=\"wp-image-9228\" srcset=\"https:\/\/laprensacristiana.com\/wp-content\/uploads\/2020\/06\/5-792x1024.jpg 792w, https:\/\/laprensacristiana.com\/wp-content\/uploads\/2020\/06\/5-232x300.jpg 232w, https:\/\/laprensacristiana.com\/wp-content\/uploads\/2020\/06\/5-768x993.jpg 768w, https:\/\/laprensacristiana.com\/wp-content\/uploads\/2020\/06\/5-1188x1536.jpg 1188w, https:\/\/laprensacristiana.com\/wp-content\/uploads\/2020\/06\/5-1583x2048.jpg 1583w, https:\/\/laprensacristiana.com\/wp-content\/uploads\/2020\/06\/5-696x900.jpg 696w, https:\/\/laprensacristiana.com\/wp-content\/uploads\/2020\/06\/5-1068x1381.jpg 1068w, https:\/\/laprensacristiana.com\/wp-content\/uploads\/2020\/06\/5-1920x2483.jpg 1920w, https:\/\/laprensacristiana.com\/wp-content\/uploads\/2020\/06\/5-600x776.jpg 600w\" sizes=\"(max-width: 792px) 100vw, 792px\" \/><\/figure><\/li><li class=\"blocks-gallery-item\"><figure><img decoding=\"async\" loading=\"lazy\" width=\"793\" height=\"1024\" src=\"https:\/\/laprensacristiana.com\/wp-content\/uploads\/2020\/06\/6-793x1024.jpg\" alt=\"\" data-id=\"9229\" data-link=\"https:\/\/laprensacristiana.com\/?attachment_id=9229\" class=\"wp-image-9229\" srcset=\"https:\/\/laprensacristiana.com\/wp-content\/uploads\/2020\/06\/6-793x1024.jpg 793w, https:\/\/laprensacristiana.com\/wp-content\/uploads\/2020\/06\/6-232x300.jpg 232w, https:\/\/laprensacristiana.com\/wp-content\/uploads\/2020\/06\/6-768x992.jpg 768w, https:\/\/laprensacristiana.com\/wp-content\/uploads\/2020\/06\/6-1189x1536.jpg 1189w, https:\/\/laprensacristiana.com\/wp-content\/uploads\/2020\/06\/6-1585x2048.jpg 1585w, https:\/\/laprensacristiana.com\/wp-content\/uploads\/2020\/06\/6-696x899.jpg 696w, https:\/\/laprensacristiana.com\/wp-content\/uploads\/2020\/06\/6-1068x1380.jpg 1068w, https:\/\/laprensacristiana.com\/wp-content\/uploads\/2020\/06\/6-1920x2480.jpg 1920w, https:\/\/laprensacristiana.com\/wp-content\/uploads\/2020\/06\/6-600x775.jpg 600w\" sizes=\"(max-width: 793px) 100vw, 793px\" \/><\/figure><\/li><li class=\"blocks-gallery-item\"><figure><img decoding=\"async\" loading=\"lazy\" width=\"792\" height=\"1024\" src=\"https:\/\/laprensacristiana.com\/wp-content\/uploads\/2020\/06\/7-792x1024.jpg\" alt=\"\" data-id=\"9230\" data-link=\"https:\/\/laprensacristiana.com\/?attachment_id=9230\" class=\"wp-image-9230\" srcset=\"https:\/\/laprensacristiana.com\/wp-content\/uploads\/2020\/06\/7-792x1024.jpg 792w, https:\/\/laprensacristiana.com\/wp-content\/uploads\/2020\/06\/7-232x300.jpg 232w, https:\/\/laprensacristiana.com\/wp-content\/uploads\/2020\/06\/7-768x992.jpg 768w, https:\/\/laprensacristiana.com\/wp-content\/uploads\/2020\/06\/7-1189x1536.jpg 1189w, https:\/\/laprensacristiana.com\/wp-content\/uploads\/2020\/06\/7-1585x2048.jpg 1585w, https:\/\/laprensacristiana.com\/wp-content\/uploads\/2020\/06\/7-696x899.jpg 696w, https:\/\/laprensacristiana.com\/wp-content\/uploads\/2020\/06\/7-1068x1380.jpg 1068w, https:\/\/laprensacristiana.com\/wp-content\/uploads\/2020\/06\/7-1920x2481.jpg 1920w, https:\/\/laprensacristiana.com\/wp-content\/uploads\/2020\/06\/7-600x775.jpg 600w\" sizes=\"(max-width: 792px) 100vw, 792px\" \/><\/figure><\/li><\/ul>\n","protected":false},"excerpt":{"rendered":"<p>En horas de la ma\u00f1ana en las instalaciones de Iglesia Nueva Familia San Salvador, el grupo de pastores y ministerios \u201cPr\u00f3ximo Paso\u201d present\u00f3 un protocolo con medidas de seguridad a utilizar en las iglesias en su reapertura. En congruencia con los cambios mundiales que el Covid-19 ha generado, como Iglesias Cristianas Evang\u00e9licas Salvadore\u00f1as proponen adoptar [&hellip;]<\/p>\n","protected":false},"author":3,"featured_media":9222,"comment_status":"open","ping_status":"open","sticky":false,"template":"","format":"standard","meta":[],"categories":[56],"tags":[],"yoast_head":"<!-- This site is optimized with the Yoast SEO plugin v20.8 - https:\/\/yoast.com\/wordpress\/plugins\/seo\/ -->\n<title>Pastores de \u201cPr\u00f3ximo Paso\u201d presentan protocolo con medidas de bioseguridad para iglesias - La Prensa Cristiana<\/title>\n<meta name=\"robots\" content=\"index, follow, max-snippet:-1, max-image-preview:large, max-video-preview:-1\" \/>\n<link rel=\"canonical\" href=\"https:\/\/laprensacristiana.com\/?p=9221\" \/>\n<meta property=\"og:locale\" content=\"es_ES\" \/>\n<meta property=\"og:type\" content=\"article\" \/>\n<meta property=\"og:title\" content=\"Pastores de \u201cPr\u00f3ximo Paso\u201d presentan protocolo con medidas de bioseguridad para iglesias - La Prensa Cristiana\" \/>\n<meta property=\"og:description\" content=\"En horas de la ma\u00f1ana en las instalaciones de Iglesia Nueva Familia San Salvador, el grupo de pastores y ministerios \u201cPr\u00f3ximo Paso\u201d present\u00f3 un protocolo con medidas de seguridad a utilizar en las iglesias en su reapertura. En congruencia con los cambios mundiales que el Covid-19 ha generado, como Iglesias Cristianas Evang\u00e9licas Salvadore\u00f1as proponen adoptar [&hellip;]\" \/>\n<meta property=\"og:url\" content=\"https:\/\/laprensacristiana.com\/?p=9221\" \/>\n<meta property=\"og:site_name\" content=\"La Prensa Cristiana\" \/>\n<meta property=\"article:published_time\" content=\"2020-06-12T19:52:14+00:00\" \/>\n<meta property=\"article:modified_time\" content=\"2020-06-12T19:52:16+00:00\" \/>\n<meta property=\"og:image\" content=\"https:\/\/laprensacristiana.com\/wp-content\/uploads\/2020\/06\/proximo-paso.jpg\" \/>\n\t<meta property=\"og:image:width\" content=\"1622\" \/>\n\t<meta property=\"og:image:height\" content=\"880\" \/>\n\t<meta property=\"og:image:type\" content=\"image\/jpeg\" \/>\n<meta name=\"author\" content=\"EDITOR\" \/>\n<meta name=\"twitter:card\" content=\"summary_large_image\" \/>\n<meta name=\"twitter:label1\" content=\"Escrito por\" \/>\n\t<meta name=\"twitter:data1\" content=\"EDITOR\" \/>\n\t<meta name=\"twitter:label2\" content=\"Tiempo de lectura\" \/>\n\t<meta name=\"twitter:data2\" content=\"3 minutos\" \/>\n<script type=\"application\/ld+json\" class=\"yoast-schema-graph\">{\"@context\":\"https:\/\/schema.org\",\"@graph\":[{\"@type\":\"WebPage\",\"@id\":\"https:\/\/laprensacristiana.com\/?p=9221\",\"url\":\"https:\/\/laprensacristiana.com\/?p=9221\",\"name\":\"Pastores de \u201cPr\u00f3ximo Paso\u201d presentan protocolo con medidas de bioseguridad para iglesias - La Prensa Cristiana\",\"isPartOf\":{\"@id\":\"https:\/\/laprensacristiana.com\/#website\"},\"datePublished\":\"2020-06-12T19:52:14+00:00\",\"dateModified\":\"2020-06-12T19:52:16+00:00\",\"author\":{\"@id\":\"https:\/\/laprensacristiana.com\/#\/schema\/person\/3e7d82c6bfd6b1fa67010f8f7cd5256e\"},\"breadcrumb\":{\"@id\":\"https:\/\/laprensacristiana.com\/?p=9221#breadcrumb\"},\"inLanguage\":\"es\",\"potentialAction\":[{\"@type\":\"ReadAction\",\"target\":[\"https:\/\/laprensacristiana.com\/?p=9221\"]}]},{\"@type\":\"BreadcrumbList\",\"@id\":\"https:\/\/laprensacristiana.com\/?p=9221#breadcrumb\",\"itemListElement\":[{\"@type\":\"ListItem\",\"position\":1,\"name\":\"Portada\",\"item\":\"https:\/\/laprensacristiana.com\/\"},{\"@type\":\"ListItem\",\"position\":2,\"name\":\"Pastores de \u201cPr\u00f3ximo Paso\u201d presentan protocolo con medidas de bioseguridad para iglesias\"}]},{\"@type\":\"WebSite\",\"@id\":\"https:\/\/laprensacristiana.com\/#website\",\"url\":\"https:\/\/laprensacristiana.com\/\",\"name\":\"La Prensa Cristiana\",\"description\":\"Anunciando Las Buenas Nuevas\",\"potentialAction\":[{\"@type\":\"SearchAction\",\"target\":{\"@type\":\"EntryPoint\",\"urlTemplate\":\"https:\/\/laprensacristiana.com\/?s={search_term_string}\"},\"query-input\":\"required name=search_term_string\"}],\"inLanguage\":\"es\"},{\"@type\":\"Person\",\"@id\":\"https:\/\/laprensacristiana.com\/#\/schema\/person\/3e7d82c6bfd6b1fa67010f8f7cd5256e\",\"name\":\"EDITOR\",\"image\":{\"@type\":\"ImageObject\",\"inLanguage\":\"es\",\"@id\":\"https:\/\/laprensacristiana.com\/#\/schema\/person\/image\/\",\"url\":\"https:\/\/secure.gravatar.com\/avatar\/72069dfb6c13772d9e8381e3638666d2?s=96&d=mm&r=g\",\"contentUrl\":\"https:\/\/secure.gravatar.com\/avatar\/72069dfb6c13772d9e8381e3638666d2?s=96&d=mm&r=g\",\"caption\":\"EDITOR\"},\"url\":\"https:\/\/laprensacristiana.com\/?author=3\"}]}<\/script>\n<!-- \/ Yoast SEO plugin. -->","yoast_head_json":{"title":"Pastores de \u201cPr\u00f3ximo Paso\u201d presentan protocolo con medidas de bioseguridad para iglesias - La Prensa Cristiana","robots":{"index":"index","follow":"follow","max-snippet":"max-snippet:-1","max-image-preview":"max-image-preview:large","max-video-preview":"max-video-preview:-1"},"canonical":"https:\/\/laprensacristiana.com\/?p=9221","og_locale":"es_ES","og_type":"article","og_title":"Pastores de \u201cPr\u00f3ximo Paso\u201d presentan protocolo con medidas de bioseguridad para iglesias - La Prensa Cristiana","og_description":"En horas de la ma\u00f1ana en las instalaciones de Iglesia Nueva Familia San Salvador, el grupo de pastores y ministerios \u201cPr\u00f3ximo Paso\u201d present\u00f3 un protocolo con medidas de seguridad a utilizar en las iglesias en su reapertura. En congruencia con los cambios mundiales que el Covid-19 ha generado, como Iglesias Cristianas Evang\u00e9licas Salvadore\u00f1as proponen adoptar [&hellip;]","og_url":"https:\/\/laprensacristiana.com\/?p=9221","og_site_name":"La Prensa Cristiana","article_published_time":"2020-06-12T19:52:14+00:00","article_modified_time":"2020-06-12T19:52:16+00:00","og_image":[{"width":1622,"height":880,"url":"https:\/\/laprensacristiana.com\/wp-content\/uploads\/2020\/06\/proximo-paso.jpg","type":"image\/jpeg"}],"author":"EDITOR","twitter_card":"summary_large_image","twitter_misc":{"Escrito por":"EDITOR","Tiempo de lectura":"3 minutos"},"schema":{"@context":"https:\/\/schema.org","@graph":[{"@type":"WebPage","@id":"https:\/\/laprensacristiana.com\/?p=9221","url":"https:\/\/laprensacristiana.com\/?p=9221","name":"Pastores de \u201cPr\u00f3ximo Paso\u201d presentan protocolo con medidas de bioseguridad para iglesias - La Prensa Cristiana","isPartOf":{"@id":"https:\/\/laprensacristiana.com\/#website"},"datePublished":"2020-06-12T19:52:14+00:00","dateModified":"2020-06-12T19:52:16+00:00","author":{"@id":"https:\/\/laprensacristiana.com\/#\/schema\/person\/3e7d82c6bfd6b1fa67010f8f7cd5256e"},"breadcrumb":{"@id":"https:\/\/laprensacristiana.com\/?p=9221#breadcrumb"},"inLanguage":"es","potentialAction":[{"@type":"ReadAction","target":["https:\/\/laprensacristiana.com\/?p=9221"]}]},{"@type":"BreadcrumbList","@id":"https:\/\/laprensacristiana.com\/?p=9221#breadcrumb","itemListElement":[{"@type":"ListItem","position":1,"name":"Portada","item":"https:\/\/laprensacristiana.com\/"},{"@type":"ListItem","position":2,"name":"Pastores de \u201cPr\u00f3ximo Paso\u201d presentan protocolo con medidas de bioseguridad para iglesias"}]},{"@type":"WebSite","@id":"https:\/\/laprensacristiana.com\/#website","url":"https:\/\/laprensacristiana.com\/","name":"La Prensa Cristiana","description":"Anunciando Las Buenas Nuevas","potentialAction":[{"@type":"SearchAction","target":{"@type":"EntryPoint","urlTemplate":"https:\/\/laprensacristiana.com\/?s={search_term_string}"},"query-input":"required name=search_term_string"}],"inLanguage":"es"},{"@type":"Person","@id":"https:\/\/laprensacristiana.com\/#\/schema\/person\/3e7d82c6bfd6b1fa67010f8f7cd5256e","name":"EDITOR","image":{"@type":"ImageObject","inLanguage":"es","@id":"https:\/\/laprensacristiana.com\/#\/schema\/person\/image\/","url":"https:\/\/secure.gravatar.com\/avatar\/72069dfb6c13772d9e8381e3638666d2?s=96&d=mm&r=g","contentUrl":"https:\/\/secure.gravatar.com\/avatar\/72069dfb6c13772d9e8381e3638666d2?s=96&d=mm&r=g","caption":"EDITOR"},"url":"https:\/\/laprensacristiana.com\/?author=3"}]}},"_links":{"self":[{"href":"https:\/\/laprensacristiana.com\/index.php?rest_route=\/wp\/v2\/posts\/9221"}],"collection":[{"href":"https:\/\/laprensacristiana.com\/index.php?rest_route=\/wp\/v2\/posts"}],"about":[{"href":"https:\/\/laprensacristiana.com\/index.php?rest_route=\/wp\/v2\/types\/post"}],"author":[{"embeddable":true,"href":"https:\/\/laprensacristiana.com\/index.php?rest_route=\/wp\/v2\/users\/3"}],"replies":[{"embeddable":true,"href":"https:\/\/laprensacristiana.com\/index.php?rest_route=%2Fwp%2Fv2%2Fcomments&post=9221"}],"version-history":[{"count":1,"href":"https:\/\/laprensacristiana.com\/index.php?rest_route=\/wp\/v2\/posts\/9221\/revisions"}],"predecessor-version":[{"id":9231,"href":"https:\/\/laprensacristiana.com\/index.php?rest_route=\/wp\/v2\/posts\/9221\/revisions\/9231"}],"wp:featuredmedia":[{"embeddable":true,"href":"https:\/\/laprensacristiana.com\/index.php?rest_route=\/wp\/v2\/media\/9222"}],"wp:attachment":[{"href":"https:\/\/laprensacristiana.com\/index.php?rest_route=%2Fwp%2Fv2%2Fmedia&parent=9221"}],"wp:term":[{"taxonomy":"category","embeddable":true,"href":"https:\/\/laprensacristiana.com\/index.php?rest_route=%2Fwp%2Fv2%2Fcategories&post=9221"},{"taxonomy":"post_tag","embeddable":true,"href":"https:\/\/laprensacristiana.com\/index.php?rest_route=%2Fwp%2Fv2%2Ftags&post=9221"}],"curies":[{"name":"wp","href":"https:\/\/api.w.org\/{rel}","templated":true}]}}