{"id":9236,"date":"2020-06-12T23:07:53","date_gmt":"2020-06-12T23:07:53","guid":{"rendered":"https:\/\/laprensacristiana.com\/?p=9236"},"modified":"2020-06-12T23:11:04","modified_gmt":"2020-06-12T23:11:04","slug":"iglesia-tierra-de-bendicion-lleva-viveres-a-zonas-afectadas","status":"publish","type":"post","link":"https:\/\/laprensacristiana.com\/?p=9236","title":{"rendered":"Iglesia Tierra de Bendici\u00f3n lleva v\u00edveres a zonas afectadas."},"content":{"rendered":"\n<p>Iglesia Tierra de Bendici\u00f3n sigue llevando ayuda a diferentes comunidades, en medio de la pandemia del COVID-19, El Salvador se enfrent\u00f3 a la tormenta Amanda que dej\u00f3 da\u00f1os significativos en Miles de viviendas provocando la evacuaci\u00f3n de muchas familias para resguardar sus vidas.<\/p>\n\n\n\n<p>La iglesia como muchas otras denominaciones sigue aportando su grano de arena, en esta ocasi\u00f3n el pastor Yuri Walberto Mart\u00ednez junto a su equipo de trabajo llevaron un donativo de v\u00edveres al Cobanal, Los Laureles, Apopa, y la Comunidad Madrid.<\/p>\n","protected":false},"excerpt":{"rendered":"<p>Iglesia Tierra de Bendici\u00f3n sigue llevando ayuda a diferentes comunidades, en medio de la pandemia del COVID-19, El Salvador se enfrent\u00f3 a la tormenta Amanda que dej\u00f3 da\u00f1os significativos en Miles de viviendas provocando la evacuaci\u00f3n de muchas familias para resguardar sus vidas. La iglesia como muchas otras denominaciones sigue aportando su grano de arena, [&hellip;]<\/p>\n","protected":false},"author":3,"featured_media":9237,"comment_status":"open","ping_status":"open","sticky":false,"template":"","format":"standard","meta":[],"categories":[77],"tags":[],"yoast_head":"<!-- This site is optimized with the Yoast SEO plugin v20.8 - https:\/\/yoast.com\/wordpress\/plugins\/seo\/ -->\n<title>Iglesia Tierra de Bendici\u00f3n lleva v\u00edveres a zonas afectadas. - La Prensa Cristiana<\/title>\n<meta name=\"robots\" content=\"index, follow, max-snippet:-1, max-image-preview:large, max-video-preview:-1\" \/>\n<link rel=\"canonical\" href=\"https:\/\/laprensacristiana.com\/?p=9236\" \/>\n<meta property=\"og:locale\" content=\"es_ES\" \/>\n<meta property=\"og:type\" content=\"article\" \/>\n<meta property=\"og:title\" content=\"Iglesia Tierra de Bendici\u00f3n lleva v\u00edveres a zonas afectadas. - La Prensa Cristiana\" \/>\n<meta property=\"og:description\" content=\"Iglesia Tierra de Bendici\u00f3n sigue llevando ayuda a diferentes comunidades, en medio de la pandemia del COVID-19, El Salvador se enfrent\u00f3 a la tormenta Amanda que dej\u00f3 da\u00f1os significativos en Miles de viviendas provocando la evacuaci\u00f3n de muchas familias para resguardar sus vidas. La iglesia como muchas otras denominaciones sigue aportando su grano de arena, [&hellip;]\" \/>\n<meta property=\"og:url\" content=\"https:\/\/laprensacristiana.com\/?p=9236\" \/>\n<meta property=\"og:site_name\" content=\"La Prensa Cristiana\" \/>\n<meta property=\"article:published_time\" content=\"2020-06-12T23:07:53+00:00\" \/>\n<meta property=\"article:modified_time\" content=\"2020-06-12T23:11:04+00:00\" \/>\n<meta property=\"og:image\" content=\"https:\/\/laprensacristiana.com\/wp-content\/uploads\/2020\/06\/IMG-20200612-WA0079.jpg\" \/>\n\t<meta property=\"og:image:width\" content=\"720\" \/>\n\t<meta property=\"og:image:height\" content=\"540\" \/>\n\t<meta property=\"og:image:type\" content=\"image\/jpeg\" \/>\n<meta name=\"author\" content=\"EDITOR\" \/>\n<meta name=\"twitter:card\" content=\"summary_large_image\" \/>\n<meta name=\"twitter:label1\" content=\"Escrito por\" \/>\n\t<meta name=\"twitter:data1\" content=\"EDITOR\" \/>\n<script type=\"application\/ld+json\" class=\"yoast-schema-graph\">{\"@context\":\"https:\/\/schema.org\",\"@graph\":[{\"@type\":\"WebPage\",\"@id\":\"https:\/\/laprensacristiana.com\/?p=9236\",\"url\":\"https:\/\/laprensacristiana.com\/?p=9236\",\"name\":\"Iglesia Tierra de Bendici\u00f3n lleva v\u00edveres a zonas afectadas. - La Prensa Cristiana\",\"isPartOf\":{\"@id\":\"https:\/\/laprensacristiana.com\/#website\"},\"datePublished\":\"2020-06-12T23:07:53+00:00\",\"dateModified\":\"2020-06-12T23:11:04+00:00\",\"author\":{\"@id\":\"https:\/\/laprensacristiana.com\/#\/schema\/person\/3e7d82c6bfd6b1fa67010f8f7cd5256e\"},\"breadcrumb\":{\"@id\":\"https:\/\/laprensacristiana.com\/?p=9236#breadcrumb\"},\"inLanguage\":\"es\",\"potentialAction\":[{\"@type\":\"ReadAction\",\"target\":[\"https:\/\/laprensacristiana.com\/?p=9236\"]}]},{\"@type\":\"BreadcrumbList\",\"@id\":\"https:\/\/laprensacristiana.com\/?p=9236#breadcrumb\",\"itemListElement\":[{\"@type\":\"ListItem\",\"position\":1,\"name\":\"Portada\",\"item\":\"https:\/\/laprensacristiana.com\/\"},{\"@type\":\"ListItem\",\"position\":2,\"name\":\"Iglesia Tierra de Bendici\u00f3n lleva v\u00edveres a zonas afectadas.\"}]},{\"@type\":\"WebSite\",\"@id\":\"https:\/\/laprensacristiana.com\/#website\",\"url\":\"https:\/\/laprensacristiana.com\/\",\"name\":\"La Prensa Cristiana\",\"description\":\"Anunciando Las Buenas Nuevas\",\"potentialAction\":[{\"@type\":\"SearchAction\",\"target\":{\"@type\":\"EntryPoint\",\"urlTemplate\":\"https:\/\/laprensacristiana.com\/?s={search_term_string}\"},\"query-input\":\"required name=search_term_string\"}],\"inLanguage\":\"es\"},{\"@type\":\"Person\",\"@id\":\"https:\/\/laprensacristiana.com\/#\/schema\/person\/3e7d82c6bfd6b1fa67010f8f7cd5256e\",\"name\":\"EDITOR\",\"image\":{\"@type\":\"ImageObject\",\"inLanguage\":\"es\",\"@id\":\"https:\/\/laprensacristiana.com\/#\/schema\/person\/image\/\",\"url\":\"https:\/\/secure.gravatar.com\/avatar\/72069dfb6c13772d9e8381e3638666d2?s=96&d=mm&r=g\",\"contentUrl\":\"https:\/\/secure.gravatar.com\/avatar\/72069dfb6c13772d9e8381e3638666d2?s=96&d=mm&r=g\",\"caption\":\"EDITOR\"},\"url\":\"https:\/\/laprensacristiana.com\/?author=3\"}]}<\/script>\n<!-- \/ Yoast SEO plugin. -->","yoast_head_json":{"title":"Iglesia Tierra de Bendici\u00f3n lleva v\u00edveres a zonas afectadas. - La Prensa Cristiana","robots":{"index":"index","follow":"follow","max-snippet":"max-snippet:-1","max-image-preview":"max-image-preview:large","max-video-preview":"max-video-preview:-1"},"canonical":"https:\/\/laprensacristiana.com\/?p=9236","og_locale":"es_ES","og_type":"article","og_title":"Iglesia Tierra de Bendici\u00f3n lleva v\u00edveres a zonas afectadas. - La Prensa Cristiana","og_description":"Iglesia Tierra de Bendici\u00f3n sigue llevando ayuda a diferentes comunidades, en medio de la pandemia del COVID-19, El Salvador se enfrent\u00f3 a la tormenta Amanda que dej\u00f3 da\u00f1os significativos en Miles de viviendas provocando la evacuaci\u00f3n de muchas familias para resguardar sus vidas. La iglesia como muchas otras denominaciones sigue aportando su grano de arena, [&hellip;]","og_url":"https:\/\/laprensacristiana.com\/?p=9236","og_site_name":"La Prensa Cristiana","article_published_time":"2020-06-12T23:07:53+00:00","article_modified_time":"2020-06-12T23:11:04+00:00","og_image":[{"width":720,"height":540,"url":"https:\/\/laprensacristiana.com\/wp-content\/uploads\/2020\/06\/IMG-20200612-WA0079.jpg","type":"image\/jpeg"}],"author":"EDITOR","twitter_card":"summary_large_image","twitter_misc":{"Escrito por":"EDITOR"},"schema":{"@context":"https:\/\/schema.org","@graph":[{"@type":"WebPage","@id":"https:\/\/laprensacristiana.com\/?p=9236","url":"https:\/\/laprensacristiana.com\/?p=9236","name":"Iglesia Tierra de Bendici\u00f3n lleva v\u00edveres a zonas afectadas. - La Prensa Cristiana","isPartOf":{"@id":"https:\/\/laprensacristiana.com\/#website"},"datePublished":"2020-06-12T23:07:53+00:00","dateModified":"2020-06-12T23:11:04+00:00","author":{"@id":"https:\/\/laprensacristiana.com\/#\/schema\/person\/3e7d82c6bfd6b1fa67010f8f7cd5256e"},"breadcrumb":{"@id":"https:\/\/laprensacristiana.com\/?p=9236#breadcrumb"},"inLanguage":"es","potentialAction":[{"@type":"ReadAction","target":["https:\/\/laprensacristiana.com\/?p=9236"]}]},{"@type":"BreadcrumbList","@id":"https:\/\/laprensacristiana.com\/?p=9236#breadcrumb","itemListElement":[{"@type":"ListItem","position":1,"name":"Portada","item":"https:\/\/laprensacristiana.com\/"},{"@type":"ListItem","position":2,"name":"Iglesia Tierra de Bendici\u00f3n lleva v\u00edveres a zonas afectadas."}]},{"@type":"WebSite","@id":"https:\/\/laprensacristiana.com\/#website","url":"https:\/\/laprensacristiana.com\/","name":"La Prensa Cristiana","description":"Anunciando Las Buenas Nuevas","potentialAction":[{"@type":"SearchAction","target":{"@type":"EntryPoint","urlTemplate":"https:\/\/laprensacristiana.com\/?s={search_term_string}"},"query-input":"required name=search_term_string"}],"inLanguage":"es"},{"@type":"Person","@id":"https:\/\/laprensacristiana.com\/#\/schema\/person\/3e7d82c6bfd6b1fa67010f8f7cd5256e","name":"EDITOR","image":{"@type":"ImageObject","inLanguage":"es","@id":"https:\/\/laprensacristiana.com\/#\/schema\/person\/image\/","url":"https:\/\/secure.gravatar.com\/avatar\/72069dfb6c13772d9e8381e3638666d2?s=96&d=mm&r=g","contentUrl":"https:\/\/secure.gravatar.com\/avatar\/72069dfb6c13772d9e8381e3638666d2?s=96&d=mm&r=g","caption":"EDITOR"},"url":"https:\/\/laprensacristiana.com\/?author=3"}]}},"_links":{"self":[{"href":"https:\/\/laprensacristiana.com\/index.php?rest_route=\/wp\/v2\/posts\/9236"}],"collection":[{"href":"https:\/\/laprensacristiana.com\/index.php?rest_route=\/wp\/v2\/posts"}],"about":[{"href":"https:\/\/laprensacristiana.com\/index.php?rest_route=\/wp\/v2\/types\/post"}],"author":[{"embeddable":true,"href":"https:\/\/laprensacristiana.com\/index.php?rest_route=\/wp\/v2\/users\/3"}],"replies":[{"embeddable":true,"href":"https:\/\/laprensacristiana.com\/index.php?rest_route=%2Fwp%2Fv2%2Fcomments&post=9236"}],"version-history":[{"count":2,"href":"https:\/\/laprensacristiana.com\/index.php?rest_route=\/wp\/v2\/posts\/9236\/revisions"}],"predecessor-version":[{"id":9239,"href":"https:\/\/laprensacristiana.com\/index.php?rest_route=\/wp\/v2\/posts\/9236\/revisions\/9239"}],"wp:featuredmedia":[{"embeddable":true,"href":"https:\/\/laprensacristiana.com\/index.php?rest_route=\/wp\/v2\/media\/9237"}],"wp:attachment":[{"href":"https:\/\/laprensacristiana.com\/index.php?rest_route=%2Fwp%2Fv2%2Fmedia&parent=9236"}],"wp:term":[{"taxonomy":"category","embeddable":true,"href":"https:\/\/laprensacristiana.com\/index.php?rest_route=%2Fwp%2Fv2%2Fcategories&post=9236"},{"taxonomy":"post_tag","embeddable":true,"href":"https:\/\/laprensacristiana.com\/index.php?rest_route=%2Fwp%2Fv2%2Ftags&post=9236"}],"curies":[{"name":"wp","href":"https:\/\/api.w.org\/{rel}","templated":true}]}}