{"id":9240,"date":"2020-06-13T15:17:16","date_gmt":"2020-06-13T15:17:16","guid":{"rendered":"https:\/\/laprensacristiana.com\/?p=9240"},"modified":"2020-06-16T16:29:01","modified_gmt":"2020-06-16T16:29:01","slug":"iglesia-en-la-ciudad-de-lakeland-une-su-voz-en-contra-del-racismo-en-eeuu","status":"publish","type":"post","link":"https:\/\/laprensacristiana.com\/?p=9240","title":{"rendered":"Iglesia en la ciudad de Lakeland une su voz en contra del racismo en EEUU"},"content":{"rendered":"\n<p>Casa de Amor y Fe en la Ciudad de Lakeland se present\u00f3 esta semana en la manifestaci\u00f3n \u201cOne Heart\u201d en contra de la injusticia y del racismo.<\/p>\n\n\n\n<p>La esposa del reconocido pastor y cantante Roberto Orellana, Waleska Orellana fue la encargada de pronunciar un discurso, expresando su sentir y apoyo en contra de la injusticia que viven diferentes comunidades en Estados Unidos.<\/p>\n\n\n\n<p>Cabe destacar que fue una manifestaci\u00f3n pac\u00edfica, llena de esperanza, amor y oraci\u00f3n por la reconciliaci\u00f3n.<\/p>\n\n\n\n<p>\u00abLo que hoy nosotros toleramos&nbsp; ma\u00f1ana nuestros hijos lo abrazar\u00e1n, las acciones que hoy tomemos continuar\u00e1n afectando a nuestros hijos ma\u00f1ana\u00bb expres\u00f3 la pastora Waleska Orellana. <\/p>\n","protected":false},"excerpt":{"rendered":"<p>Casa de Amor y Fe en la Ciudad de Lakeland se present\u00f3 esta semana en la manifestaci\u00f3n \u201cOne Heart\u201d en contra de la injusticia y del racismo. La esposa del reconocido pastor y cantante Roberto Orellana, Waleska Orellana fue la encargada de pronunciar un discurso, expresando su sentir y apoyo en contra de la injusticia [&hellip;]<\/p>\n","protected":false},"author":3,"featured_media":9241,"comment_status":"open","ping_status":"open","sticky":false,"template":"","format":"standard","meta":[],"categories":[56],"tags":[],"yoast_head":"<!-- This site is optimized with the Yoast SEO plugin v20.8 - https:\/\/yoast.com\/wordpress\/plugins\/seo\/ -->\n<title>Iglesia en la ciudad de Lakeland une su voz en contra del racismo en EEUU - La Prensa Cristiana<\/title>\n<meta name=\"robots\" content=\"index, follow, max-snippet:-1, max-image-preview:large, max-video-preview:-1\" \/>\n<link rel=\"canonical\" href=\"https:\/\/laprensacristiana.com\/?p=9240\" \/>\n<meta property=\"og:locale\" content=\"es_ES\" \/>\n<meta property=\"og:type\" content=\"article\" \/>\n<meta property=\"og:title\" content=\"Iglesia en la ciudad de Lakeland une su voz en contra del racismo en EEUU - La Prensa Cristiana\" \/>\n<meta property=\"og:description\" content=\"Casa de Amor y Fe en la Ciudad de Lakeland se present\u00f3 esta semana en la manifestaci\u00f3n \u201cOne Heart\u201d en contra de la injusticia y del racismo. La esposa del reconocido pastor y cantante Roberto Orellana, Waleska Orellana fue la encargada de pronunciar un discurso, expresando su sentir y apoyo en contra de la injusticia [&hellip;]\" \/>\n<meta property=\"og:url\" content=\"https:\/\/laprensacristiana.com\/?p=9240\" \/>\n<meta property=\"og:site_name\" content=\"La Prensa Cristiana\" \/>\n<meta property=\"article:published_time\" content=\"2020-06-13T15:17:16+00:00\" \/>\n<meta property=\"article:modified_time\" content=\"2020-06-16T16:29:01+00:00\" \/>\n<meta property=\"og:image\" content=\"https:\/\/laprensacristiana.com\/wp-content\/uploads\/2020\/06\/IMG-20200612-WA0077.jpg\" \/>\n\t<meta property=\"og:image:width\" content=\"720\" \/>\n\t<meta property=\"og:image:height\" content=\"405\" \/>\n\t<meta property=\"og:image:type\" content=\"image\/jpeg\" \/>\n<meta name=\"author\" content=\"EDITOR\" \/>\n<meta name=\"twitter:card\" content=\"summary_large_image\" \/>\n<meta name=\"twitter:label1\" content=\"Escrito por\" \/>\n\t<meta name=\"twitter:data1\" content=\"EDITOR\" \/>\n\t<meta name=\"twitter:label2\" content=\"Tiempo de lectura\" \/>\n\t<meta name=\"twitter:data2\" content=\"1 minuto\" \/>\n<script type=\"application\/ld+json\" class=\"yoast-schema-graph\">{\"@context\":\"https:\/\/schema.org\",\"@graph\":[{\"@type\":\"WebPage\",\"@id\":\"https:\/\/laprensacristiana.com\/?p=9240\",\"url\":\"https:\/\/laprensacristiana.com\/?p=9240\",\"name\":\"Iglesia en la ciudad de Lakeland une su voz en contra del racismo en EEUU - La Prensa Cristiana\",\"isPartOf\":{\"@id\":\"https:\/\/laprensacristiana.com\/#website\"},\"datePublished\":\"2020-06-13T15:17:16+00:00\",\"dateModified\":\"2020-06-16T16:29:01+00:00\",\"author\":{\"@id\":\"https:\/\/laprensacristiana.com\/#\/schema\/person\/3e7d82c6bfd6b1fa67010f8f7cd5256e\"},\"breadcrumb\":{\"@id\":\"https:\/\/laprensacristiana.com\/?p=9240#breadcrumb\"},\"inLanguage\":\"es\",\"potentialAction\":[{\"@type\":\"ReadAction\",\"target\":[\"https:\/\/laprensacristiana.com\/?p=9240\"]}]},{\"@type\":\"BreadcrumbList\",\"@id\":\"https:\/\/laprensacristiana.com\/?p=9240#breadcrumb\",\"itemListElement\":[{\"@type\":\"ListItem\",\"position\":1,\"name\":\"Portada\",\"item\":\"https:\/\/laprensacristiana.com\/\"},{\"@type\":\"ListItem\",\"position\":2,\"name\":\"Iglesia en la ciudad de Lakeland une su voz en contra del racismo en EEUU\"}]},{\"@type\":\"WebSite\",\"@id\":\"https:\/\/laprensacristiana.com\/#website\",\"url\":\"https:\/\/laprensacristiana.com\/\",\"name\":\"La Prensa Cristiana\",\"description\":\"Anunciando Las Buenas Nuevas\",\"potentialAction\":[{\"@type\":\"SearchAction\",\"target\":{\"@type\":\"EntryPoint\",\"urlTemplate\":\"https:\/\/laprensacristiana.com\/?s={search_term_string}\"},\"query-input\":\"required name=search_term_string\"}],\"inLanguage\":\"es\"},{\"@type\":\"Person\",\"@id\":\"https:\/\/laprensacristiana.com\/#\/schema\/person\/3e7d82c6bfd6b1fa67010f8f7cd5256e\",\"name\":\"EDITOR\",\"image\":{\"@type\":\"ImageObject\",\"inLanguage\":\"es\",\"@id\":\"https:\/\/laprensacristiana.com\/#\/schema\/person\/image\/\",\"url\":\"https:\/\/secure.gravatar.com\/avatar\/72069dfb6c13772d9e8381e3638666d2?s=96&d=mm&r=g\",\"contentUrl\":\"https:\/\/secure.gravatar.com\/avatar\/72069dfb6c13772d9e8381e3638666d2?s=96&d=mm&r=g\",\"caption\":\"EDITOR\"},\"url\":\"https:\/\/laprensacristiana.com\/?author=3\"}]}<\/script>\n<!-- \/ Yoast SEO plugin. -->","yoast_head_json":{"title":"Iglesia en la ciudad de Lakeland une su voz en contra del racismo en EEUU - La Prensa Cristiana","robots":{"index":"index","follow":"follow","max-snippet":"max-snippet:-1","max-image-preview":"max-image-preview:large","max-video-preview":"max-video-preview:-1"},"canonical":"https:\/\/laprensacristiana.com\/?p=9240","og_locale":"es_ES","og_type":"article","og_title":"Iglesia en la ciudad de Lakeland une su voz en contra del racismo en EEUU - La Prensa Cristiana","og_description":"Casa de Amor y Fe en la Ciudad de Lakeland se present\u00f3 esta semana en la manifestaci\u00f3n \u201cOne Heart\u201d en contra de la injusticia y del racismo. La esposa del reconocido pastor y cantante Roberto Orellana, Waleska Orellana fue la encargada de pronunciar un discurso, expresando su sentir y apoyo en contra de la injusticia [&hellip;]","og_url":"https:\/\/laprensacristiana.com\/?p=9240","og_site_name":"La Prensa Cristiana","article_published_time":"2020-06-13T15:17:16+00:00","article_modified_time":"2020-06-16T16:29:01+00:00","og_image":[{"width":720,"height":405,"url":"https:\/\/laprensacristiana.com\/wp-content\/uploads\/2020\/06\/IMG-20200612-WA0077.jpg","type":"image\/jpeg"}],"author":"EDITOR","twitter_card":"summary_large_image","twitter_misc":{"Escrito por":"EDITOR","Tiempo de lectura":"1 minuto"},"schema":{"@context":"https:\/\/schema.org","@graph":[{"@type":"WebPage","@id":"https:\/\/laprensacristiana.com\/?p=9240","url":"https:\/\/laprensacristiana.com\/?p=9240","name":"Iglesia en la ciudad de Lakeland une su voz en contra del racismo en EEUU - La Prensa Cristiana","isPartOf":{"@id":"https:\/\/laprensacristiana.com\/#website"},"datePublished":"2020-06-13T15:17:16+00:00","dateModified":"2020-06-16T16:29:01+00:00","author":{"@id":"https:\/\/laprensacristiana.com\/#\/schema\/person\/3e7d82c6bfd6b1fa67010f8f7cd5256e"},"breadcrumb":{"@id":"https:\/\/laprensacristiana.com\/?p=9240#breadcrumb"},"inLanguage":"es","potentialAction":[{"@type":"ReadAction","target":["https:\/\/laprensacristiana.com\/?p=9240"]}]},{"@type":"BreadcrumbList","@id":"https:\/\/laprensacristiana.com\/?p=9240#breadcrumb","itemListElement":[{"@type":"ListItem","position":1,"name":"Portada","item":"https:\/\/laprensacristiana.com\/"},{"@type":"ListItem","position":2,"name":"Iglesia en la ciudad de Lakeland une su voz en contra del racismo en EEUU"}]},{"@type":"WebSite","@id":"https:\/\/laprensacristiana.com\/#website","url":"https:\/\/laprensacristiana.com\/","name":"La Prensa Cristiana","description":"Anunciando Las Buenas Nuevas","potentialAction":[{"@type":"SearchAction","target":{"@type":"EntryPoint","urlTemplate":"https:\/\/laprensacristiana.com\/?s={search_term_string}"},"query-input":"required name=search_term_string"}],"inLanguage":"es"},{"@type":"Person","@id":"https:\/\/laprensacristiana.com\/#\/schema\/person\/3e7d82c6bfd6b1fa67010f8f7cd5256e","name":"EDITOR","image":{"@type":"ImageObject","inLanguage":"es","@id":"https:\/\/laprensacristiana.com\/#\/schema\/person\/image\/","url":"https:\/\/secure.gravatar.com\/avatar\/72069dfb6c13772d9e8381e3638666d2?s=96&d=mm&r=g","contentUrl":"https:\/\/secure.gravatar.com\/avatar\/72069dfb6c13772d9e8381e3638666d2?s=96&d=mm&r=g","caption":"EDITOR"},"url":"https:\/\/laprensacristiana.com\/?author=3"}]}},"_links":{"self":[{"href":"https:\/\/laprensacristiana.com\/index.php?rest_route=\/wp\/v2\/posts\/9240"}],"collection":[{"href":"https:\/\/laprensacristiana.com\/index.php?rest_route=\/wp\/v2\/posts"}],"about":[{"href":"https:\/\/laprensacristiana.com\/index.php?rest_route=\/wp\/v2\/types\/post"}],"author":[{"embeddable":true,"href":"https:\/\/laprensacristiana.com\/index.php?rest_route=\/wp\/v2\/users\/3"}],"replies":[{"embeddable":true,"href":"https:\/\/laprensacristiana.com\/index.php?rest_route=%2Fwp%2Fv2%2Fcomments&post=9240"}],"version-history":[{"count":3,"href":"https:\/\/laprensacristiana.com\/index.php?rest_route=\/wp\/v2\/posts\/9240\/revisions"}],"predecessor-version":[{"id":9264,"href":"https:\/\/laprensacristiana.com\/index.php?rest_route=\/wp\/v2\/posts\/9240\/revisions\/9264"}],"wp:featuredmedia":[{"embeddable":true,"href":"https:\/\/laprensacristiana.com\/index.php?rest_route=\/wp\/v2\/media\/9241"}],"wp:attachment":[{"href":"https:\/\/laprensacristiana.com\/index.php?rest_route=%2Fwp%2Fv2%2Fmedia&parent=9240"}],"wp:term":[{"taxonomy":"category","embeddable":true,"href":"https:\/\/laprensacristiana.com\/index.php?rest_route=%2Fwp%2Fv2%2Fcategories&post=9240"},{"taxonomy":"post_tag","embeddable":true,"href":"https:\/\/laprensacristiana.com\/index.php?rest_route=%2Fwp%2Fv2%2Ftags&post=9240"}],"curies":[{"name":"wp","href":"https:\/\/api.w.org\/{rel}","templated":true}]}}