{"id":9243,"date":"2020-06-13T15:38:38","date_gmt":"2020-06-13T15:38:38","guid":{"rendered":"https:\/\/laprensacristiana.com\/?p=9243"},"modified":"2020-06-13T15:38:41","modified_gmt":"2020-06-13T15:38:41","slug":"iglesias-en-paraguay-abren-sus-puertas-a-partir-del-lunes","status":"publish","type":"post","link":"https:\/\/laprensacristiana.com\/?p=9243","title":{"rendered":"Iglesias en Paraguay abren sus puertas a partir del lunes"},"content":{"rendered":"\n<p>A partir del 15 de junio inicia la tercera fase de reapertura en Paraguay, en esta fase la iglesia ya est\u00e1 incluida y pueden abrir sus templos con excepci\u00f3n de dos departamentos que se mantendr\u00e1n en la fase dos.<\/p>\n\n\n\n<p>La reapertura en esta nueva fase incluye los restaurantes, gimnasios y las iglesias.<\/p>\n\n\n\n<p>Los servicios religiosos podr\u00e1n albergar a no m\u00e1s de 20 personas, y deber\u00e1n cumplir un protocolo muy estricto que ser\u00e1 evaluado por el Ministerio de Salud de Paraguay, as\u00ed lo&nbsp; inform\u00f3 Julio Mazzoleni Ministro de Salud.<\/p>\n\n\n\n<p>La fase da inicio este lunes&nbsp; y se extender\u00e1 durante tres semanas, luego se evaluar\u00e1 si es posible o no avanzar a la cuarta fase y \u00faltima de la cuarentena. <\/p>\n\n\n\n<p>Desde que se detecto el primer caso en Paraguay&nbsp; el 7 de marzo,&nbsp; cuentan con 1.230 casos positivos de coronavirus, 624 recuperados y 11 fallecidos.<\/p>\n\n\n\n<p>Alianza Evang\u00e9lica Latina comparti\u00f3 una nota en la que destacan la importancia de la reapertura de los templos, considerando la necesidad de acompa\u00f1amiento a las personas, por el impacto an\u00edmico, psicol\u00f3gico y Espiritual a consecuencia de la pandemia en el pa\u00eds.<\/p>\n\n\n\n<p>Algunas de las medidas que bioseguridad que se tomar\u00e1n en cuenta en esta tercera etapa se encuentran detalladas en el siguiente video: <\/p>\n\n\n\n<figure class=\"wp-block-embed-youtube wp-block-embed is-type-video is-provider-youtube wp-embed-aspect-16-9 wp-has-aspect-ratio\"><div class=\"wp-block-embed__wrapper\">\n<iframe loading=\"lazy\" title=\"Video instructivo Reapertura de Templos\" width=\"696\" height=\"392\" src=\"https:\/\/www.youtube.com\/embed\/kx8W8DpkFCI?feature=oembed&#038;enablejsapi=1\" frameborder=\"0\" allow=\"accelerometer; autoplay; encrypted-media; gyroscope; picture-in-picture\" allowfullscreen><\/iframe>\n<\/div><\/figure>\n","protected":false},"excerpt":{"rendered":"<p>A partir del 15 de junio inicia la tercera fase de reapertura en Paraguay, en esta fase la iglesia ya est\u00e1 incluida y pueden abrir sus templos con excepci\u00f3n de dos departamentos que se mantendr\u00e1n en la fase dos. La reapertura en esta nueva fase incluye los restaurantes, gimnasios y las iglesias. Los servicios religiosos [&hellip;]<\/p>\n","protected":false},"author":3,"featured_media":9244,"comment_status":"open","ping_status":"open","sticky":false,"template":"","format":"standard","meta":[],"categories":[56],"tags":[],"yoast_head":"<!-- This site is optimized with the Yoast SEO plugin v20.8 - https:\/\/yoast.com\/wordpress\/plugins\/seo\/ -->\n<title>Iglesias en Paraguay abren sus puertas a partir del lunes - La Prensa Cristiana<\/title>\n<meta name=\"robots\" content=\"index, follow, max-snippet:-1, max-image-preview:large, max-video-preview:-1\" \/>\n<link rel=\"canonical\" href=\"https:\/\/laprensacristiana.com\/?p=9243\" \/>\n<meta property=\"og:locale\" content=\"es_ES\" \/>\n<meta property=\"og:type\" content=\"article\" \/>\n<meta property=\"og:title\" content=\"Iglesias en Paraguay abren sus puertas a partir del lunes - La Prensa Cristiana\" \/>\n<meta property=\"og:description\" content=\"A partir del 15 de junio inicia la tercera fase de reapertura en Paraguay, en esta fase la iglesia ya est\u00e1 incluida y pueden abrir sus templos con excepci\u00f3n de dos departamentos que se mantendr\u00e1n en la fase dos. La reapertura en esta nueva fase incluye los restaurantes, gimnasios y las iglesias. Los servicios religiosos [&hellip;]\" \/>\n<meta property=\"og:url\" content=\"https:\/\/laprensacristiana.com\/?p=9243\" \/>\n<meta property=\"og:site_name\" content=\"La Prensa Cristiana\" \/>\n<meta property=\"article:published_time\" content=\"2020-06-13T15:38:38+00:00\" \/>\n<meta property=\"article:modified_time\" content=\"2020-06-13T15:38:41+00:00\" \/>\n<meta property=\"og:image\" content=\"https:\/\/laprensacristiana.com\/wp-content\/uploads\/2020\/06\/IMG-20200613-WA0054.jpg\" \/>\n\t<meta property=\"og:image:width\" content=\"870\" \/>\n\t<meta property=\"og:image:height\" content=\"490\" \/>\n\t<meta property=\"og:image:type\" content=\"image\/jpeg\" \/>\n<meta name=\"author\" content=\"EDITOR\" \/>\n<meta name=\"twitter:card\" content=\"summary_large_image\" \/>\n<meta name=\"twitter:label1\" content=\"Escrito por\" \/>\n\t<meta name=\"twitter:data1\" content=\"EDITOR\" \/>\n\t<meta name=\"twitter:label2\" content=\"Tiempo de lectura\" \/>\n\t<meta name=\"twitter:data2\" content=\"1 minuto\" \/>\n<script type=\"application\/ld+json\" class=\"yoast-schema-graph\">{\"@context\":\"https:\/\/schema.org\",\"@graph\":[{\"@type\":\"WebPage\",\"@id\":\"https:\/\/laprensacristiana.com\/?p=9243\",\"url\":\"https:\/\/laprensacristiana.com\/?p=9243\",\"name\":\"Iglesias en Paraguay abren sus puertas a partir del lunes - La Prensa Cristiana\",\"isPartOf\":{\"@id\":\"https:\/\/laprensacristiana.com\/#website\"},\"datePublished\":\"2020-06-13T15:38:38+00:00\",\"dateModified\":\"2020-06-13T15:38:41+00:00\",\"author\":{\"@id\":\"https:\/\/laprensacristiana.com\/#\/schema\/person\/3e7d82c6bfd6b1fa67010f8f7cd5256e\"},\"breadcrumb\":{\"@id\":\"https:\/\/laprensacristiana.com\/?p=9243#breadcrumb\"},\"inLanguage\":\"es\",\"potentialAction\":[{\"@type\":\"ReadAction\",\"target\":[\"https:\/\/laprensacristiana.com\/?p=9243\"]}]},{\"@type\":\"BreadcrumbList\",\"@id\":\"https:\/\/laprensacristiana.com\/?p=9243#breadcrumb\",\"itemListElement\":[{\"@type\":\"ListItem\",\"position\":1,\"name\":\"Portada\",\"item\":\"https:\/\/laprensacristiana.com\/\"},{\"@type\":\"ListItem\",\"position\":2,\"name\":\"Iglesias en Paraguay abren sus puertas a partir del lunes\"}]},{\"@type\":\"WebSite\",\"@id\":\"https:\/\/laprensacristiana.com\/#website\",\"url\":\"https:\/\/laprensacristiana.com\/\",\"name\":\"La Prensa Cristiana\",\"description\":\"Anunciando Las Buenas Nuevas\",\"potentialAction\":[{\"@type\":\"SearchAction\",\"target\":{\"@type\":\"EntryPoint\",\"urlTemplate\":\"https:\/\/laprensacristiana.com\/?s={search_term_string}\"},\"query-input\":\"required name=search_term_string\"}],\"inLanguage\":\"es\"},{\"@type\":\"Person\",\"@id\":\"https:\/\/laprensacristiana.com\/#\/schema\/person\/3e7d82c6bfd6b1fa67010f8f7cd5256e\",\"name\":\"EDITOR\",\"image\":{\"@type\":\"ImageObject\",\"inLanguage\":\"es\",\"@id\":\"https:\/\/laprensacristiana.com\/#\/schema\/person\/image\/\",\"url\":\"https:\/\/secure.gravatar.com\/avatar\/72069dfb6c13772d9e8381e3638666d2?s=96&d=mm&r=g\",\"contentUrl\":\"https:\/\/secure.gravatar.com\/avatar\/72069dfb6c13772d9e8381e3638666d2?s=96&d=mm&r=g\",\"caption\":\"EDITOR\"},\"url\":\"https:\/\/laprensacristiana.com\/?author=3\"}]}<\/script>\n<!-- \/ Yoast SEO plugin. -->","yoast_head_json":{"title":"Iglesias en Paraguay abren sus puertas a partir del lunes - La Prensa Cristiana","robots":{"index":"index","follow":"follow","max-snippet":"max-snippet:-1","max-image-preview":"max-image-preview:large","max-video-preview":"max-video-preview:-1"},"canonical":"https:\/\/laprensacristiana.com\/?p=9243","og_locale":"es_ES","og_type":"article","og_title":"Iglesias en Paraguay abren sus puertas a partir del lunes - La Prensa Cristiana","og_description":"A partir del 15 de junio inicia la tercera fase de reapertura en Paraguay, en esta fase la iglesia ya est\u00e1 incluida y pueden abrir sus templos con excepci\u00f3n de dos departamentos que se mantendr\u00e1n en la fase dos. La reapertura en esta nueva fase incluye los restaurantes, gimnasios y las iglesias. Los servicios religiosos [&hellip;]","og_url":"https:\/\/laprensacristiana.com\/?p=9243","og_site_name":"La Prensa Cristiana","article_published_time":"2020-06-13T15:38:38+00:00","article_modified_time":"2020-06-13T15:38:41+00:00","og_image":[{"width":870,"height":490,"url":"https:\/\/laprensacristiana.com\/wp-content\/uploads\/2020\/06\/IMG-20200613-WA0054.jpg","type":"image\/jpeg"}],"author":"EDITOR","twitter_card":"summary_large_image","twitter_misc":{"Escrito por":"EDITOR","Tiempo de lectura":"1 minuto"},"schema":{"@context":"https:\/\/schema.org","@graph":[{"@type":"WebPage","@id":"https:\/\/laprensacristiana.com\/?p=9243","url":"https:\/\/laprensacristiana.com\/?p=9243","name":"Iglesias en Paraguay abren sus puertas a partir del lunes - La Prensa Cristiana","isPartOf":{"@id":"https:\/\/laprensacristiana.com\/#website"},"datePublished":"2020-06-13T15:38:38+00:00","dateModified":"2020-06-13T15:38:41+00:00","author":{"@id":"https:\/\/laprensacristiana.com\/#\/schema\/person\/3e7d82c6bfd6b1fa67010f8f7cd5256e"},"breadcrumb":{"@id":"https:\/\/laprensacristiana.com\/?p=9243#breadcrumb"},"inLanguage":"es","potentialAction":[{"@type":"ReadAction","target":["https:\/\/laprensacristiana.com\/?p=9243"]}]},{"@type":"BreadcrumbList","@id":"https:\/\/laprensacristiana.com\/?p=9243#breadcrumb","itemListElement":[{"@type":"ListItem","position":1,"name":"Portada","item":"https:\/\/laprensacristiana.com\/"},{"@type":"ListItem","position":2,"name":"Iglesias en Paraguay abren sus puertas a partir del lunes"}]},{"@type":"WebSite","@id":"https:\/\/laprensacristiana.com\/#website","url":"https:\/\/laprensacristiana.com\/","name":"La Prensa Cristiana","description":"Anunciando Las Buenas Nuevas","potentialAction":[{"@type":"SearchAction","target":{"@type":"EntryPoint","urlTemplate":"https:\/\/laprensacristiana.com\/?s={search_term_string}"},"query-input":"required name=search_term_string"}],"inLanguage":"es"},{"@type":"Person","@id":"https:\/\/laprensacristiana.com\/#\/schema\/person\/3e7d82c6bfd6b1fa67010f8f7cd5256e","name":"EDITOR","image":{"@type":"ImageObject","inLanguage":"es","@id":"https:\/\/laprensacristiana.com\/#\/schema\/person\/image\/","url":"https:\/\/secure.gravatar.com\/avatar\/72069dfb6c13772d9e8381e3638666d2?s=96&d=mm&r=g","contentUrl":"https:\/\/secure.gravatar.com\/avatar\/72069dfb6c13772d9e8381e3638666d2?s=96&d=mm&r=g","caption":"EDITOR"},"url":"https:\/\/laprensacristiana.com\/?author=3"}]}},"_links":{"self":[{"href":"https:\/\/laprensacristiana.com\/index.php?rest_route=\/wp\/v2\/posts\/9243"}],"collection":[{"href":"https:\/\/laprensacristiana.com\/index.php?rest_route=\/wp\/v2\/posts"}],"about":[{"href":"https:\/\/laprensacristiana.com\/index.php?rest_route=\/wp\/v2\/types\/post"}],"author":[{"embeddable":true,"href":"https:\/\/laprensacristiana.com\/index.php?rest_route=\/wp\/v2\/users\/3"}],"replies":[{"embeddable":true,"href":"https:\/\/laprensacristiana.com\/index.php?rest_route=%2Fwp%2Fv2%2Fcomments&post=9243"}],"version-history":[{"count":1,"href":"https:\/\/laprensacristiana.com\/index.php?rest_route=\/wp\/v2\/posts\/9243\/revisions"}],"predecessor-version":[{"id":9245,"href":"https:\/\/laprensacristiana.com\/index.php?rest_route=\/wp\/v2\/posts\/9243\/revisions\/9245"}],"wp:featuredmedia":[{"embeddable":true,"href":"https:\/\/laprensacristiana.com\/index.php?rest_route=\/wp\/v2\/media\/9244"}],"wp:attachment":[{"href":"https:\/\/laprensacristiana.com\/index.php?rest_route=%2Fwp%2Fv2%2Fmedia&parent=9243"}],"wp:term":[{"taxonomy":"category","embeddable":true,"href":"https:\/\/laprensacristiana.com\/index.php?rest_route=%2Fwp%2Fv2%2Fcategories&post=9243"},{"taxonomy":"post_tag","embeddable":true,"href":"https:\/\/laprensacristiana.com\/index.php?rest_route=%2Fwp%2Fv2%2Ftags&post=9243"}],"curies":[{"name":"wp","href":"https:\/\/api.w.org\/{rel}","templated":true}]}}