{"id":9256,"date":"2020-06-15T14:29:35","date_gmt":"2020-06-15T14:29:35","guid":{"rendered":"https:\/\/laprensacristiana.com\/?p=9256"},"modified":"2020-06-15T14:29:38","modified_gmt":"2020-06-15T14:29:38","slug":"atados-al-poste","status":"publish","type":"post","link":"https:\/\/laprensacristiana.com\/?p=9256","title":{"rendered":"Atados al poste"},"content":{"rendered":"\n<p>Marcos 11:2 \u201cencontrar\u00e9is un pollino atado en el cual nadie se ha montado todav\u00eda desatadlo y traedlo.Y si alguien os dice: \u00ab\u00bfPor qu\u00e9 hac\u00e9is eso?\u00bb decid: \u00abEl Se\u00f1or lo necesita\u201d<\/p>\n\n\n\n<p>El orgullo humano no tiene l\u00edmites. Es un producto del pecado dentro del hombre. Es la herencia que nos ha quedado de aquel que tuvo la osad\u00eda de ser orgulloso en el Reino que \u00e8l deseaba fuera suyo. Pero no le sali\u00f3 bien y por eso fue expulsado y enviado junto con sus seguidores a un lugar hecho para \u00e8l y sus acompa\u00f1antes.<\/p>\n\n\n\n<p>Los pastores y l\u00ecderes evang\u00e9licos tenemos la tendencia a creernos la \u00faltima gota de agua en el desierto para nuestros hermanos que nos hacen el favor de reconocer nuestro ministerio y llamado del Se\u00f1or.  Hemos llegado a creer que somos nosotros los que tenemos el talento y las virtudes de llenar los templos de personas que quieren escuchar lo que decimos o aconsejamos.  Es el colmo del orgullo.  Hemos tomado una Gloria que no nos pertenece.  Y de all\u00ed viene el fracaso ministerial de muchos siervos que se creyeron se\u00f1ores.  De muchos mayordomos que se creyeron due\u00f1os.  Craso error. <\/p>\n\n\n\n<p>Los pastores y l\u00ecderes nunca debemos creer que tenemos la capacidad suficiente en nosotros mismos para hacer lo que hacemos si no fuera porque a Alguien superior se le ocurri\u00f3 un d\u00eca cualquiera buscarnos y llamarnos a su servicio.  Es all\u00ed en donde radica el problema de algunos que quieren imitar lo que el otro hace.  Quieren su megatemplo porque se comparan con el otro a quien el Due\u00f1o se lo ha dado. Estudian e investigan materias humanistas para hacer cumplir sus deseos que no son malos en s\u00ed, pero s\u00ed da\u00f1inos para los Planes que el Se\u00f1or tiene para cada uno.  Si yo no tengo un megatemplo no soy bendecido, seg\u00fan ellos.  Porque miden la bendici\u00f3n de Dios por el n\u00famero de sillas y miembros que re\u00fanen cada domingo. Nada tenemos que no se nos haya dado, dice la Escritura. Lo leemos, lo predicamos pero no lo vivimos.  Hemos llegado a creer que los talentos son nuestros per s\u00e9.  Y el Se\u00f1or nos dice a todos: nunca olvides de donde te saqu\u00e9. Ese es el quid de la cuesti\u00f3n.  <\/p>\n\n\n\n<p>Aparentemente yo viv\u00eda tranquilo all\u00e0 en Guatemala. Seg\u00fan mi perspectiva, iba a la iglesia, asist\u00eda a mis cultos y llenaba mis obligaciones con ritos, costumbres y hasta cierto punto, con una dosis de espiritualidad. Leia la Biblia todos los d\u00ecas, oraba de madrugada y en todo y por todo me encomendaba a la Gracia del Se\u00f1or. Trabajaba de sol a sol y mi esposa me ayudaba con mis hijos y con el manejo de la finanzas. <\/p>\n\n\n\n<p>As\u00ed que seg\u00fan yo, todo mi programa de vida se estaba realizando a las mil maravillas. Hab\u00eda problemas, es cierto, pero eran solubles. Los de cada d\u00eca y cada noche. Nada de qu\u00e9 extra\u00f1arse. En mi trabajo era respetado y hasta cierto punto, admirado por mis frutos en las ventas. Siempre le daba la Gloria al Se\u00f1or por supuesto. Mis jefes estaban contentos con mi rendimiento laboral. Era el \u00e9xito hecho realidad.<\/p>\n\n\n\n<p>Pero, sin darme cuenta, estaba atado. Atado a una rutina que no romp\u00eda nada ni nadie. Mi agenda era mi se\u00f1ora en realidad. Mi trabajo era mi amo. Y me ten\u00eda atado a un poste de esclavitud y zozobra. No me daba el lujo de faltar a mis labores por nada. El lazo con que me ataba a la rutina del mundo estaba bien sujeto al poste de mi esclavitud.<\/p>\n\n\n\n<p>Un bendito d\u00eca, el Se\u00f1or envi\u00f3 a uno de sus siervos a desatarme. Me invito a venir a este hermoso pa\u00ecs El Salvador. A partir de esa visita todo cambi\u00f3. Un universo nuevo se abri\u00f3 a mis ojos. Alguien a quien en realidad no conoc\u00eda bien, hab\u00eda puesto sobre mi vida y mi coraz\u00f3n un manto de Gloria para posarse sobre m\u00ed. Cuando mis jefes me preguntaron por qu\u00e9 dejaba el poste, no hubo otra respuesta que darles: El Se\u00f1or me necesita. Todav\u00eda escucho los aplausos y los v\u00edtores de la gente, pero entiendo que no es a m\u00ed a quien aplauden. Es al que va sobre m\u00ed.<\/p>\n\n\n\n<p>Usted quiz\u00e1 fue desatado o desatada de un poste tambi\u00e9n. USA, Per\u00fa, Argentina o cualquier otro lugar donde se encuentre, tenga por seguro que, como yo, tuvimos la dicha de haber sido desatados de un poste que nos manten\u00eda inm\u00f3viles, ociosos, improductivos porque el verdadero Amo un d\u00eca nos mand\u00f3 a desatar y se pos\u00f3 con toda su Gloria sobre nuestras vidas. Pero no lo olvidemos: los \u00a1Hosanna! no son para nosotros. Son para \u00c8l.<\/p>\n\n\n\n<p>No olvidemos que solamente somos sus fact\u00f3tum, sus siervos en quien \u00c8l ha puesto cierto grado de responsabilidad para cumplir su Voluntad y por lo tanto, debemos reconocer que no somos m\u00e0s de lo que \u00c8l ha dicho que somos.  Todo por su Gracia y Misericordia.<\/p>\n\n\n\n<p>SOLI DEO GLORIA<\/p>\n","protected":false},"excerpt":{"rendered":"<p>Marcos 11:2 \u201cencontrar\u00e9is un pollino atado en el cual nadie se ha montado todav\u00eda desatadlo y traedlo.Y si alguien os dice: \u00ab\u00bfPor qu\u00e9 hac\u00e9is eso?\u00bb decid: \u00abEl Se\u00f1or lo necesita\u201d El orgullo humano no tiene l\u00edmites. Es un producto del pecado dentro del hombre. Es la herencia que nos ha quedado de aquel que tuvo [&hellip;]<\/p>\n","protected":false},"author":3,"featured_media":7949,"comment_status":"open","ping_status":"open","sticky":false,"template":"","format":"standard","meta":[],"categories":[36],"tags":[],"yoast_head":"<!-- This site is optimized with the Yoast SEO plugin v20.8 - https:\/\/yoast.com\/wordpress\/plugins\/seo\/ -->\n<title>Atados al poste - La Prensa Cristiana<\/title>\n<meta name=\"robots\" content=\"index, follow, max-snippet:-1, max-image-preview:large, max-video-preview:-1\" \/>\n<link rel=\"canonical\" href=\"https:\/\/laprensacristiana.com\/?p=9256\" \/>\n<meta property=\"og:locale\" content=\"es_ES\" \/>\n<meta property=\"og:type\" content=\"article\" \/>\n<meta property=\"og:title\" content=\"Atados al poste - La Prensa Cristiana\" \/>\n<meta property=\"og:description\" content=\"Marcos 11:2 \u201cencontrar\u00e9is un pollino atado en el cual nadie se ha montado todav\u00eda desatadlo y traedlo.Y si alguien os dice: \u00ab\u00bfPor qu\u00e9 hac\u00e9is eso?\u00bb decid: \u00abEl Se\u00f1or lo necesita\u201d El orgullo humano no tiene l\u00edmites. Es un producto del pecado dentro del hombre. Es la herencia que nos ha quedado de aquel que tuvo [&hellip;]\" \/>\n<meta property=\"og:url\" content=\"https:\/\/laprensacristiana.com\/?p=9256\" \/>\n<meta property=\"og:site_name\" content=\"La Prensa Cristiana\" \/>\n<meta property=\"article:published_time\" content=\"2020-06-15T14:29:35+00:00\" \/>\n<meta property=\"article:modified_time\" content=\"2020-06-15T14:29:38+00:00\" \/>\n<meta property=\"og:image\" content=\"https:\/\/laprensacristiana.com\/wp-content\/uploads\/2020\/01\/2017-11-23-PHOTO-00003245-1.jpg\" \/>\n\t<meta property=\"og:image:width\" content=\"1280\" \/>\n\t<meta property=\"og:image:height\" content=\"714\" \/>\n\t<meta property=\"og:image:type\" content=\"image\/jpeg\" \/>\n<meta name=\"author\" content=\"EDITOR\" \/>\n<meta name=\"twitter:card\" content=\"summary_large_image\" \/>\n<meta name=\"twitter:label1\" content=\"Escrito por\" \/>\n\t<meta name=\"twitter:data1\" content=\"EDITOR\" \/>\n\t<meta name=\"twitter:label2\" content=\"Tiempo de lectura\" \/>\n\t<meta name=\"twitter:data2\" content=\"4 minutos\" \/>\n<script type=\"application\/ld+json\" class=\"yoast-schema-graph\">{\"@context\":\"https:\/\/schema.org\",\"@graph\":[{\"@type\":\"WebPage\",\"@id\":\"https:\/\/laprensacristiana.com\/?p=9256\",\"url\":\"https:\/\/laprensacristiana.com\/?p=9256\",\"name\":\"Atados al poste - La Prensa Cristiana\",\"isPartOf\":{\"@id\":\"https:\/\/laprensacristiana.com\/#website\"},\"datePublished\":\"2020-06-15T14:29:35+00:00\",\"dateModified\":\"2020-06-15T14:29:38+00:00\",\"author\":{\"@id\":\"https:\/\/laprensacristiana.com\/#\/schema\/person\/3e7d82c6bfd6b1fa67010f8f7cd5256e\"},\"breadcrumb\":{\"@id\":\"https:\/\/laprensacristiana.com\/?p=9256#breadcrumb\"},\"inLanguage\":\"es\",\"potentialAction\":[{\"@type\":\"ReadAction\",\"target\":[\"https:\/\/laprensacristiana.com\/?p=9256\"]}]},{\"@type\":\"BreadcrumbList\",\"@id\":\"https:\/\/laprensacristiana.com\/?p=9256#breadcrumb\",\"itemListElement\":[{\"@type\":\"ListItem\",\"position\":1,\"name\":\"Portada\",\"item\":\"https:\/\/laprensacristiana.com\/\"},{\"@type\":\"ListItem\",\"position\":2,\"name\":\"Atados al poste\"}]},{\"@type\":\"WebSite\",\"@id\":\"https:\/\/laprensacristiana.com\/#website\",\"url\":\"https:\/\/laprensacristiana.com\/\",\"name\":\"La Prensa Cristiana\",\"description\":\"Anunciando Las Buenas Nuevas\",\"potentialAction\":[{\"@type\":\"SearchAction\",\"target\":{\"@type\":\"EntryPoint\",\"urlTemplate\":\"https:\/\/laprensacristiana.com\/?s={search_term_string}\"},\"query-input\":\"required name=search_term_string\"}],\"inLanguage\":\"es\"},{\"@type\":\"Person\",\"@id\":\"https:\/\/laprensacristiana.com\/#\/schema\/person\/3e7d82c6bfd6b1fa67010f8f7cd5256e\",\"name\":\"EDITOR\",\"image\":{\"@type\":\"ImageObject\",\"inLanguage\":\"es\",\"@id\":\"https:\/\/laprensacristiana.com\/#\/schema\/person\/image\/\",\"url\":\"https:\/\/secure.gravatar.com\/avatar\/72069dfb6c13772d9e8381e3638666d2?s=96&d=mm&r=g\",\"contentUrl\":\"https:\/\/secure.gravatar.com\/avatar\/72069dfb6c13772d9e8381e3638666d2?s=96&d=mm&r=g\",\"caption\":\"EDITOR\"},\"url\":\"https:\/\/laprensacristiana.com\/?author=3\"}]}<\/script>\n<!-- \/ Yoast SEO plugin. -->","yoast_head_json":{"title":"Atados al poste - La Prensa Cristiana","robots":{"index":"index","follow":"follow","max-snippet":"max-snippet:-1","max-image-preview":"max-image-preview:large","max-video-preview":"max-video-preview:-1"},"canonical":"https:\/\/laprensacristiana.com\/?p=9256","og_locale":"es_ES","og_type":"article","og_title":"Atados al poste - La Prensa Cristiana","og_description":"Marcos 11:2 \u201cencontrar\u00e9is un pollino atado en el cual nadie se ha montado todav\u00eda desatadlo y traedlo.Y si alguien os dice: \u00ab\u00bfPor qu\u00e9 hac\u00e9is eso?\u00bb decid: \u00abEl Se\u00f1or lo necesita\u201d El orgullo humano no tiene l\u00edmites. Es un producto del pecado dentro del hombre. Es la herencia que nos ha quedado de aquel que tuvo [&hellip;]","og_url":"https:\/\/laprensacristiana.com\/?p=9256","og_site_name":"La Prensa Cristiana","article_published_time":"2020-06-15T14:29:35+00:00","article_modified_time":"2020-06-15T14:29:38+00:00","og_image":[{"width":1280,"height":714,"url":"https:\/\/laprensacristiana.com\/wp-content\/uploads\/2020\/01\/2017-11-23-PHOTO-00003245-1.jpg","type":"image\/jpeg"}],"author":"EDITOR","twitter_card":"summary_large_image","twitter_misc":{"Escrito por":"EDITOR","Tiempo de lectura":"4 minutos"},"schema":{"@context":"https:\/\/schema.org","@graph":[{"@type":"WebPage","@id":"https:\/\/laprensacristiana.com\/?p=9256","url":"https:\/\/laprensacristiana.com\/?p=9256","name":"Atados al poste - La Prensa Cristiana","isPartOf":{"@id":"https:\/\/laprensacristiana.com\/#website"},"datePublished":"2020-06-15T14:29:35+00:00","dateModified":"2020-06-15T14:29:38+00:00","author":{"@id":"https:\/\/laprensacristiana.com\/#\/schema\/person\/3e7d82c6bfd6b1fa67010f8f7cd5256e"},"breadcrumb":{"@id":"https:\/\/laprensacristiana.com\/?p=9256#breadcrumb"},"inLanguage":"es","potentialAction":[{"@type":"ReadAction","target":["https:\/\/laprensacristiana.com\/?p=9256"]}]},{"@type":"BreadcrumbList","@id":"https:\/\/laprensacristiana.com\/?p=9256#breadcrumb","itemListElement":[{"@type":"ListItem","position":1,"name":"Portada","item":"https:\/\/laprensacristiana.com\/"},{"@type":"ListItem","position":2,"name":"Atados al poste"}]},{"@type":"WebSite","@id":"https:\/\/laprensacristiana.com\/#website","url":"https:\/\/laprensacristiana.com\/","name":"La Prensa Cristiana","description":"Anunciando Las Buenas Nuevas","potentialAction":[{"@type":"SearchAction","target":{"@type":"EntryPoint","urlTemplate":"https:\/\/laprensacristiana.com\/?s={search_term_string}"},"query-input":"required name=search_term_string"}],"inLanguage":"es"},{"@type":"Person","@id":"https:\/\/laprensacristiana.com\/#\/schema\/person\/3e7d82c6bfd6b1fa67010f8f7cd5256e","name":"EDITOR","image":{"@type":"ImageObject","inLanguage":"es","@id":"https:\/\/laprensacristiana.com\/#\/schema\/person\/image\/","url":"https:\/\/secure.gravatar.com\/avatar\/72069dfb6c13772d9e8381e3638666d2?s=96&d=mm&r=g","contentUrl":"https:\/\/secure.gravatar.com\/avatar\/72069dfb6c13772d9e8381e3638666d2?s=96&d=mm&r=g","caption":"EDITOR"},"url":"https:\/\/laprensacristiana.com\/?author=3"}]}},"_links":{"self":[{"href":"https:\/\/laprensacristiana.com\/index.php?rest_route=\/wp\/v2\/posts\/9256"}],"collection":[{"href":"https:\/\/laprensacristiana.com\/index.php?rest_route=\/wp\/v2\/posts"}],"about":[{"href":"https:\/\/laprensacristiana.com\/index.php?rest_route=\/wp\/v2\/types\/post"}],"author":[{"embeddable":true,"href":"https:\/\/laprensacristiana.com\/index.php?rest_route=\/wp\/v2\/users\/3"}],"replies":[{"embeddable":true,"href":"https:\/\/laprensacristiana.com\/index.php?rest_route=%2Fwp%2Fv2%2Fcomments&post=9256"}],"version-history":[{"count":1,"href":"https:\/\/laprensacristiana.com\/index.php?rest_route=\/wp\/v2\/posts\/9256\/revisions"}],"predecessor-version":[{"id":9257,"href":"https:\/\/laprensacristiana.com\/index.php?rest_route=\/wp\/v2\/posts\/9256\/revisions\/9257"}],"wp:featuredmedia":[{"embeddable":true,"href":"https:\/\/laprensacristiana.com\/index.php?rest_route=\/wp\/v2\/media\/7949"}],"wp:attachment":[{"href":"https:\/\/laprensacristiana.com\/index.php?rest_route=%2Fwp%2Fv2%2Fmedia&parent=9256"}],"wp:term":[{"taxonomy":"category","embeddable":true,"href":"https:\/\/laprensacristiana.com\/index.php?rest_route=%2Fwp%2Fv2%2Fcategories&post=9256"},{"taxonomy":"post_tag","embeddable":true,"href":"https:\/\/laprensacristiana.com\/index.php?rest_route=%2Fwp%2Fv2%2Ftags&post=9256"}],"curies":[{"name":"wp","href":"https:\/\/api.w.org\/{rel}","templated":true}]}}