{"id":9268,"date":"2020-06-17T02:12:57","date_gmt":"2020-06-17T02:12:57","guid":{"rendered":"https:\/\/laprensacristiana.com\/?p=9268"},"modified":"2020-06-17T02:12:59","modified_gmt":"2020-06-17T02:12:59","slug":"alianza-evangelica-costarricense-capacita-a-pastores-para-reapertura-de-iglesias","status":"publish","type":"post","link":"https:\/\/laprensacristiana.com\/?p=9268","title":{"rendered":"Alianza Evang\u00e9lica Costarricense capacita a pastores para reapertura de iglesias"},"content":{"rendered":"\n<p>Este d\u00eda a trav\u00e9s de las redes sociales Alianza Evang\u00e9lica Costarricense di\u00f3 a conocer que se encuentra de gira en el \u00e1rea del Caribe Costarricense, para entrenar y capacitar a pastores sobre la aplicaci\u00f3n e implementaci\u00f3n del protocolo para la reapertura de los templos aprobados por el Ministerio de Salud de Costa Rica.<\/p>\n\n\n\n<p> En este ocasi\u00f3n la capacitaci\u00f3n la recibieron pastores de la Fraternidad de Lim\u00f3n y el presidente del \u00e1rea Denis Barrios, el presidente de la Federaci\u00f3n de Alianza Evang\u00e9lica Costarricense Rigoberto Vega fue uno de los ponentes. <\/p>\n\n\n\n<p>\u00abMi llamado es que tomemos con toda seriedad, respeto y cuidado este protocolo, se nos a dado una gran oportunidad de regresar a nuestros templos, vamos a cuidar lo que Dios nos ha dado para bendecir, predicar y glorificar su nombre, le \u00e1nimo para que usted se una y respetemos en todo el sentido de la palabra lo que el protocolo nos indica para tener un feliz regreso a nuestros templos\u00bb expres\u00f3 Rigoberto Vega presidente de Alianza Evang\u00e9lica Costarricense.<\/p>\n","protected":false},"excerpt":{"rendered":"<p>Este d\u00eda a trav\u00e9s de las redes sociales Alianza Evang\u00e9lica Costarricense di\u00f3 a conocer que se encuentra de gira en el \u00e1rea del Caribe Costarricense, para entrenar y capacitar a pastores sobre la aplicaci\u00f3n e implementaci\u00f3n del protocolo para la reapertura de los templos aprobados por el Ministerio de Salud de Costa Rica. En este [&hellip;]<\/p>\n","protected":false},"author":3,"featured_media":9269,"comment_status":"open","ping_status":"open","sticky":false,"template":"","format":"standard","meta":[],"categories":[56],"tags":[],"yoast_head":"<!-- This site is optimized with the Yoast SEO plugin v20.8 - https:\/\/yoast.com\/wordpress\/plugins\/seo\/ -->\n<title>Alianza Evang\u00e9lica Costarricense capacita a pastores para reapertura de iglesias - La Prensa Cristiana<\/title>\n<meta name=\"robots\" content=\"index, follow, max-snippet:-1, max-image-preview:large, max-video-preview:-1\" \/>\n<link rel=\"canonical\" href=\"https:\/\/laprensacristiana.com\/?p=9268\" \/>\n<meta property=\"og:locale\" content=\"es_ES\" \/>\n<meta property=\"og:type\" content=\"article\" \/>\n<meta property=\"og:title\" content=\"Alianza Evang\u00e9lica Costarricense capacita a pastores para reapertura de iglesias - La Prensa Cristiana\" \/>\n<meta property=\"og:description\" content=\"Este d\u00eda a trav\u00e9s de las redes sociales Alianza Evang\u00e9lica Costarricense di\u00f3 a conocer que se encuentra de gira en el \u00e1rea del Caribe Costarricense, para entrenar y capacitar a pastores sobre la aplicaci\u00f3n e implementaci\u00f3n del protocolo para la reapertura de los templos aprobados por el Ministerio de Salud de Costa Rica. En este [&hellip;]\" \/>\n<meta property=\"og:url\" content=\"https:\/\/laprensacristiana.com\/?p=9268\" \/>\n<meta property=\"og:site_name\" content=\"La Prensa Cristiana\" \/>\n<meta property=\"article:published_time\" content=\"2020-06-17T02:12:57+00:00\" \/>\n<meta property=\"article:modified_time\" content=\"2020-06-17T02:12:59+00:00\" \/>\n<meta property=\"og:image\" content=\"https:\/\/laprensacristiana.com\/wp-content\/uploads\/2020\/06\/FB_IMG_1592344018996.jpg\" \/>\n\t<meta property=\"og:image:width\" content=\"720\" \/>\n\t<meta property=\"og:image:height\" content=\"540\" \/>\n\t<meta property=\"og:image:type\" content=\"image\/jpeg\" \/>\n<meta name=\"author\" content=\"EDITOR\" \/>\n<meta name=\"twitter:card\" content=\"summary_large_image\" \/>\n<meta name=\"twitter:label1\" content=\"Escrito por\" \/>\n\t<meta name=\"twitter:data1\" content=\"EDITOR\" \/>\n\t<meta name=\"twitter:label2\" content=\"Tiempo de lectura\" \/>\n\t<meta name=\"twitter:data2\" content=\"1 minuto\" \/>\n<script type=\"application\/ld+json\" class=\"yoast-schema-graph\">{\"@context\":\"https:\/\/schema.org\",\"@graph\":[{\"@type\":\"WebPage\",\"@id\":\"https:\/\/laprensacristiana.com\/?p=9268\",\"url\":\"https:\/\/laprensacristiana.com\/?p=9268\",\"name\":\"Alianza Evang\u00e9lica Costarricense capacita a pastores para reapertura de iglesias - La Prensa Cristiana\",\"isPartOf\":{\"@id\":\"https:\/\/laprensacristiana.com\/#website\"},\"datePublished\":\"2020-06-17T02:12:57+00:00\",\"dateModified\":\"2020-06-17T02:12:59+00:00\",\"author\":{\"@id\":\"https:\/\/laprensacristiana.com\/#\/schema\/person\/3e7d82c6bfd6b1fa67010f8f7cd5256e\"},\"breadcrumb\":{\"@id\":\"https:\/\/laprensacristiana.com\/?p=9268#breadcrumb\"},\"inLanguage\":\"es\",\"potentialAction\":[{\"@type\":\"ReadAction\",\"target\":[\"https:\/\/laprensacristiana.com\/?p=9268\"]}]},{\"@type\":\"BreadcrumbList\",\"@id\":\"https:\/\/laprensacristiana.com\/?p=9268#breadcrumb\",\"itemListElement\":[{\"@type\":\"ListItem\",\"position\":1,\"name\":\"Portada\",\"item\":\"https:\/\/laprensacristiana.com\/\"},{\"@type\":\"ListItem\",\"position\":2,\"name\":\"Alianza Evang\u00e9lica Costarricense capacita a pastores para reapertura de iglesias\"}]},{\"@type\":\"WebSite\",\"@id\":\"https:\/\/laprensacristiana.com\/#website\",\"url\":\"https:\/\/laprensacristiana.com\/\",\"name\":\"La Prensa Cristiana\",\"description\":\"Anunciando Las Buenas Nuevas\",\"potentialAction\":[{\"@type\":\"SearchAction\",\"target\":{\"@type\":\"EntryPoint\",\"urlTemplate\":\"https:\/\/laprensacristiana.com\/?s={search_term_string}\"},\"query-input\":\"required name=search_term_string\"}],\"inLanguage\":\"es\"},{\"@type\":\"Person\",\"@id\":\"https:\/\/laprensacristiana.com\/#\/schema\/person\/3e7d82c6bfd6b1fa67010f8f7cd5256e\",\"name\":\"EDITOR\",\"image\":{\"@type\":\"ImageObject\",\"inLanguage\":\"es\",\"@id\":\"https:\/\/laprensacristiana.com\/#\/schema\/person\/image\/\",\"url\":\"https:\/\/secure.gravatar.com\/avatar\/72069dfb6c13772d9e8381e3638666d2?s=96&d=mm&r=g\",\"contentUrl\":\"https:\/\/secure.gravatar.com\/avatar\/72069dfb6c13772d9e8381e3638666d2?s=96&d=mm&r=g\",\"caption\":\"EDITOR\"},\"url\":\"https:\/\/laprensacristiana.com\/?author=3\"}]}<\/script>\n<!-- \/ Yoast SEO plugin. -->","yoast_head_json":{"title":"Alianza Evang\u00e9lica Costarricense capacita a pastores para reapertura de iglesias - La Prensa Cristiana","robots":{"index":"index","follow":"follow","max-snippet":"max-snippet:-1","max-image-preview":"max-image-preview:large","max-video-preview":"max-video-preview:-1"},"canonical":"https:\/\/laprensacristiana.com\/?p=9268","og_locale":"es_ES","og_type":"article","og_title":"Alianza Evang\u00e9lica Costarricense capacita a pastores para reapertura de iglesias - La Prensa Cristiana","og_description":"Este d\u00eda a trav\u00e9s de las redes sociales Alianza Evang\u00e9lica Costarricense di\u00f3 a conocer que se encuentra de gira en el \u00e1rea del Caribe Costarricense, para entrenar y capacitar a pastores sobre la aplicaci\u00f3n e implementaci\u00f3n del protocolo para la reapertura de los templos aprobados por el Ministerio de Salud de Costa Rica. En este [&hellip;]","og_url":"https:\/\/laprensacristiana.com\/?p=9268","og_site_name":"La Prensa Cristiana","article_published_time":"2020-06-17T02:12:57+00:00","article_modified_time":"2020-06-17T02:12:59+00:00","og_image":[{"width":720,"height":540,"url":"https:\/\/laprensacristiana.com\/wp-content\/uploads\/2020\/06\/FB_IMG_1592344018996.jpg","type":"image\/jpeg"}],"author":"EDITOR","twitter_card":"summary_large_image","twitter_misc":{"Escrito por":"EDITOR","Tiempo de lectura":"1 minuto"},"schema":{"@context":"https:\/\/schema.org","@graph":[{"@type":"WebPage","@id":"https:\/\/laprensacristiana.com\/?p=9268","url":"https:\/\/laprensacristiana.com\/?p=9268","name":"Alianza Evang\u00e9lica Costarricense capacita a pastores para reapertura de iglesias - La Prensa Cristiana","isPartOf":{"@id":"https:\/\/laprensacristiana.com\/#website"},"datePublished":"2020-06-17T02:12:57+00:00","dateModified":"2020-06-17T02:12:59+00:00","author":{"@id":"https:\/\/laprensacristiana.com\/#\/schema\/person\/3e7d82c6bfd6b1fa67010f8f7cd5256e"},"breadcrumb":{"@id":"https:\/\/laprensacristiana.com\/?p=9268#breadcrumb"},"inLanguage":"es","potentialAction":[{"@type":"ReadAction","target":["https:\/\/laprensacristiana.com\/?p=9268"]}]},{"@type":"BreadcrumbList","@id":"https:\/\/laprensacristiana.com\/?p=9268#breadcrumb","itemListElement":[{"@type":"ListItem","position":1,"name":"Portada","item":"https:\/\/laprensacristiana.com\/"},{"@type":"ListItem","position":2,"name":"Alianza Evang\u00e9lica Costarricense capacita a pastores para reapertura de iglesias"}]},{"@type":"WebSite","@id":"https:\/\/laprensacristiana.com\/#website","url":"https:\/\/laprensacristiana.com\/","name":"La Prensa Cristiana","description":"Anunciando Las Buenas Nuevas","potentialAction":[{"@type":"SearchAction","target":{"@type":"EntryPoint","urlTemplate":"https:\/\/laprensacristiana.com\/?s={search_term_string}"},"query-input":"required name=search_term_string"}],"inLanguage":"es"},{"@type":"Person","@id":"https:\/\/laprensacristiana.com\/#\/schema\/person\/3e7d82c6bfd6b1fa67010f8f7cd5256e","name":"EDITOR","image":{"@type":"ImageObject","inLanguage":"es","@id":"https:\/\/laprensacristiana.com\/#\/schema\/person\/image\/","url":"https:\/\/secure.gravatar.com\/avatar\/72069dfb6c13772d9e8381e3638666d2?s=96&d=mm&r=g","contentUrl":"https:\/\/secure.gravatar.com\/avatar\/72069dfb6c13772d9e8381e3638666d2?s=96&d=mm&r=g","caption":"EDITOR"},"url":"https:\/\/laprensacristiana.com\/?author=3"}]}},"_links":{"self":[{"href":"https:\/\/laprensacristiana.com\/index.php?rest_route=\/wp\/v2\/posts\/9268"}],"collection":[{"href":"https:\/\/laprensacristiana.com\/index.php?rest_route=\/wp\/v2\/posts"}],"about":[{"href":"https:\/\/laprensacristiana.com\/index.php?rest_route=\/wp\/v2\/types\/post"}],"author":[{"embeddable":true,"href":"https:\/\/laprensacristiana.com\/index.php?rest_route=\/wp\/v2\/users\/3"}],"replies":[{"embeddable":true,"href":"https:\/\/laprensacristiana.com\/index.php?rest_route=%2Fwp%2Fv2%2Fcomments&post=9268"}],"version-history":[{"count":1,"href":"https:\/\/laprensacristiana.com\/index.php?rest_route=\/wp\/v2\/posts\/9268\/revisions"}],"predecessor-version":[{"id":9270,"href":"https:\/\/laprensacristiana.com\/index.php?rest_route=\/wp\/v2\/posts\/9268\/revisions\/9270"}],"wp:featuredmedia":[{"embeddable":true,"href":"https:\/\/laprensacristiana.com\/index.php?rest_route=\/wp\/v2\/media\/9269"}],"wp:attachment":[{"href":"https:\/\/laprensacristiana.com\/index.php?rest_route=%2Fwp%2Fv2%2Fmedia&parent=9268"}],"wp:term":[{"taxonomy":"category","embeddable":true,"href":"https:\/\/laprensacristiana.com\/index.php?rest_route=%2Fwp%2Fv2%2Fcategories&post=9268"},{"taxonomy":"post_tag","embeddable":true,"href":"https:\/\/laprensacristiana.com\/index.php?rest_route=%2Fwp%2Fv2%2Ftags&post=9268"}],"curies":[{"name":"wp","href":"https:\/\/api.w.org\/{rel}","templated":true}]}}