{"id":9274,"date":"2020-06-17T17:01:15","date_gmt":"2020-06-17T17:01:15","guid":{"rendered":"https:\/\/laprensacristiana.com\/?p=9274"},"modified":"2020-06-17T17:01:18","modified_gmt":"2020-06-17T17:01:18","slug":"el-colesterol-malo","status":"publish","type":"post","link":"https:\/\/laprensacristiana.com\/?p=9274","title":{"rendered":"El colesterol malo"},"content":{"rendered":"\n<p><br> Efesios 4:26 \u201cAIRAOS, PERO NO PEQUEIS; no se ponga el sol sobre vuestro enojo\u2026\u201d<\/p>\n\n\n\n<p>Despu\u00e9s de toda una vida de ociosidad, sedentarismo y mala alimentaci\u00f3n, lo l\u00f3gico es que el cuerpo empiece a acusar ciertos problemas. Uno de ellos es el acumulamiento del colesterol malo que obstruye las arterias que alimentan el coraz\u00f3n.<\/p>\n\n\n\n<p>El colesterol malo son part\u00edculas de grasa que a causa de una mala alimentaci\u00f3n por a\u00f1os, falta de ejercicio y otros factores, se van acumulando en las arterias que van y vienen del coraz\u00f3n, afectando la libre circulaci\u00f3n de la sangre y eso, con el tiempo, forma los famosos co\u00e1gulos provocando serios problemas de salud y al final, si no se ataca el problema, la muerte. Es lo que llaman la muerte silenciosa.<\/p>\n\n\n\n<p>El colesterol,  no es f\u00e1cil de eliminar. El m\u00e9dico tiene que controlar constantemente la sangre, hacer an\u00e1lisis de todo el sistema circulatorio incluyendo ri\u00f1ones y otras partes del cuerpo. Lo primero que ordena son medicamentos que vayan eliminando paulatinamente el problema. No se va de la noche a la ma\u00f1ana. A veces lleva a\u00f1os eliminar esas part\u00edculas da\u00f1inas. Ordena hacer ejercicios todos los d\u00ecas, bajar de peso, mover la linfa del cuerpo, bajar calor\u00edas y eliminar las comidas grasosas. Las pastillas no deben faltar ni un solo d\u00eca ni noche. Ordena una rutina diaria que muchos son incapaces de cumplir y fallecen. Los mat\u00f3 el exceso de colesterol. Y la falta de disciplina.<\/p>\n\n\n\n<p>Pero hay otro colesterol peor que el producido por la mala alimentaci\u00f3n. Es la amargura. Es el rencor hacia alguien a quien nunca se perdon\u00f3 por lo que nos hizo hace mucho tiempo, y ese mal recuerdo anidado en el alma, va acumulando part\u00edculas o residuos da\u00f1inos en el cuerpo que producen la muerte paulatinamente. No se nota porque se sigue viviendo, pero por dentro el da\u00f1o ya est\u00e1 haciendo efecto. Tambi\u00e9n es muerte silenciosa. <\/p>\n\n\n\n<p>La neurolinguistica me ense\u00f1\u00f2 que dentro de nuestro cerebro hay neuronas que fueron hechas por un Creador Poderoso (que yo s\u00e9 quien Es), para no procesar pensamientos y palabras negativas. Es decir, el cerebro interno no sabe distinguir lo negativo que se expresa en sonidos. Por ejemplo, se han hecho estudios de personas obesas que siempre dijeron \u201cno quiero engordar\u201d y el cerebro solamente proces\u00f3 \u201cquiero engordar\u201d. Por lo tanto, a\u00fan los cient\u00edficos han declarado que para que un obeso pierda esas libras de m\u00e0s, lo que debe decir es \u201cyo no quiero engordar\u201d. El pronombre \u201cyo\u201d anula la declaraci\u00f3n negativa y empieza un mecanismo biol\u00f3gico que hace que las grasas se quemen y desaparezca no de la noche a la ma\u00f1ana, es cierto, pero s\u00ed una p\u00e9rdida considerable de libras. Se regula el apetito, el descanso y por lo tanto, las endorfinas se activan y dan deseos de hacer ejercicio. <\/p>\n\n\n\n<p>La falta de perd\u00f3n, acumulaci\u00f3n de enojos, odio, rencores y conflictos de car\u00e1cter van obstruyendo poco a poco la comuni\u00f3n con el Se\u00f1or a quien adoran. Se necesita entonces un alto grado de disciplina espiritual para eliminar poco a poco toda esa acumulaci\u00f3n de veneno en el coraz\u00f3n. Tampoco se quita de la noche a la ma\u00f1ana.  No basta con una sola oraci\u00f2n. Con un culto a la semana. No. Ser\u00e0 necesario un tratamiento a largo plazo para sanar esas arterias espirituales para que la Palabra y la Presencia del Esp\u00edritu Santo corra libremente por el interior del ser humano. Se necesita una limpieza a fondo. Como ense\u00f1a la neurolinguistica, tambi\u00e9n ser\u00e0 necesario un cambio de paradigmas en las palabras que usamos hacia los dem\u00e1s. <\/p>\n\n\n\n<p>Es por eso que la Escritura nos ha dejado consejos sobre lo que debemos hablar para poder alcanzar un grado de espiritualidad aceptable al Se\u00f1or, y eso nos evitara caer en pecados que da\u00f1ar\u00e1n nuestro cuerpo espiritual y por ende, nuestro cuerpo f\u00edsico. El salmista expres\u00f3: Mientras call\u00e9, mis huesos envejecieron.  \u00bfPor qu\u00e8?  Porque estaba guardando malos pensamientos, deseos de venganza y desquites hacia sus enemigos y eso le provoc\u00f3, con el tiempo, una deformaci\u00f3n f\u00edsica de sus huesos. <\/p>\n\n\n\n<p>Respetables lectores: No permitan que su comuni\u00f3n con Dios se obstruya por esa acumulaci\u00f3n de ira y enojos contra alguien. No permitan que esa muerte silenciosa acabe con su fe, con su prosperidad y su crecimiento espiritual. <\/p>\n\n\n\n<p>SOLI DEO GLORIA<\/p>\n","protected":false},"excerpt":{"rendered":"<p>Efesios 4:26 \u201cAIRAOS, PERO NO PEQUEIS; no se ponga el sol sobre vuestro enojo\u2026\u201d Despu\u00e9s de toda una vida de ociosidad, sedentarismo y mala alimentaci\u00f3n, lo l\u00f3gico es que el cuerpo empiece a acusar ciertos problemas. Uno de ellos es el acumulamiento del colesterol malo que obstruye las arterias que alimentan el coraz\u00f3n. El colesterol [&hellip;]<\/p>\n","protected":false},"author":3,"featured_media":7949,"comment_status":"open","ping_status":"open","sticky":false,"template":"","format":"standard","meta":[],"categories":[36],"tags":[],"yoast_head":"<!-- This site is optimized with the Yoast SEO plugin v20.8 - https:\/\/yoast.com\/wordpress\/plugins\/seo\/ -->\n<title>El colesterol malo - La Prensa Cristiana<\/title>\n<meta name=\"robots\" content=\"index, follow, max-snippet:-1, max-image-preview:large, max-video-preview:-1\" \/>\n<link rel=\"canonical\" href=\"https:\/\/laprensacristiana.com\/?p=9274\" \/>\n<meta property=\"og:locale\" content=\"es_ES\" \/>\n<meta property=\"og:type\" content=\"article\" \/>\n<meta property=\"og:title\" content=\"El colesterol malo - La Prensa Cristiana\" \/>\n<meta property=\"og:description\" content=\"Efesios 4:26 \u201cAIRAOS, PERO NO PEQUEIS; no se ponga el sol sobre vuestro enojo\u2026\u201d Despu\u00e9s de toda una vida de ociosidad, sedentarismo y mala alimentaci\u00f3n, lo l\u00f3gico es que el cuerpo empiece a acusar ciertos problemas. Uno de ellos es el acumulamiento del colesterol malo que obstruye las arterias que alimentan el coraz\u00f3n. El colesterol [&hellip;]\" \/>\n<meta property=\"og:url\" content=\"https:\/\/laprensacristiana.com\/?p=9274\" \/>\n<meta property=\"og:site_name\" content=\"La Prensa Cristiana\" \/>\n<meta property=\"article:published_time\" content=\"2020-06-17T17:01:15+00:00\" \/>\n<meta property=\"article:modified_time\" content=\"2020-06-17T17:01:18+00:00\" \/>\n<meta property=\"og:image\" content=\"https:\/\/laprensacristiana.com\/wp-content\/uploads\/2020\/01\/2017-11-23-PHOTO-00003245-1.jpg\" \/>\n\t<meta property=\"og:image:width\" content=\"1280\" \/>\n\t<meta property=\"og:image:height\" content=\"714\" \/>\n\t<meta property=\"og:image:type\" content=\"image\/jpeg\" \/>\n<meta name=\"author\" content=\"EDITOR\" \/>\n<meta name=\"twitter:card\" content=\"summary_large_image\" \/>\n<meta name=\"twitter:label1\" content=\"Escrito por\" \/>\n\t<meta name=\"twitter:data1\" content=\"EDITOR\" \/>\n\t<meta name=\"twitter:label2\" content=\"Tiempo de lectura\" \/>\n\t<meta name=\"twitter:data2\" content=\"4 minutos\" \/>\n<script type=\"application\/ld+json\" class=\"yoast-schema-graph\">{\"@context\":\"https:\/\/schema.org\",\"@graph\":[{\"@type\":\"WebPage\",\"@id\":\"https:\/\/laprensacristiana.com\/?p=9274\",\"url\":\"https:\/\/laprensacristiana.com\/?p=9274\",\"name\":\"El colesterol malo - La Prensa Cristiana\",\"isPartOf\":{\"@id\":\"https:\/\/laprensacristiana.com\/#website\"},\"datePublished\":\"2020-06-17T17:01:15+00:00\",\"dateModified\":\"2020-06-17T17:01:18+00:00\",\"author\":{\"@id\":\"https:\/\/laprensacristiana.com\/#\/schema\/person\/3e7d82c6bfd6b1fa67010f8f7cd5256e\"},\"breadcrumb\":{\"@id\":\"https:\/\/laprensacristiana.com\/?p=9274#breadcrumb\"},\"inLanguage\":\"es\",\"potentialAction\":[{\"@type\":\"ReadAction\",\"target\":[\"https:\/\/laprensacristiana.com\/?p=9274\"]}]},{\"@type\":\"BreadcrumbList\",\"@id\":\"https:\/\/laprensacristiana.com\/?p=9274#breadcrumb\",\"itemListElement\":[{\"@type\":\"ListItem\",\"position\":1,\"name\":\"Portada\",\"item\":\"https:\/\/laprensacristiana.com\/\"},{\"@type\":\"ListItem\",\"position\":2,\"name\":\"El colesterol malo\"}]},{\"@type\":\"WebSite\",\"@id\":\"https:\/\/laprensacristiana.com\/#website\",\"url\":\"https:\/\/laprensacristiana.com\/\",\"name\":\"La Prensa Cristiana\",\"description\":\"Anunciando Las Buenas Nuevas\",\"potentialAction\":[{\"@type\":\"SearchAction\",\"target\":{\"@type\":\"EntryPoint\",\"urlTemplate\":\"https:\/\/laprensacristiana.com\/?s={search_term_string}\"},\"query-input\":\"required name=search_term_string\"}],\"inLanguage\":\"es\"},{\"@type\":\"Person\",\"@id\":\"https:\/\/laprensacristiana.com\/#\/schema\/person\/3e7d82c6bfd6b1fa67010f8f7cd5256e\",\"name\":\"EDITOR\",\"image\":{\"@type\":\"ImageObject\",\"inLanguage\":\"es\",\"@id\":\"https:\/\/laprensacristiana.com\/#\/schema\/person\/image\/\",\"url\":\"https:\/\/secure.gravatar.com\/avatar\/72069dfb6c13772d9e8381e3638666d2?s=96&d=mm&r=g\",\"contentUrl\":\"https:\/\/secure.gravatar.com\/avatar\/72069dfb6c13772d9e8381e3638666d2?s=96&d=mm&r=g\",\"caption\":\"EDITOR\"},\"url\":\"https:\/\/laprensacristiana.com\/?author=3\"}]}<\/script>\n<!-- \/ Yoast SEO plugin. -->","yoast_head_json":{"title":"El colesterol malo - La Prensa Cristiana","robots":{"index":"index","follow":"follow","max-snippet":"max-snippet:-1","max-image-preview":"max-image-preview:large","max-video-preview":"max-video-preview:-1"},"canonical":"https:\/\/laprensacristiana.com\/?p=9274","og_locale":"es_ES","og_type":"article","og_title":"El colesterol malo - La Prensa Cristiana","og_description":"Efesios 4:26 \u201cAIRAOS, PERO NO PEQUEIS; no se ponga el sol sobre vuestro enojo\u2026\u201d Despu\u00e9s de toda una vida de ociosidad, sedentarismo y mala alimentaci\u00f3n, lo l\u00f3gico es que el cuerpo empiece a acusar ciertos problemas. Uno de ellos es el acumulamiento del colesterol malo que obstruye las arterias que alimentan el coraz\u00f3n. El colesterol [&hellip;]","og_url":"https:\/\/laprensacristiana.com\/?p=9274","og_site_name":"La Prensa Cristiana","article_published_time":"2020-06-17T17:01:15+00:00","article_modified_time":"2020-06-17T17:01:18+00:00","og_image":[{"width":1280,"height":714,"url":"https:\/\/laprensacristiana.com\/wp-content\/uploads\/2020\/01\/2017-11-23-PHOTO-00003245-1.jpg","type":"image\/jpeg"}],"author":"EDITOR","twitter_card":"summary_large_image","twitter_misc":{"Escrito por":"EDITOR","Tiempo de lectura":"4 minutos"},"schema":{"@context":"https:\/\/schema.org","@graph":[{"@type":"WebPage","@id":"https:\/\/laprensacristiana.com\/?p=9274","url":"https:\/\/laprensacristiana.com\/?p=9274","name":"El colesterol malo - La Prensa Cristiana","isPartOf":{"@id":"https:\/\/laprensacristiana.com\/#website"},"datePublished":"2020-06-17T17:01:15+00:00","dateModified":"2020-06-17T17:01:18+00:00","author":{"@id":"https:\/\/laprensacristiana.com\/#\/schema\/person\/3e7d82c6bfd6b1fa67010f8f7cd5256e"},"breadcrumb":{"@id":"https:\/\/laprensacristiana.com\/?p=9274#breadcrumb"},"inLanguage":"es","potentialAction":[{"@type":"ReadAction","target":["https:\/\/laprensacristiana.com\/?p=9274"]}]},{"@type":"BreadcrumbList","@id":"https:\/\/laprensacristiana.com\/?p=9274#breadcrumb","itemListElement":[{"@type":"ListItem","position":1,"name":"Portada","item":"https:\/\/laprensacristiana.com\/"},{"@type":"ListItem","position":2,"name":"El colesterol malo"}]},{"@type":"WebSite","@id":"https:\/\/laprensacristiana.com\/#website","url":"https:\/\/laprensacristiana.com\/","name":"La Prensa Cristiana","description":"Anunciando Las Buenas Nuevas","potentialAction":[{"@type":"SearchAction","target":{"@type":"EntryPoint","urlTemplate":"https:\/\/laprensacristiana.com\/?s={search_term_string}"},"query-input":"required name=search_term_string"}],"inLanguage":"es"},{"@type":"Person","@id":"https:\/\/laprensacristiana.com\/#\/schema\/person\/3e7d82c6bfd6b1fa67010f8f7cd5256e","name":"EDITOR","image":{"@type":"ImageObject","inLanguage":"es","@id":"https:\/\/laprensacristiana.com\/#\/schema\/person\/image\/","url":"https:\/\/secure.gravatar.com\/avatar\/72069dfb6c13772d9e8381e3638666d2?s=96&d=mm&r=g","contentUrl":"https:\/\/secure.gravatar.com\/avatar\/72069dfb6c13772d9e8381e3638666d2?s=96&d=mm&r=g","caption":"EDITOR"},"url":"https:\/\/laprensacristiana.com\/?author=3"}]}},"_links":{"self":[{"href":"https:\/\/laprensacristiana.com\/index.php?rest_route=\/wp\/v2\/posts\/9274"}],"collection":[{"href":"https:\/\/laprensacristiana.com\/index.php?rest_route=\/wp\/v2\/posts"}],"about":[{"href":"https:\/\/laprensacristiana.com\/index.php?rest_route=\/wp\/v2\/types\/post"}],"author":[{"embeddable":true,"href":"https:\/\/laprensacristiana.com\/index.php?rest_route=\/wp\/v2\/users\/3"}],"replies":[{"embeddable":true,"href":"https:\/\/laprensacristiana.com\/index.php?rest_route=%2Fwp%2Fv2%2Fcomments&post=9274"}],"version-history":[{"count":1,"href":"https:\/\/laprensacristiana.com\/index.php?rest_route=\/wp\/v2\/posts\/9274\/revisions"}],"predecessor-version":[{"id":9275,"href":"https:\/\/laprensacristiana.com\/index.php?rest_route=\/wp\/v2\/posts\/9274\/revisions\/9275"}],"wp:featuredmedia":[{"embeddable":true,"href":"https:\/\/laprensacristiana.com\/index.php?rest_route=\/wp\/v2\/media\/7949"}],"wp:attachment":[{"href":"https:\/\/laprensacristiana.com\/index.php?rest_route=%2Fwp%2Fv2%2Fmedia&parent=9274"}],"wp:term":[{"taxonomy":"category","embeddable":true,"href":"https:\/\/laprensacristiana.com\/index.php?rest_route=%2Fwp%2Fv2%2Fcategories&post=9274"},{"taxonomy":"post_tag","embeddable":true,"href":"https:\/\/laprensacristiana.com\/index.php?rest_route=%2Fwp%2Fv2%2Ftags&post=9274"}],"curies":[{"name":"wp","href":"https:\/\/api.w.org\/{rel}","templated":true}]}}