{"id":9280,"date":"2020-06-18T04:27:25","date_gmt":"2020-06-18T04:27:25","guid":{"rendered":"https:\/\/laprensacristiana.com\/?p=9280"},"modified":"2020-06-18T04:27:28","modified_gmt":"2020-06-18T04:27:28","slug":"dios-como-pretexto","status":"publish","type":"post","link":"https:\/\/laprensacristiana.com\/?p=9280","title":{"rendered":"Dios como pretexto"},"content":{"rendered":"\n<p>Por: Mario Vega \/ Pastor General de Misi\u00f3n Cristiana Elim <\/p>\n\n\n\n<p>En la actualidad un nombre es solo un medio de identificaci\u00f3n. Pero en los tiempos b\u00edblicos el nombre representaba al individuo mismo, con toda su naturaleza y sus atributos. El nombre de Dios es tan importante como lo es su esencia. La Biblia asume una estrecha relaci\u00f3n entre el nombre y el renombre. La reputaci\u00f3n divina es una cosa preciosa y por eso el mandamiento declara: \u00abNo tomar\u00e1s el nombre del Se\u00f1or tu Dios en vano; porque no dar\u00e1 por inocente el Se\u00f1or al que tomare su nombre en vano\u00bb. Esta prohibici\u00f3n est\u00e1 dise\u00f1ada para proteger el nombre divino de ser usado de cualquier manera que desprestigie a Dios o los prop\u00f3sitos de Dios para el mundo. Un tema central que est\u00e1 en juego para Dios es la declaraci\u00f3n de su nombre al mundo y el efecto que producir\u00e1 el escucharlo. \u00bfLas personas experimentar\u00e1n atracci\u00f3n o rechazo? \u00bfo permanecer\u00e1n indiferentes? Si ese nombre se ha visto afectado de alguna manera por la forma en que ha sido utilizado o por las pr\u00e1cticas con las que se ha asociado, entonces las intenciones divinas pueden verse obstaculizadas en su realizaci\u00f3n. O si la misma declaraci\u00f3n del nombre en s\u00ed se usa de manera enga\u00f1osa o falsa, Dios no tratar\u00e1 ese obst\u00e1culo a sus intenciones a la ligera.<\/p>\n\n\n\n<p>Las discusiones sobre este mandamiento a menudo han limitado su aplicabilidad. Se ha ense\u00f1ado que se refiere al uso del nombre divino en magia o adivinaci\u00f3n, juramentos falsos o blasfemias. Este puede ser el caso, pero hay m\u00e1s en juego. El nombre de Dios se asocia com\u00fanmente con frases vac\u00edas o religi\u00f3n f\u00e1cil o intereses pol\u00edticos. De ese modo, el nombre de Dios se arrastra al nivel de los contextos en los que se utiliza. A medida que las personas lo escuchan manoseado, pueden asociar el nombre de Dios con una causa que desean evitar o rechazar. En consecuencia, no se sentir\u00e1n atra\u00eddos por ese Dios y su nombre no recibir\u00e1 su debido honor y respeto. Quien menciona el nombre de Dios, le pone como testigo autorizado de lo que afirma, lo cual, puede ser despreciable o falso. Es un recurso de quien usa el nombre divino de adquirir una credibilidad que no posee. Al usar el nombre trata de instrumentalizar a Dios para sus prop\u00f3sitos, a la vez que t\u00e1citamente reconoce no poseer una palabra de integridad que cumplir\u00e1.<\/p>\n\n\n\n<p>En el nivel m\u00e1s profundo, el uso del nombre de Dios es tambi\u00e9n una cuesti\u00f3n de misi\u00f3n. Dios no es solamente su nombre y su renombre, tambi\u00e9n es su mensaje; el cual, se resume en la reconciliaci\u00f3n de Dios con el hombre y de los hombres entre s\u00ed. Es la buena nueva de perd\u00f3n y compasi\u00f3n que Jes\u00fas anunci\u00f3, el eje rector de su ense\u00f1anza y su pr\u00e1ctica. Muchas expresiones de amargura, odio y maldici\u00f3n se dicen en el nombre de Dios, lo cual, constituye una aberraci\u00f3n, ya que esas afirmaciones ofenden la reputaci\u00f3n y honor de Dios como creador de un mundo nuevo reconciliado. La fe en Dios hace a las personas modestas y humildes. No se honra a Dios mientras al pr\u00f3jimo se le desea la ruina o la muerte. El que no ama a su hermano a quien ha visto, \u00bfc\u00f3mo puede amar a Dios a quien no ha visto? Coherencia, se requiere coherencia. Dios no resolver\u00e1 los problemas del mundo con destrucci\u00f3n, sino con redenci\u00f3n. El uso de su nombre exige la adhesi\u00f3n a su naturaleza y a sus objetivos. Cuando se logra, no se necesita invocarlo como testigo. La credibilidad es suficiente. Hablar es plata, pero el silencio es oro.<\/p>\n","protected":false},"excerpt":{"rendered":"<p>Por: Mario Vega \/ Pastor General de Misi\u00f3n Cristiana Elim En la actualidad un nombre es solo un medio de identificaci\u00f3n. Pero en los tiempos b\u00edblicos el nombre representaba al individuo mismo, con toda su naturaleza y sus atributos. El nombre de Dios es tan importante como lo es su esencia. La Biblia asume una [&hellip;]<\/p>\n","protected":false},"author":3,"featured_media":6072,"comment_status":"open","ping_status":"open","sticky":false,"template":"","format":"standard","meta":[],"categories":[23],"tags":[],"yoast_head":"<!-- This site is optimized with the Yoast SEO plugin v20.8 - https:\/\/yoast.com\/wordpress\/plugins\/seo\/ -->\n<title>Dios como pretexto - La Prensa Cristiana<\/title>\n<meta name=\"robots\" content=\"index, follow, max-snippet:-1, max-image-preview:large, max-video-preview:-1\" \/>\n<link rel=\"canonical\" href=\"https:\/\/laprensacristiana.com\/?p=9280\" \/>\n<meta property=\"og:locale\" content=\"es_ES\" \/>\n<meta property=\"og:type\" content=\"article\" \/>\n<meta property=\"og:title\" content=\"Dios como pretexto - La Prensa Cristiana\" \/>\n<meta property=\"og:description\" content=\"Por: Mario Vega \/ Pastor General de Misi\u00f3n Cristiana Elim En la actualidad un nombre es solo un medio de identificaci\u00f3n. Pero en los tiempos b\u00edblicos el nombre representaba al individuo mismo, con toda su naturaleza y sus atributos. El nombre de Dios es tan importante como lo es su esencia. La Biblia asume una [&hellip;]\" \/>\n<meta property=\"og:url\" content=\"https:\/\/laprensacristiana.com\/?p=9280\" \/>\n<meta property=\"og:site_name\" content=\"La Prensa Cristiana\" \/>\n<meta property=\"article:published_time\" content=\"2020-06-18T04:27:25+00:00\" \/>\n<meta property=\"article:modified_time\" content=\"2020-06-18T04:27:28+00:00\" \/>\n<meta property=\"og:image\" content=\"https:\/\/laprensacristiana.com\/wp-content\/uploads\/2019\/06\/OPINION-01-scaled.jpg\" \/>\n\t<meta property=\"og:image:width\" content=\"2560\" \/>\n\t<meta property=\"og:image:height\" content=\"1429\" \/>\n\t<meta property=\"og:image:type\" content=\"image\/jpeg\" \/>\n<meta name=\"author\" content=\"EDITOR\" \/>\n<meta name=\"twitter:card\" content=\"summary_large_image\" \/>\n<meta name=\"twitter:label1\" content=\"Escrito por\" \/>\n\t<meta name=\"twitter:data1\" content=\"EDITOR\" \/>\n\t<meta name=\"twitter:label2\" content=\"Tiempo de lectura\" \/>\n\t<meta name=\"twitter:data2\" content=\"3 minutos\" \/>\n<script type=\"application\/ld+json\" class=\"yoast-schema-graph\">{\"@context\":\"https:\/\/schema.org\",\"@graph\":[{\"@type\":\"WebPage\",\"@id\":\"https:\/\/laprensacristiana.com\/?p=9280\",\"url\":\"https:\/\/laprensacristiana.com\/?p=9280\",\"name\":\"Dios como pretexto - La Prensa Cristiana\",\"isPartOf\":{\"@id\":\"https:\/\/laprensacristiana.com\/#website\"},\"datePublished\":\"2020-06-18T04:27:25+00:00\",\"dateModified\":\"2020-06-18T04:27:28+00:00\",\"author\":{\"@id\":\"https:\/\/laprensacristiana.com\/#\/schema\/person\/3e7d82c6bfd6b1fa67010f8f7cd5256e\"},\"breadcrumb\":{\"@id\":\"https:\/\/laprensacristiana.com\/?p=9280#breadcrumb\"},\"inLanguage\":\"es\",\"potentialAction\":[{\"@type\":\"ReadAction\",\"target\":[\"https:\/\/laprensacristiana.com\/?p=9280\"]}]},{\"@type\":\"BreadcrumbList\",\"@id\":\"https:\/\/laprensacristiana.com\/?p=9280#breadcrumb\",\"itemListElement\":[{\"@type\":\"ListItem\",\"position\":1,\"name\":\"Portada\",\"item\":\"https:\/\/laprensacristiana.com\/\"},{\"@type\":\"ListItem\",\"position\":2,\"name\":\"Dios como pretexto\"}]},{\"@type\":\"WebSite\",\"@id\":\"https:\/\/laprensacristiana.com\/#website\",\"url\":\"https:\/\/laprensacristiana.com\/\",\"name\":\"La Prensa Cristiana\",\"description\":\"Anunciando Las Buenas Nuevas\",\"potentialAction\":[{\"@type\":\"SearchAction\",\"target\":{\"@type\":\"EntryPoint\",\"urlTemplate\":\"https:\/\/laprensacristiana.com\/?s={search_term_string}\"},\"query-input\":\"required name=search_term_string\"}],\"inLanguage\":\"es\"},{\"@type\":\"Person\",\"@id\":\"https:\/\/laprensacristiana.com\/#\/schema\/person\/3e7d82c6bfd6b1fa67010f8f7cd5256e\",\"name\":\"EDITOR\",\"image\":{\"@type\":\"ImageObject\",\"inLanguage\":\"es\",\"@id\":\"https:\/\/laprensacristiana.com\/#\/schema\/person\/image\/\",\"url\":\"https:\/\/secure.gravatar.com\/avatar\/72069dfb6c13772d9e8381e3638666d2?s=96&d=mm&r=g\",\"contentUrl\":\"https:\/\/secure.gravatar.com\/avatar\/72069dfb6c13772d9e8381e3638666d2?s=96&d=mm&r=g\",\"caption\":\"EDITOR\"},\"url\":\"https:\/\/laprensacristiana.com\/?author=3\"}]}<\/script>\n<!-- \/ Yoast SEO plugin. -->","yoast_head_json":{"title":"Dios como pretexto - La Prensa Cristiana","robots":{"index":"index","follow":"follow","max-snippet":"max-snippet:-1","max-image-preview":"max-image-preview:large","max-video-preview":"max-video-preview:-1"},"canonical":"https:\/\/laprensacristiana.com\/?p=9280","og_locale":"es_ES","og_type":"article","og_title":"Dios como pretexto - La Prensa Cristiana","og_description":"Por: Mario Vega \/ Pastor General de Misi\u00f3n Cristiana Elim En la actualidad un nombre es solo un medio de identificaci\u00f3n. Pero en los tiempos b\u00edblicos el nombre representaba al individuo mismo, con toda su naturaleza y sus atributos. El nombre de Dios es tan importante como lo es su esencia. La Biblia asume una [&hellip;]","og_url":"https:\/\/laprensacristiana.com\/?p=9280","og_site_name":"La Prensa Cristiana","article_published_time":"2020-06-18T04:27:25+00:00","article_modified_time":"2020-06-18T04:27:28+00:00","og_image":[{"width":2560,"height":1429,"url":"https:\/\/laprensacristiana.com\/wp-content\/uploads\/2019\/06\/OPINION-01-scaled.jpg","type":"image\/jpeg"}],"author":"EDITOR","twitter_card":"summary_large_image","twitter_misc":{"Escrito por":"EDITOR","Tiempo de lectura":"3 minutos"},"schema":{"@context":"https:\/\/schema.org","@graph":[{"@type":"WebPage","@id":"https:\/\/laprensacristiana.com\/?p=9280","url":"https:\/\/laprensacristiana.com\/?p=9280","name":"Dios como pretexto - La Prensa Cristiana","isPartOf":{"@id":"https:\/\/laprensacristiana.com\/#website"},"datePublished":"2020-06-18T04:27:25+00:00","dateModified":"2020-06-18T04:27:28+00:00","author":{"@id":"https:\/\/laprensacristiana.com\/#\/schema\/person\/3e7d82c6bfd6b1fa67010f8f7cd5256e"},"breadcrumb":{"@id":"https:\/\/laprensacristiana.com\/?p=9280#breadcrumb"},"inLanguage":"es","potentialAction":[{"@type":"ReadAction","target":["https:\/\/laprensacristiana.com\/?p=9280"]}]},{"@type":"BreadcrumbList","@id":"https:\/\/laprensacristiana.com\/?p=9280#breadcrumb","itemListElement":[{"@type":"ListItem","position":1,"name":"Portada","item":"https:\/\/laprensacristiana.com\/"},{"@type":"ListItem","position":2,"name":"Dios como pretexto"}]},{"@type":"WebSite","@id":"https:\/\/laprensacristiana.com\/#website","url":"https:\/\/laprensacristiana.com\/","name":"La Prensa Cristiana","description":"Anunciando Las Buenas Nuevas","potentialAction":[{"@type":"SearchAction","target":{"@type":"EntryPoint","urlTemplate":"https:\/\/laprensacristiana.com\/?s={search_term_string}"},"query-input":"required name=search_term_string"}],"inLanguage":"es"},{"@type":"Person","@id":"https:\/\/laprensacristiana.com\/#\/schema\/person\/3e7d82c6bfd6b1fa67010f8f7cd5256e","name":"EDITOR","image":{"@type":"ImageObject","inLanguage":"es","@id":"https:\/\/laprensacristiana.com\/#\/schema\/person\/image\/","url":"https:\/\/secure.gravatar.com\/avatar\/72069dfb6c13772d9e8381e3638666d2?s=96&d=mm&r=g","contentUrl":"https:\/\/secure.gravatar.com\/avatar\/72069dfb6c13772d9e8381e3638666d2?s=96&d=mm&r=g","caption":"EDITOR"},"url":"https:\/\/laprensacristiana.com\/?author=3"}]}},"_links":{"self":[{"href":"https:\/\/laprensacristiana.com\/index.php?rest_route=\/wp\/v2\/posts\/9280"}],"collection":[{"href":"https:\/\/laprensacristiana.com\/index.php?rest_route=\/wp\/v2\/posts"}],"about":[{"href":"https:\/\/laprensacristiana.com\/index.php?rest_route=\/wp\/v2\/types\/post"}],"author":[{"embeddable":true,"href":"https:\/\/laprensacristiana.com\/index.php?rest_route=\/wp\/v2\/users\/3"}],"replies":[{"embeddable":true,"href":"https:\/\/laprensacristiana.com\/index.php?rest_route=%2Fwp%2Fv2%2Fcomments&post=9280"}],"version-history":[{"count":1,"href":"https:\/\/laprensacristiana.com\/index.php?rest_route=\/wp\/v2\/posts\/9280\/revisions"}],"predecessor-version":[{"id":9281,"href":"https:\/\/laprensacristiana.com\/index.php?rest_route=\/wp\/v2\/posts\/9280\/revisions\/9281"}],"wp:featuredmedia":[{"embeddable":true,"href":"https:\/\/laprensacristiana.com\/index.php?rest_route=\/wp\/v2\/media\/6072"}],"wp:attachment":[{"href":"https:\/\/laprensacristiana.com\/index.php?rest_route=%2Fwp%2Fv2%2Fmedia&parent=9280"}],"wp:term":[{"taxonomy":"category","embeddable":true,"href":"https:\/\/laprensacristiana.com\/index.php?rest_route=%2Fwp%2Fv2%2Fcategories&post=9280"},{"taxonomy":"post_tag","embeddable":true,"href":"https:\/\/laprensacristiana.com\/index.php?rest_route=%2Fwp%2Fv2%2Ftags&post=9280"}],"curies":[{"name":"wp","href":"https:\/\/api.w.org\/{rel}","templated":true}]}}