{"id":9288,"date":"2020-06-19T12:58:26","date_gmt":"2020-06-19T12:58:26","guid":{"rendered":"https:\/\/laprensacristiana.com\/?p=9288"},"modified":"2020-06-19T12:58:29","modified_gmt":"2020-06-19T12:58:29","slug":"separacion","status":"publish","type":"post","link":"https:\/\/laprensacristiana.com\/?p=9288","title":{"rendered":"Separaci\u00f3n"},"content":{"rendered":"\n<p>G\u00e8nesis 1:4 \u201c\u2026y separ\u00f3 Dios la luz de las tinieblas\u201d<\/p>\n\n\n\n<p>Si algo no le gusta a los j\u00f3venes de nuestra generaci\u00f3n es que se les ense\u00f1e este principio elemental de la Creaci\u00f3n: La separaci\u00f2n del mundo en todas sus dimensiones.<\/p>\n\n\n\n<p>Sencillamente no aceptan esta ense\u00f1anza. Y cuando se les da para cumplir con las ordenanzas del Se\u00f1or a los pastores y l\u00ecderes, hay dos opciones: O se ense\u00f1a a pesar de que no les agrade, o sencillamente no se ense\u00f1a y se deja a las personas a su libre albedr\u00edo.<\/p>\n\n\n\n<p>El problema, pastores, es que hemos sido puestos por Dios para apacentar a sus reba\u00f1os. Al aceptar que no son nuestros, nuestro deber es darles todas las ense\u00f1anzas del Se\u00f1or. Bueno, eso dijo Jesus antes de ir al Cielo: \u201c\u2026y ense\u00f1\u00e1ndoles todas las cosas que yo les he ense\u00f1ado\u201d.  Y todos sabemos que Jesus empez\u00f3 a hablar en G\u00e8nesis, no en Mateo.<\/p>\n\n\n\n<p>Bueno, la separaci\u00f3n es tan importante que el mismo Dios hizo esta acci\u00f2n en varias ocasiones. Por ejemplo: Separ\u00f3 la luz de las tinieblas. No tenemos nada que ver con el mundo que est\u00e1 en tinieblas. Sus costumbres, sus vicios y sus costumbres ya no son para nosotros. Aqu\u00ed est\u00e1 lo que nuestros j\u00f3venes no aceptan.  Quieren andar vestidos con las modas que el mundo les dice. Cortes de cabello, color del mismo, aretes en las orejas y bajo la lengua, tatuajes y pantalones rotos. Sin saberlo, se mezclan con las tinieblas y no hay testimonio que sean nuevas criaturas. Sus amigos y compa\u00f1eros de estudios no ven en ellos ninguna clase de diferencia. Son exactamente iguales a los del mundo. <\/p>\n\n\n\n<p>En el verso 6, Dios vuelve a separar: \u201c\u2026separe las aguas de las aguas\u201d Nuevamente sabemos que el agua es figura de la Palabra. Eso nos dice que hay que separar nuestro lenguaje de como lo usa el mundo y como debemos usarlo nosotros. Pero otra vez, la juventud o los mismos padres se niegan a dejar el vocabulario que usaban en el mundo y lo practican en sus hogares, delante de sus hijos, d\u00e1ndoles mal ejemplo, de manera que cuando est\u00e1n en sus grupos hablan como sus amigos. No hay separaci\u00f2n nuevamente.<\/p>\n\n\n\n<p>En el verso 9 dice la Escritura: \u201cEntonces dijo Dios: J\u00fantense en un lugar las aguas que est\u00e1n debajo de los cielos, y que aparezca lo seco. Y fue as\u00ed\u201d  Nuevamente tenemos la acci\u00f2n de separaci\u00f2n que Dios hizo entre las aguas y lo seco.  \u00bfQu\u00e9 tenemos que ver con los que est\u00e1n secos de la Presencia de Dios? \u00bfQu\u00e9 nos pueden ense\u00f1ar como para que compartamos nuestro tiempo y nuestras vidas con ellos?  Claro, estoy quiz\u00e1 siendo juzgado de legalista, pero si digo que sigo las ense\u00f1anzas del Se\u00f1or Jesus, no puedo mezclarlas con las ense\u00f1anzas del mundo. <\/p>\n\n\n\n<p>No es f\u00e1cil ni agradable separarnos del mundo. Especialmente en ciertas fechas del a\u00f1o en que toda la corriente se dirige hacia lo que hacen los dem\u00e1s. Caleb es un buen referente de lo que es un cristiano definido. No sigui\u00f3 a los que hab\u00edan negado la Gracia del Se\u00f1or para darles la tierra prometida y se mantuvo fiel a las promesas del Se\u00f1or, esperando durante cuarenta a\u00f1os a que toda aquella generaci\u00f3n muriera para poder \u00e8l y Josu\u00e9, entrar con los j\u00f3venes de esa generaci\u00f3n a tomar su herencia.  Cuarenta a\u00f1os de paciencia, cuarenta a\u00f1os de guardar fidelidad de la promesa del Se\u00f1or. Cuarenta a\u00f1os esperando y esperando el momento de disfrutar de su tierra. Nunca claudic\u00f2. Nunca neg\u00f3 su fe y nunca perdi\u00f3 la cordura.<\/p>\n\n\n\n<p>\u00bfEs eso legalismo o definici\u00f3n? <\/p>\n\n\n\n<p>En toda esta naci\u00f3n, los cristianos est\u00e1n orando por un avivamiento. Muchos esperan que el Esp\u00edritu Santo caiga sobre su comunidad y convierta multitudes a medida que Dios arrastra a los pecadores a llenar sus iglesias. Sienten que debido a que han ayunado y orado, Dios enviar\u00e1 autom\u00e1ticamente avivamiento. Pero Dios responde: \u201cNo, no jugar\u00e9 ese juego. Ustedes deben asumir la responsabilidad personal de su testimonio de m\u00ed. Deben ser una brillante manifestaci\u00f3n de mi Hijo y darme a conocer a sus familias, amigos, vecinos y compa\u00f1eros de trabajo\u201d.  En pocas palabras, el avivamiento comienza cuando los que le rodean ven a Jes\u00fas en usted. \u00bfC\u00f3mo podemos brillar para convertirnos en una manifestaci\u00f3n de la verdad? \u00bfC\u00f3mo pueden nuestras vidas convertirse en im\u00e1genes tan claras de Jes\u00fas que produzcamos en otros una convicci\u00f3n y hambre de Dios?  La respuesta es simple: Cuando comprendamos que debemos separarnos de ellos para que \u201cvean vuestras buenas obras\u201d dijo el Ap\u00f3stol Pablo.  Sin separaci\u00f2n no habr\u00e1 cambios: ni en nosotros ni en ellos.  Lo lamento.<\/p>\n\n\n\n<p>SOLI DEO GLORIA<\/p>\n","protected":false},"excerpt":{"rendered":"<p>G\u00e8nesis 1:4 \u201c\u2026y separ\u00f3 Dios la luz de las tinieblas\u201d Si algo no le gusta a los j\u00f3venes de nuestra generaci\u00f3n es que se les ense\u00f1e este principio elemental de la Creaci\u00f3n: La separaci\u00f2n del mundo en todas sus dimensiones. Sencillamente no aceptan esta ense\u00f1anza. Y cuando se les da para cumplir con las ordenanzas [&hellip;]<\/p>\n","protected":false},"author":3,"featured_media":7949,"comment_status":"open","ping_status":"open","sticky":false,"template":"","format":"standard","meta":[],"categories":[36],"tags":[],"yoast_head":"<!-- This site is optimized with the Yoast SEO plugin v20.8 - https:\/\/yoast.com\/wordpress\/plugins\/seo\/ -->\n<title>Separaci\u00f3n - La Prensa Cristiana<\/title>\n<meta name=\"robots\" content=\"index, follow, max-snippet:-1, max-image-preview:large, max-video-preview:-1\" \/>\n<link rel=\"canonical\" href=\"https:\/\/laprensacristiana.com\/?p=9288\" \/>\n<meta property=\"og:locale\" content=\"es_ES\" \/>\n<meta property=\"og:type\" content=\"article\" \/>\n<meta property=\"og:title\" content=\"Separaci\u00f3n - La Prensa Cristiana\" \/>\n<meta property=\"og:description\" content=\"G\u00e8nesis 1:4 \u201c\u2026y separ\u00f3 Dios la luz de las tinieblas\u201d Si algo no le gusta a los j\u00f3venes de nuestra generaci\u00f3n es que se les ense\u00f1e este principio elemental de la Creaci\u00f3n: La separaci\u00f2n del mundo en todas sus dimensiones. Sencillamente no aceptan esta ense\u00f1anza. Y cuando se les da para cumplir con las ordenanzas [&hellip;]\" \/>\n<meta property=\"og:url\" content=\"https:\/\/laprensacristiana.com\/?p=9288\" \/>\n<meta property=\"og:site_name\" content=\"La Prensa Cristiana\" \/>\n<meta property=\"article:published_time\" content=\"2020-06-19T12:58:26+00:00\" \/>\n<meta property=\"article:modified_time\" content=\"2020-06-19T12:58:29+00:00\" \/>\n<meta property=\"og:image\" content=\"https:\/\/laprensacristiana.com\/wp-content\/uploads\/2020\/01\/2017-11-23-PHOTO-00003245-1.jpg\" \/>\n\t<meta property=\"og:image:width\" content=\"1280\" \/>\n\t<meta property=\"og:image:height\" content=\"714\" \/>\n\t<meta property=\"og:image:type\" content=\"image\/jpeg\" \/>\n<meta name=\"author\" content=\"EDITOR\" \/>\n<meta name=\"twitter:card\" content=\"summary_large_image\" \/>\n<meta name=\"twitter:label1\" content=\"Escrito por\" \/>\n\t<meta name=\"twitter:data1\" content=\"EDITOR\" \/>\n\t<meta name=\"twitter:label2\" content=\"Tiempo de lectura\" \/>\n\t<meta name=\"twitter:data2\" content=\"4 minutos\" \/>\n<script type=\"application\/ld+json\" class=\"yoast-schema-graph\">{\"@context\":\"https:\/\/schema.org\",\"@graph\":[{\"@type\":\"WebPage\",\"@id\":\"https:\/\/laprensacristiana.com\/?p=9288\",\"url\":\"https:\/\/laprensacristiana.com\/?p=9288\",\"name\":\"Separaci\u00f3n - La Prensa Cristiana\",\"isPartOf\":{\"@id\":\"https:\/\/laprensacristiana.com\/#website\"},\"datePublished\":\"2020-06-19T12:58:26+00:00\",\"dateModified\":\"2020-06-19T12:58:29+00:00\",\"author\":{\"@id\":\"https:\/\/laprensacristiana.com\/#\/schema\/person\/3e7d82c6bfd6b1fa67010f8f7cd5256e\"},\"breadcrumb\":{\"@id\":\"https:\/\/laprensacristiana.com\/?p=9288#breadcrumb\"},\"inLanguage\":\"es\",\"potentialAction\":[{\"@type\":\"ReadAction\",\"target\":[\"https:\/\/laprensacristiana.com\/?p=9288\"]}]},{\"@type\":\"BreadcrumbList\",\"@id\":\"https:\/\/laprensacristiana.com\/?p=9288#breadcrumb\",\"itemListElement\":[{\"@type\":\"ListItem\",\"position\":1,\"name\":\"Portada\",\"item\":\"https:\/\/laprensacristiana.com\/\"},{\"@type\":\"ListItem\",\"position\":2,\"name\":\"Separaci\u00f3n\"}]},{\"@type\":\"WebSite\",\"@id\":\"https:\/\/laprensacristiana.com\/#website\",\"url\":\"https:\/\/laprensacristiana.com\/\",\"name\":\"La Prensa Cristiana\",\"description\":\"Anunciando Las Buenas Nuevas\",\"potentialAction\":[{\"@type\":\"SearchAction\",\"target\":{\"@type\":\"EntryPoint\",\"urlTemplate\":\"https:\/\/laprensacristiana.com\/?s={search_term_string}\"},\"query-input\":\"required name=search_term_string\"}],\"inLanguage\":\"es\"},{\"@type\":\"Person\",\"@id\":\"https:\/\/laprensacristiana.com\/#\/schema\/person\/3e7d82c6bfd6b1fa67010f8f7cd5256e\",\"name\":\"EDITOR\",\"image\":{\"@type\":\"ImageObject\",\"inLanguage\":\"es\",\"@id\":\"https:\/\/laprensacristiana.com\/#\/schema\/person\/image\/\",\"url\":\"https:\/\/secure.gravatar.com\/avatar\/72069dfb6c13772d9e8381e3638666d2?s=96&d=mm&r=g\",\"contentUrl\":\"https:\/\/secure.gravatar.com\/avatar\/72069dfb6c13772d9e8381e3638666d2?s=96&d=mm&r=g\",\"caption\":\"EDITOR\"},\"url\":\"https:\/\/laprensacristiana.com\/?author=3\"}]}<\/script>\n<!-- \/ Yoast SEO plugin. -->","yoast_head_json":{"title":"Separaci\u00f3n - La Prensa Cristiana","robots":{"index":"index","follow":"follow","max-snippet":"max-snippet:-1","max-image-preview":"max-image-preview:large","max-video-preview":"max-video-preview:-1"},"canonical":"https:\/\/laprensacristiana.com\/?p=9288","og_locale":"es_ES","og_type":"article","og_title":"Separaci\u00f3n - La Prensa Cristiana","og_description":"G\u00e8nesis 1:4 \u201c\u2026y separ\u00f3 Dios la luz de las tinieblas\u201d Si algo no le gusta a los j\u00f3venes de nuestra generaci\u00f3n es que se les ense\u00f1e este principio elemental de la Creaci\u00f3n: La separaci\u00f2n del mundo en todas sus dimensiones. Sencillamente no aceptan esta ense\u00f1anza. Y cuando se les da para cumplir con las ordenanzas [&hellip;]","og_url":"https:\/\/laprensacristiana.com\/?p=9288","og_site_name":"La Prensa Cristiana","article_published_time":"2020-06-19T12:58:26+00:00","article_modified_time":"2020-06-19T12:58:29+00:00","og_image":[{"width":1280,"height":714,"url":"https:\/\/laprensacristiana.com\/wp-content\/uploads\/2020\/01\/2017-11-23-PHOTO-00003245-1.jpg","type":"image\/jpeg"}],"author":"EDITOR","twitter_card":"summary_large_image","twitter_misc":{"Escrito por":"EDITOR","Tiempo de lectura":"4 minutos"},"schema":{"@context":"https:\/\/schema.org","@graph":[{"@type":"WebPage","@id":"https:\/\/laprensacristiana.com\/?p=9288","url":"https:\/\/laprensacristiana.com\/?p=9288","name":"Separaci\u00f3n - La Prensa Cristiana","isPartOf":{"@id":"https:\/\/laprensacristiana.com\/#website"},"datePublished":"2020-06-19T12:58:26+00:00","dateModified":"2020-06-19T12:58:29+00:00","author":{"@id":"https:\/\/laprensacristiana.com\/#\/schema\/person\/3e7d82c6bfd6b1fa67010f8f7cd5256e"},"breadcrumb":{"@id":"https:\/\/laprensacristiana.com\/?p=9288#breadcrumb"},"inLanguage":"es","potentialAction":[{"@type":"ReadAction","target":["https:\/\/laprensacristiana.com\/?p=9288"]}]},{"@type":"BreadcrumbList","@id":"https:\/\/laprensacristiana.com\/?p=9288#breadcrumb","itemListElement":[{"@type":"ListItem","position":1,"name":"Portada","item":"https:\/\/laprensacristiana.com\/"},{"@type":"ListItem","position":2,"name":"Separaci\u00f3n"}]},{"@type":"WebSite","@id":"https:\/\/laprensacristiana.com\/#website","url":"https:\/\/laprensacristiana.com\/","name":"La Prensa Cristiana","description":"Anunciando Las Buenas Nuevas","potentialAction":[{"@type":"SearchAction","target":{"@type":"EntryPoint","urlTemplate":"https:\/\/laprensacristiana.com\/?s={search_term_string}"},"query-input":"required name=search_term_string"}],"inLanguage":"es"},{"@type":"Person","@id":"https:\/\/laprensacristiana.com\/#\/schema\/person\/3e7d82c6bfd6b1fa67010f8f7cd5256e","name":"EDITOR","image":{"@type":"ImageObject","inLanguage":"es","@id":"https:\/\/laprensacristiana.com\/#\/schema\/person\/image\/","url":"https:\/\/secure.gravatar.com\/avatar\/72069dfb6c13772d9e8381e3638666d2?s=96&d=mm&r=g","contentUrl":"https:\/\/secure.gravatar.com\/avatar\/72069dfb6c13772d9e8381e3638666d2?s=96&d=mm&r=g","caption":"EDITOR"},"url":"https:\/\/laprensacristiana.com\/?author=3"}]}},"_links":{"self":[{"href":"https:\/\/laprensacristiana.com\/index.php?rest_route=\/wp\/v2\/posts\/9288"}],"collection":[{"href":"https:\/\/laprensacristiana.com\/index.php?rest_route=\/wp\/v2\/posts"}],"about":[{"href":"https:\/\/laprensacristiana.com\/index.php?rest_route=\/wp\/v2\/types\/post"}],"author":[{"embeddable":true,"href":"https:\/\/laprensacristiana.com\/index.php?rest_route=\/wp\/v2\/users\/3"}],"replies":[{"embeddable":true,"href":"https:\/\/laprensacristiana.com\/index.php?rest_route=%2Fwp%2Fv2%2Fcomments&post=9288"}],"version-history":[{"count":1,"href":"https:\/\/laprensacristiana.com\/index.php?rest_route=\/wp\/v2\/posts\/9288\/revisions"}],"predecessor-version":[{"id":9289,"href":"https:\/\/laprensacristiana.com\/index.php?rest_route=\/wp\/v2\/posts\/9288\/revisions\/9289"}],"wp:featuredmedia":[{"embeddable":true,"href":"https:\/\/laprensacristiana.com\/index.php?rest_route=\/wp\/v2\/media\/7949"}],"wp:attachment":[{"href":"https:\/\/laprensacristiana.com\/index.php?rest_route=%2Fwp%2Fv2%2Fmedia&parent=9288"}],"wp:term":[{"taxonomy":"category","embeddable":true,"href":"https:\/\/laprensacristiana.com\/index.php?rest_route=%2Fwp%2Fv2%2Fcategories&post=9288"},{"taxonomy":"post_tag","embeddable":true,"href":"https:\/\/laprensacristiana.com\/index.php?rest_route=%2Fwp%2Fv2%2Ftags&post=9288"}],"curies":[{"name":"wp","href":"https:\/\/api.w.org\/{rel}","templated":true}]}}