{"id":9296,"date":"2020-06-20T17:37:22","date_gmt":"2020-06-20T17:37:22","guid":{"rendered":"https:\/\/laprensacristiana.com\/?p=9296"},"modified":"2020-06-20T18:36:47","modified_gmt":"2020-06-20T18:36:47","slug":"piden-oracion-por-diferentes-pastores-que-presentan-covid-19-en-el-salvador","status":"publish","type":"post","link":"https:\/\/laprensacristiana.com\/?p=9296","title":{"rendered":"Piden oraci\u00f3n por diferentes pastores que presentan COVID-19 en El Salvador"},"content":{"rendered":"\n<p>El Salvador se encuentra en una reapertura econ\u00f3mica de la fase uno, luego de una cuarentena de m\u00e1s de 80 dias. Muchas personas han salido a las calles a retomar parte de su rutina habitual, provocando un alsa en los contagios por COVID-19, las estad\u00edsticas presentan m\u00e1s de 100 contagios diarios.<\/p>\n\n\n\n<p>Recientemente pastores a trav\u00e9s de sus redes sociales han dado a conocer que se contagiaron con el virus del COVID-19, iglesias y ministerios piden oraci\u00f3n por los casos que se conocen y por los que a\u00fan no se sabe.<\/p>\n\n\n\n<p>Alguno de los pastores son: <br> Pastor Javier Karra\u00e1 de Iglesia CEFAD, pastor Julio Contreras de Iglesia Bautista Vida Nueva,<br> Pastor Julio Barahona parte de capellanes de Universidad Evangelica de El Salvador, <br> Pastor David Ram\u00edrez de Asambleas De Dios en Santa Ana. Pastor Erick Mel\u00e9ndez, Pastor Joel Garc\u00eda, Pastor Ricardo S\u00e1nchez.<\/p>\n\n\n\n<p>Exploradores del Rey por su parte expres\u00f3: \u00abEste dia NOS UNIMOS como ministerio para ORAR por la vida de los pastores que est\u00e1n muy delicados de salud. DIOS haz la obra en estas vidas, son tus siervos, tus obreros, pedimos que actues de forma sobrenatural y los sanes CREEMOS en que obraras de gran manera. \u00a1GRACIAS SE\u00d1OR!\u00bb. <\/p>\n\n\n\n<p>Tambien es importante incluir dentro de las oraciones a cada una de sus familias. <\/p>\n\n\n\n<p>\u00abEn mi angustia invoqu\u00e9 a Jehov\u00e1<br>\ny clam\u00e9 a mi Dios.<br>\n\u00c9l oy\u00f3 mi voz desde su Templo<br>\ny mi clamor lleg\u00f3 hasta sus o\u00eddos\u00bb.<br>\nSalmos 18:6<\/p>\n","protected":false},"excerpt":{"rendered":"<p>El Salvador se encuentra en una reapertura econ\u00f3mica de la fase uno, luego de una cuarentena de m\u00e1s de 80 dias. Muchas personas han salido a las calles a retomar parte de su rutina habitual, provocando un alsa en los contagios por COVID-19, las estad\u00edsticas presentan m\u00e1s de 100 contagios diarios. Recientemente pastores a trav\u00e9s [&hellip;]<\/p>\n","protected":false},"author":3,"featured_media":9297,"comment_status":"open","ping_status":"open","sticky":false,"template":"","format":"standard","meta":[],"categories":[56],"tags":[],"yoast_head":"<!-- This site is optimized with the Yoast SEO plugin v20.8 - https:\/\/yoast.com\/wordpress\/plugins\/seo\/ -->\n<title>Piden oraci\u00f3n por diferentes pastores que presentan COVID-19 en El Salvador - La Prensa Cristiana<\/title>\n<meta name=\"robots\" content=\"index, follow, max-snippet:-1, max-image-preview:large, max-video-preview:-1\" \/>\n<link rel=\"canonical\" href=\"https:\/\/laprensacristiana.com\/?p=9296\" \/>\n<meta property=\"og:locale\" content=\"es_ES\" \/>\n<meta property=\"og:type\" content=\"article\" \/>\n<meta property=\"og:title\" content=\"Piden oraci\u00f3n por diferentes pastores que presentan COVID-19 en El Salvador - La Prensa Cristiana\" \/>\n<meta property=\"og:description\" content=\"El Salvador se encuentra en una reapertura econ\u00f3mica de la fase uno, luego de una cuarentena de m\u00e1s de 80 dias. Muchas personas han salido a las calles a retomar parte de su rutina habitual, provocando un alsa en los contagios por COVID-19, las estad\u00edsticas presentan m\u00e1s de 100 contagios diarios. Recientemente pastores a trav\u00e9s [&hellip;]\" \/>\n<meta property=\"og:url\" content=\"https:\/\/laprensacristiana.com\/?p=9296\" \/>\n<meta property=\"og:site_name\" content=\"La Prensa Cristiana\" \/>\n<meta property=\"article:published_time\" content=\"2020-06-20T17:37:22+00:00\" \/>\n<meta property=\"article:modified_time\" content=\"2020-06-20T18:36:47+00:00\" \/>\n<meta property=\"og:image\" content=\"https:\/\/laprensacristiana.com\/wp-content\/uploads\/2020\/06\/IMG_20200620_113427.jpg\" \/>\n\t<meta property=\"og:image:width\" content=\"1152\" \/>\n\t<meta property=\"og:image:height\" content=\"2048\" \/>\n\t<meta property=\"og:image:type\" content=\"image\/jpeg\" \/>\n<meta name=\"author\" content=\"EDITOR\" \/>\n<meta name=\"twitter:card\" content=\"summary_large_image\" \/>\n<meta name=\"twitter:label1\" content=\"Escrito por\" \/>\n\t<meta name=\"twitter:data1\" content=\"EDITOR\" \/>\n\t<meta name=\"twitter:label2\" content=\"Tiempo de lectura\" \/>\n\t<meta name=\"twitter:data2\" content=\"1 minuto\" \/>\n<script type=\"application\/ld+json\" class=\"yoast-schema-graph\">{\"@context\":\"https:\/\/schema.org\",\"@graph\":[{\"@type\":\"WebPage\",\"@id\":\"https:\/\/laprensacristiana.com\/?p=9296\",\"url\":\"https:\/\/laprensacristiana.com\/?p=9296\",\"name\":\"Piden oraci\u00f3n por diferentes pastores que presentan COVID-19 en El Salvador - La Prensa Cristiana\",\"isPartOf\":{\"@id\":\"https:\/\/laprensacristiana.com\/#website\"},\"datePublished\":\"2020-06-20T17:37:22+00:00\",\"dateModified\":\"2020-06-20T18:36:47+00:00\",\"author\":{\"@id\":\"https:\/\/laprensacristiana.com\/#\/schema\/person\/3e7d82c6bfd6b1fa67010f8f7cd5256e\"},\"breadcrumb\":{\"@id\":\"https:\/\/laprensacristiana.com\/?p=9296#breadcrumb\"},\"inLanguage\":\"es\",\"potentialAction\":[{\"@type\":\"ReadAction\",\"target\":[\"https:\/\/laprensacristiana.com\/?p=9296\"]}]},{\"@type\":\"BreadcrumbList\",\"@id\":\"https:\/\/laprensacristiana.com\/?p=9296#breadcrumb\",\"itemListElement\":[{\"@type\":\"ListItem\",\"position\":1,\"name\":\"Portada\",\"item\":\"https:\/\/laprensacristiana.com\/\"},{\"@type\":\"ListItem\",\"position\":2,\"name\":\"Piden oraci\u00f3n por diferentes pastores que presentan COVID-19 en El Salvador\"}]},{\"@type\":\"WebSite\",\"@id\":\"https:\/\/laprensacristiana.com\/#website\",\"url\":\"https:\/\/laprensacristiana.com\/\",\"name\":\"La Prensa Cristiana\",\"description\":\"Anunciando Las Buenas Nuevas\",\"potentialAction\":[{\"@type\":\"SearchAction\",\"target\":{\"@type\":\"EntryPoint\",\"urlTemplate\":\"https:\/\/laprensacristiana.com\/?s={search_term_string}\"},\"query-input\":\"required name=search_term_string\"}],\"inLanguage\":\"es\"},{\"@type\":\"Person\",\"@id\":\"https:\/\/laprensacristiana.com\/#\/schema\/person\/3e7d82c6bfd6b1fa67010f8f7cd5256e\",\"name\":\"EDITOR\",\"image\":{\"@type\":\"ImageObject\",\"inLanguage\":\"es\",\"@id\":\"https:\/\/laprensacristiana.com\/#\/schema\/person\/image\/\",\"url\":\"https:\/\/secure.gravatar.com\/avatar\/72069dfb6c13772d9e8381e3638666d2?s=96&d=mm&r=g\",\"contentUrl\":\"https:\/\/secure.gravatar.com\/avatar\/72069dfb6c13772d9e8381e3638666d2?s=96&d=mm&r=g\",\"caption\":\"EDITOR\"},\"url\":\"https:\/\/laprensacristiana.com\/?author=3\"}]}<\/script>\n<!-- \/ Yoast SEO plugin. -->","yoast_head_json":{"title":"Piden oraci\u00f3n por diferentes pastores que presentan COVID-19 en El Salvador - La Prensa Cristiana","robots":{"index":"index","follow":"follow","max-snippet":"max-snippet:-1","max-image-preview":"max-image-preview:large","max-video-preview":"max-video-preview:-1"},"canonical":"https:\/\/laprensacristiana.com\/?p=9296","og_locale":"es_ES","og_type":"article","og_title":"Piden oraci\u00f3n por diferentes pastores que presentan COVID-19 en El Salvador - La Prensa Cristiana","og_description":"El Salvador se encuentra en una reapertura econ\u00f3mica de la fase uno, luego de una cuarentena de m\u00e1s de 80 dias. Muchas personas han salido a las calles a retomar parte de su rutina habitual, provocando un alsa en los contagios por COVID-19, las estad\u00edsticas presentan m\u00e1s de 100 contagios diarios. Recientemente pastores a trav\u00e9s [&hellip;]","og_url":"https:\/\/laprensacristiana.com\/?p=9296","og_site_name":"La Prensa Cristiana","article_published_time":"2020-06-20T17:37:22+00:00","article_modified_time":"2020-06-20T18:36:47+00:00","og_image":[{"width":1152,"height":2048,"url":"https:\/\/laprensacristiana.com\/wp-content\/uploads\/2020\/06\/IMG_20200620_113427.jpg","type":"image\/jpeg"}],"author":"EDITOR","twitter_card":"summary_large_image","twitter_misc":{"Escrito por":"EDITOR","Tiempo de lectura":"1 minuto"},"schema":{"@context":"https:\/\/schema.org","@graph":[{"@type":"WebPage","@id":"https:\/\/laprensacristiana.com\/?p=9296","url":"https:\/\/laprensacristiana.com\/?p=9296","name":"Piden oraci\u00f3n por diferentes pastores que presentan COVID-19 en El Salvador - La Prensa Cristiana","isPartOf":{"@id":"https:\/\/laprensacristiana.com\/#website"},"datePublished":"2020-06-20T17:37:22+00:00","dateModified":"2020-06-20T18:36:47+00:00","author":{"@id":"https:\/\/laprensacristiana.com\/#\/schema\/person\/3e7d82c6bfd6b1fa67010f8f7cd5256e"},"breadcrumb":{"@id":"https:\/\/laprensacristiana.com\/?p=9296#breadcrumb"},"inLanguage":"es","potentialAction":[{"@type":"ReadAction","target":["https:\/\/laprensacristiana.com\/?p=9296"]}]},{"@type":"BreadcrumbList","@id":"https:\/\/laprensacristiana.com\/?p=9296#breadcrumb","itemListElement":[{"@type":"ListItem","position":1,"name":"Portada","item":"https:\/\/laprensacristiana.com\/"},{"@type":"ListItem","position":2,"name":"Piden oraci\u00f3n por diferentes pastores que presentan COVID-19 en El Salvador"}]},{"@type":"WebSite","@id":"https:\/\/laprensacristiana.com\/#website","url":"https:\/\/laprensacristiana.com\/","name":"La Prensa Cristiana","description":"Anunciando Las Buenas Nuevas","potentialAction":[{"@type":"SearchAction","target":{"@type":"EntryPoint","urlTemplate":"https:\/\/laprensacristiana.com\/?s={search_term_string}"},"query-input":"required name=search_term_string"}],"inLanguage":"es"},{"@type":"Person","@id":"https:\/\/laprensacristiana.com\/#\/schema\/person\/3e7d82c6bfd6b1fa67010f8f7cd5256e","name":"EDITOR","image":{"@type":"ImageObject","inLanguage":"es","@id":"https:\/\/laprensacristiana.com\/#\/schema\/person\/image\/","url":"https:\/\/secure.gravatar.com\/avatar\/72069dfb6c13772d9e8381e3638666d2?s=96&d=mm&r=g","contentUrl":"https:\/\/secure.gravatar.com\/avatar\/72069dfb6c13772d9e8381e3638666d2?s=96&d=mm&r=g","caption":"EDITOR"},"url":"https:\/\/laprensacristiana.com\/?author=3"}]}},"_links":{"self":[{"href":"https:\/\/laprensacristiana.com\/index.php?rest_route=\/wp\/v2\/posts\/9296"}],"collection":[{"href":"https:\/\/laprensacristiana.com\/index.php?rest_route=\/wp\/v2\/posts"}],"about":[{"href":"https:\/\/laprensacristiana.com\/index.php?rest_route=\/wp\/v2\/types\/post"}],"author":[{"embeddable":true,"href":"https:\/\/laprensacristiana.com\/index.php?rest_route=\/wp\/v2\/users\/3"}],"replies":[{"embeddable":true,"href":"https:\/\/laprensacristiana.com\/index.php?rest_route=%2Fwp%2Fv2%2Fcomments&post=9296"}],"version-history":[{"count":2,"href":"https:\/\/laprensacristiana.com\/index.php?rest_route=\/wp\/v2\/posts\/9296\/revisions"}],"predecessor-version":[{"id":9299,"href":"https:\/\/laprensacristiana.com\/index.php?rest_route=\/wp\/v2\/posts\/9296\/revisions\/9299"}],"wp:featuredmedia":[{"embeddable":true,"href":"https:\/\/laprensacristiana.com\/index.php?rest_route=\/wp\/v2\/media\/9297"}],"wp:attachment":[{"href":"https:\/\/laprensacristiana.com\/index.php?rest_route=%2Fwp%2Fv2%2Fmedia&parent=9296"}],"wp:term":[{"taxonomy":"category","embeddable":true,"href":"https:\/\/laprensacristiana.com\/index.php?rest_route=%2Fwp%2Fv2%2Fcategories&post=9296"},{"taxonomy":"post_tag","embeddable":true,"href":"https:\/\/laprensacristiana.com\/index.php?rest_route=%2Fwp%2Fv2%2Ftags&post=9296"}],"curies":[{"name":"wp","href":"https:\/\/api.w.org\/{rel}","templated":true}]}}