{"id":9666,"date":"2020-07-05T11:16:41","date_gmt":"2020-07-05T11:16:41","guid":{"rendered":"https:\/\/laprensacristiana.com\/?p=9666"},"modified":"2020-07-05T14:24:19","modified_gmt":"2020-07-05T14:24:19","slug":"alcalde-de-san-miguel-pide-ayuno-y-oracion-este-d-ia-ante-covid-19","status":"publish","type":"post","link":"https:\/\/laprensacristiana.com\/?p=9666","title":{"rendered":"Alcalde de San Miguel pide ayuno y oraci\u00f3n este d\u00eda ante Covid-19"},"content":{"rendered":"\n<p>Hace unas horas el alcalde Miguel Pereira del departamento de San Miguel,en El Salvador, invit\u00f3 a los miguele\u00f1os y todo el que quiera unirse para orar y ayunar por el departamento y el pa\u00eds.<\/p>\n\n\n\n<p>El Salvador se encuentra en la fase tres de contagio, m\u00e1s de 200 casos son positivos a COVID-19 seg\u00fan datos del gobierno central cada d\u00eda. El n\u00famero de vidas perdidas por esta pandemia es alarmante.<\/p>\n\n\n\n<p>Pastores, miembros de las iglesias,. Autoridades civiles y todo el que cree en Dios se unir\u00e1n este d\u00eda para orar, ayunar por el departamento de San Miguel, el ayuno comenz\u00f3 desde media noche y finalizar\u00e1 a las 2:00 pm.<\/p>\n\n\n\n<p>A las 10 a.m. se transmitir\u00e1 por televisi\u00f3n un momento de clamor a traves de la se\u00f1al de TV en San Miguel TVM, TRV,. BMG y por radio en la frecuencia 94.9 FM. Y en diferentes redes sociales.<\/p>\n\n\n\n<p>\u00abEs tiempo de Pedir el favor de Dios, si lo hacemos con fe Dios escuchar\u00e1\u00bb expres\u00f3 el alcalde Miguel Pereira.<\/p>\n","protected":false},"excerpt":{"rendered":"<p>Hace unas horas el alcalde Miguel Pereira del departamento de San Miguel,en El Salvador, invit\u00f3 a los miguele\u00f1os y todo el que quiera unirse para orar y ayunar por el departamento y el pa\u00eds. El Salvador se encuentra en la fase tres de contagio, m\u00e1s de 200 casos son positivos a COVID-19 seg\u00fan datos del [&hellip;]<\/p>\n","protected":false},"author":3,"featured_media":9667,"comment_status":"open","ping_status":"open","sticky":false,"template":"","format":"standard","meta":[],"categories":[56],"tags":[],"yoast_head":"<!-- This site is optimized with the Yoast SEO plugin v20.8 - https:\/\/yoast.com\/wordpress\/plugins\/seo\/ -->\n<title>Alcalde de San Miguel pide ayuno y oraci\u00f3n este d\u00eda ante Covid-19 - La Prensa Cristiana<\/title>\n<meta name=\"robots\" content=\"index, follow, max-snippet:-1, max-image-preview:large, max-video-preview:-1\" \/>\n<link rel=\"canonical\" href=\"https:\/\/laprensacristiana.com\/?p=9666\" \/>\n<meta property=\"og:locale\" content=\"es_ES\" \/>\n<meta property=\"og:type\" content=\"article\" \/>\n<meta property=\"og:title\" content=\"Alcalde de San Miguel pide ayuno y oraci\u00f3n este d\u00eda ante Covid-19 - La Prensa Cristiana\" \/>\n<meta property=\"og:description\" content=\"Hace unas horas el alcalde Miguel Pereira del departamento de San Miguel,en El Salvador, invit\u00f3 a los miguele\u00f1os y todo el que quiera unirse para orar y ayunar por el departamento y el pa\u00eds. El Salvador se encuentra en la fase tres de contagio, m\u00e1s de 200 casos son positivos a COVID-19 seg\u00fan datos del [&hellip;]\" \/>\n<meta property=\"og:url\" content=\"https:\/\/laprensacristiana.com\/?p=9666\" \/>\n<meta property=\"og:site_name\" content=\"La Prensa Cristiana\" \/>\n<meta property=\"article:published_time\" content=\"2020-07-05T11:16:41+00:00\" \/>\n<meta property=\"article:modified_time\" content=\"2020-07-05T14:24:19+00:00\" \/>\n<meta property=\"og:image\" content=\"https:\/\/laprensacristiana.com\/wp-content\/uploads\/2020\/07\/FB_IMG_1593946832825.jpg\" \/>\n\t<meta property=\"og:image:width\" content=\"720\" \/>\n\t<meta property=\"og:image:height\" content=\"480\" \/>\n\t<meta property=\"og:image:type\" content=\"image\/jpeg\" \/>\n<meta name=\"author\" content=\"EDITOR\" \/>\n<meta name=\"twitter:card\" content=\"summary_large_image\" \/>\n<meta name=\"twitter:label1\" content=\"Escrito por\" \/>\n\t<meta name=\"twitter:data1\" content=\"EDITOR\" \/>\n\t<meta name=\"twitter:label2\" content=\"Tiempo de lectura\" \/>\n\t<meta name=\"twitter:data2\" content=\"1 minuto\" \/>\n<script type=\"application\/ld+json\" class=\"yoast-schema-graph\">{\"@context\":\"https:\/\/schema.org\",\"@graph\":[{\"@type\":\"WebPage\",\"@id\":\"https:\/\/laprensacristiana.com\/?p=9666\",\"url\":\"https:\/\/laprensacristiana.com\/?p=9666\",\"name\":\"Alcalde de San Miguel pide ayuno y oraci\u00f3n este d\u00eda ante Covid-19 - La Prensa Cristiana\",\"isPartOf\":{\"@id\":\"https:\/\/laprensacristiana.com\/#website\"},\"datePublished\":\"2020-07-05T11:16:41+00:00\",\"dateModified\":\"2020-07-05T14:24:19+00:00\",\"author\":{\"@id\":\"https:\/\/laprensacristiana.com\/#\/schema\/person\/3e7d82c6bfd6b1fa67010f8f7cd5256e\"},\"breadcrumb\":{\"@id\":\"https:\/\/laprensacristiana.com\/?p=9666#breadcrumb\"},\"inLanguage\":\"es\",\"potentialAction\":[{\"@type\":\"ReadAction\",\"target\":[\"https:\/\/laprensacristiana.com\/?p=9666\"]}]},{\"@type\":\"BreadcrumbList\",\"@id\":\"https:\/\/laprensacristiana.com\/?p=9666#breadcrumb\",\"itemListElement\":[{\"@type\":\"ListItem\",\"position\":1,\"name\":\"Portada\",\"item\":\"https:\/\/laprensacristiana.com\/\"},{\"@type\":\"ListItem\",\"position\":2,\"name\":\"Alcalde de San Miguel pide ayuno y oraci\u00f3n este d\u00eda ante Covid-19\"}]},{\"@type\":\"WebSite\",\"@id\":\"https:\/\/laprensacristiana.com\/#website\",\"url\":\"https:\/\/laprensacristiana.com\/\",\"name\":\"La Prensa Cristiana\",\"description\":\"Anunciando Las Buenas Nuevas\",\"potentialAction\":[{\"@type\":\"SearchAction\",\"target\":{\"@type\":\"EntryPoint\",\"urlTemplate\":\"https:\/\/laprensacristiana.com\/?s={search_term_string}\"},\"query-input\":\"required name=search_term_string\"}],\"inLanguage\":\"es\"},{\"@type\":\"Person\",\"@id\":\"https:\/\/laprensacristiana.com\/#\/schema\/person\/3e7d82c6bfd6b1fa67010f8f7cd5256e\",\"name\":\"EDITOR\",\"image\":{\"@type\":\"ImageObject\",\"inLanguage\":\"es\",\"@id\":\"https:\/\/laprensacristiana.com\/#\/schema\/person\/image\/\",\"url\":\"https:\/\/secure.gravatar.com\/avatar\/72069dfb6c13772d9e8381e3638666d2?s=96&d=mm&r=g\",\"contentUrl\":\"https:\/\/secure.gravatar.com\/avatar\/72069dfb6c13772d9e8381e3638666d2?s=96&d=mm&r=g\",\"caption\":\"EDITOR\"},\"url\":\"https:\/\/laprensacristiana.com\/?author=3\"}]}<\/script>\n<!-- \/ Yoast SEO plugin. -->","yoast_head_json":{"title":"Alcalde de San Miguel pide ayuno y oraci\u00f3n este d\u00eda ante Covid-19 - La Prensa Cristiana","robots":{"index":"index","follow":"follow","max-snippet":"max-snippet:-1","max-image-preview":"max-image-preview:large","max-video-preview":"max-video-preview:-1"},"canonical":"https:\/\/laprensacristiana.com\/?p=9666","og_locale":"es_ES","og_type":"article","og_title":"Alcalde de San Miguel pide ayuno y oraci\u00f3n este d\u00eda ante Covid-19 - La Prensa Cristiana","og_description":"Hace unas horas el alcalde Miguel Pereira del departamento de San Miguel,en El Salvador, invit\u00f3 a los miguele\u00f1os y todo el que quiera unirse para orar y ayunar por el departamento y el pa\u00eds. El Salvador se encuentra en la fase tres de contagio, m\u00e1s de 200 casos son positivos a COVID-19 seg\u00fan datos del [&hellip;]","og_url":"https:\/\/laprensacristiana.com\/?p=9666","og_site_name":"La Prensa Cristiana","article_published_time":"2020-07-05T11:16:41+00:00","article_modified_time":"2020-07-05T14:24:19+00:00","og_image":[{"width":720,"height":480,"url":"https:\/\/laprensacristiana.com\/wp-content\/uploads\/2020\/07\/FB_IMG_1593946832825.jpg","type":"image\/jpeg"}],"author":"EDITOR","twitter_card":"summary_large_image","twitter_misc":{"Escrito por":"EDITOR","Tiempo de lectura":"1 minuto"},"schema":{"@context":"https:\/\/schema.org","@graph":[{"@type":"WebPage","@id":"https:\/\/laprensacristiana.com\/?p=9666","url":"https:\/\/laprensacristiana.com\/?p=9666","name":"Alcalde de San Miguel pide ayuno y oraci\u00f3n este d\u00eda ante Covid-19 - La Prensa Cristiana","isPartOf":{"@id":"https:\/\/laprensacristiana.com\/#website"},"datePublished":"2020-07-05T11:16:41+00:00","dateModified":"2020-07-05T14:24:19+00:00","author":{"@id":"https:\/\/laprensacristiana.com\/#\/schema\/person\/3e7d82c6bfd6b1fa67010f8f7cd5256e"},"breadcrumb":{"@id":"https:\/\/laprensacristiana.com\/?p=9666#breadcrumb"},"inLanguage":"es","potentialAction":[{"@type":"ReadAction","target":["https:\/\/laprensacristiana.com\/?p=9666"]}]},{"@type":"BreadcrumbList","@id":"https:\/\/laprensacristiana.com\/?p=9666#breadcrumb","itemListElement":[{"@type":"ListItem","position":1,"name":"Portada","item":"https:\/\/laprensacristiana.com\/"},{"@type":"ListItem","position":2,"name":"Alcalde de San Miguel pide ayuno y oraci\u00f3n este d\u00eda ante Covid-19"}]},{"@type":"WebSite","@id":"https:\/\/laprensacristiana.com\/#website","url":"https:\/\/laprensacristiana.com\/","name":"La Prensa Cristiana","description":"Anunciando Las Buenas Nuevas","potentialAction":[{"@type":"SearchAction","target":{"@type":"EntryPoint","urlTemplate":"https:\/\/laprensacristiana.com\/?s={search_term_string}"},"query-input":"required name=search_term_string"}],"inLanguage":"es"},{"@type":"Person","@id":"https:\/\/laprensacristiana.com\/#\/schema\/person\/3e7d82c6bfd6b1fa67010f8f7cd5256e","name":"EDITOR","image":{"@type":"ImageObject","inLanguage":"es","@id":"https:\/\/laprensacristiana.com\/#\/schema\/person\/image\/","url":"https:\/\/secure.gravatar.com\/avatar\/72069dfb6c13772d9e8381e3638666d2?s=96&d=mm&r=g","contentUrl":"https:\/\/secure.gravatar.com\/avatar\/72069dfb6c13772d9e8381e3638666d2?s=96&d=mm&r=g","caption":"EDITOR"},"url":"https:\/\/laprensacristiana.com\/?author=3"}]}},"_links":{"self":[{"href":"https:\/\/laprensacristiana.com\/index.php?rest_route=\/wp\/v2\/posts\/9666"}],"collection":[{"href":"https:\/\/laprensacristiana.com\/index.php?rest_route=\/wp\/v2\/posts"}],"about":[{"href":"https:\/\/laprensacristiana.com\/index.php?rest_route=\/wp\/v2\/types\/post"}],"author":[{"embeddable":true,"href":"https:\/\/laprensacristiana.com\/index.php?rest_route=\/wp\/v2\/users\/3"}],"replies":[{"embeddable":true,"href":"https:\/\/laprensacristiana.com\/index.php?rest_route=%2Fwp%2Fv2%2Fcomments&post=9666"}],"version-history":[{"count":2,"href":"https:\/\/laprensacristiana.com\/index.php?rest_route=\/wp\/v2\/posts\/9666\/revisions"}],"predecessor-version":[{"id":9669,"href":"https:\/\/laprensacristiana.com\/index.php?rest_route=\/wp\/v2\/posts\/9666\/revisions\/9669"}],"wp:featuredmedia":[{"embeddable":true,"href":"https:\/\/laprensacristiana.com\/index.php?rest_route=\/wp\/v2\/media\/9667"}],"wp:attachment":[{"href":"https:\/\/laprensacristiana.com\/index.php?rest_route=%2Fwp%2Fv2%2Fmedia&parent=9666"}],"wp:term":[{"taxonomy":"category","embeddable":true,"href":"https:\/\/laprensacristiana.com\/index.php?rest_route=%2Fwp%2Fv2%2Fcategories&post=9666"},{"taxonomy":"post_tag","embeddable":true,"href":"https:\/\/laprensacristiana.com\/index.php?rest_route=%2Fwp%2Fv2%2Ftags&post=9666"}],"curies":[{"name":"wp","href":"https:\/\/api.w.org\/{rel}","templated":true}]}}