{"id":9673,"date":"2020-07-06T08:06:31","date_gmt":"2020-07-06T08:06:31","guid":{"rendered":"https:\/\/laprensacristiana.com\/?p=9673"},"modified":"2020-07-09T19:58:39","modified_gmt":"2020-07-09T19:58:39","slug":"el-boxeador-manny-pacquiao-invita-a-dar-gracias-a-dios-en-medio-de-este-tiempo","status":"publish","type":"post","link":"https:\/\/laprensacristiana.com\/?p=9673","title":{"rendered":"El boxeador Manny Pacquiao invita a dar gracias a Dios en medio de este tiempo"},"content":{"rendered":"\n<p>El mundo est\u00e1 atravesando una situaci\u00f3n muy dif\u00edcil debido a la pandemia de Covid-19, Miles de personas al rededor del mundo est\u00e1n perdiendo la vida sin poder despedirse, la pandemia est\u00e1 estremeciendo al mundo.<\/p>\n\n\n\n<p>El famoso boxeador Manny Pacquiao a trav\u00e9s de sus redes sociales comparti\u00f3 una imagen de el junto a su esposa y sus 5 hijos orando en familia, recordando que a\u00fan en medio de todo el caos es bueno dar las gracias.<\/p>\n\n\n\n<p>\u00abEs f\u00e1cil para nosotros centrarse en lo negativo en momentos como este, pero es tan importante recordar todas las maravillosas bendiciones de Dios. Tomemos todos un momento y digamos gracias\u00bb expres\u00f3 Manny Pacquiao<\/p>\n","protected":false},"excerpt":{"rendered":"<p>El mundo est\u00e1 atravesando una situaci\u00f3n muy dif\u00edcil debido a la pandemia de Covid-19, Miles de personas al rededor del mundo est\u00e1n perdiendo la vida sin poder despedirse, la pandemia est\u00e1 estremeciendo al mundo. El famoso boxeador Manny Pacquiao a trav\u00e9s de sus redes sociales comparti\u00f3 una imagen de el junto a su esposa y [&hellip;]<\/p>\n","protected":false},"author":3,"featured_media":9715,"comment_status":"open","ping_status":"open","sticky":false,"template":"","format":"standard","meta":[],"categories":[56],"tags":[],"yoast_head":"<!-- This site is optimized with the Yoast SEO plugin v20.8 - https:\/\/yoast.com\/wordpress\/plugins\/seo\/ -->\n<title>El boxeador Manny Pacquiao invita a dar gracias a Dios en medio de este tiempo - La Prensa Cristiana<\/title>\n<meta name=\"robots\" content=\"index, follow, max-snippet:-1, max-image-preview:large, max-video-preview:-1\" \/>\n<link rel=\"canonical\" href=\"https:\/\/laprensacristiana.com\/?p=9673\" \/>\n<meta property=\"og:locale\" content=\"es_ES\" \/>\n<meta property=\"og:type\" content=\"article\" \/>\n<meta property=\"og:title\" content=\"El boxeador Manny Pacquiao invita a dar gracias a Dios en medio de este tiempo - La Prensa Cristiana\" \/>\n<meta property=\"og:description\" content=\"El mundo est\u00e1 atravesando una situaci\u00f3n muy dif\u00edcil debido a la pandemia de Covid-19, Miles de personas al rededor del mundo est\u00e1n perdiendo la vida sin poder despedirse, la pandemia est\u00e1 estremeciendo al mundo. El famoso boxeador Manny Pacquiao a trav\u00e9s de sus redes sociales comparti\u00f3 una imagen de el junto a su esposa y [&hellip;]\" \/>\n<meta property=\"og:url\" content=\"https:\/\/laprensacristiana.com\/?p=9673\" \/>\n<meta property=\"og:site_name\" content=\"La Prensa Cristiana\" \/>\n<meta property=\"article:published_time\" content=\"2020-07-06T08:06:31+00:00\" \/>\n<meta property=\"article:modified_time\" content=\"2020-07-09T19:58:39+00:00\" \/>\n<meta property=\"og:image\" content=\"https:\/\/laprensacristiana.com\/wp-content\/uploads\/2020\/07\/boxeadormp300x200.jpg\" \/>\n\t<meta property=\"og:image:width\" content=\"300\" \/>\n\t<meta property=\"og:image:height\" content=\"200\" \/>\n\t<meta property=\"og:image:type\" content=\"image\/jpeg\" \/>\n<meta name=\"author\" content=\"EDITOR\" \/>\n<meta name=\"twitter:card\" content=\"summary_large_image\" \/>\n<meta name=\"twitter:label1\" content=\"Escrito por\" \/>\n\t<meta name=\"twitter:data1\" content=\"EDITOR\" \/>\n\t<meta name=\"twitter:label2\" content=\"Tiempo de lectura\" \/>\n\t<meta name=\"twitter:data2\" content=\"1 minuto\" \/>\n<script type=\"application\/ld+json\" class=\"yoast-schema-graph\">{\"@context\":\"https:\/\/schema.org\",\"@graph\":[{\"@type\":\"WebPage\",\"@id\":\"https:\/\/laprensacristiana.com\/?p=9673\",\"url\":\"https:\/\/laprensacristiana.com\/?p=9673\",\"name\":\"El boxeador Manny Pacquiao invita a dar gracias a Dios en medio de este tiempo - La Prensa Cristiana\",\"isPartOf\":{\"@id\":\"https:\/\/laprensacristiana.com\/#website\"},\"datePublished\":\"2020-07-06T08:06:31+00:00\",\"dateModified\":\"2020-07-09T19:58:39+00:00\",\"author\":{\"@id\":\"https:\/\/laprensacristiana.com\/#\/schema\/person\/3e7d82c6bfd6b1fa67010f8f7cd5256e\"},\"breadcrumb\":{\"@id\":\"https:\/\/laprensacristiana.com\/?p=9673#breadcrumb\"},\"inLanguage\":\"es\",\"potentialAction\":[{\"@type\":\"ReadAction\",\"target\":[\"https:\/\/laprensacristiana.com\/?p=9673\"]}]},{\"@type\":\"BreadcrumbList\",\"@id\":\"https:\/\/laprensacristiana.com\/?p=9673#breadcrumb\",\"itemListElement\":[{\"@type\":\"ListItem\",\"position\":1,\"name\":\"Portada\",\"item\":\"https:\/\/laprensacristiana.com\/\"},{\"@type\":\"ListItem\",\"position\":2,\"name\":\"El boxeador Manny Pacquiao invita a dar gracias a Dios en medio de este tiempo\"}]},{\"@type\":\"WebSite\",\"@id\":\"https:\/\/laprensacristiana.com\/#website\",\"url\":\"https:\/\/laprensacristiana.com\/\",\"name\":\"La Prensa Cristiana\",\"description\":\"Anunciando Las Buenas Nuevas\",\"potentialAction\":[{\"@type\":\"SearchAction\",\"target\":{\"@type\":\"EntryPoint\",\"urlTemplate\":\"https:\/\/laprensacristiana.com\/?s={search_term_string}\"},\"query-input\":\"required name=search_term_string\"}],\"inLanguage\":\"es\"},{\"@type\":\"Person\",\"@id\":\"https:\/\/laprensacristiana.com\/#\/schema\/person\/3e7d82c6bfd6b1fa67010f8f7cd5256e\",\"name\":\"EDITOR\",\"image\":{\"@type\":\"ImageObject\",\"inLanguage\":\"es\",\"@id\":\"https:\/\/laprensacristiana.com\/#\/schema\/person\/image\/\",\"url\":\"https:\/\/secure.gravatar.com\/avatar\/72069dfb6c13772d9e8381e3638666d2?s=96&d=mm&r=g\",\"contentUrl\":\"https:\/\/secure.gravatar.com\/avatar\/72069dfb6c13772d9e8381e3638666d2?s=96&d=mm&r=g\",\"caption\":\"EDITOR\"},\"url\":\"https:\/\/laprensacristiana.com\/?author=3\"}]}<\/script>\n<!-- \/ Yoast SEO plugin. -->","yoast_head_json":{"title":"El boxeador Manny Pacquiao invita a dar gracias a Dios en medio de este tiempo - La Prensa Cristiana","robots":{"index":"index","follow":"follow","max-snippet":"max-snippet:-1","max-image-preview":"max-image-preview:large","max-video-preview":"max-video-preview:-1"},"canonical":"https:\/\/laprensacristiana.com\/?p=9673","og_locale":"es_ES","og_type":"article","og_title":"El boxeador Manny Pacquiao invita a dar gracias a Dios en medio de este tiempo - La Prensa Cristiana","og_description":"El mundo est\u00e1 atravesando una situaci\u00f3n muy dif\u00edcil debido a la pandemia de Covid-19, Miles de personas al rededor del mundo est\u00e1n perdiendo la vida sin poder despedirse, la pandemia est\u00e1 estremeciendo al mundo. El famoso boxeador Manny Pacquiao a trav\u00e9s de sus redes sociales comparti\u00f3 una imagen de el junto a su esposa y [&hellip;]","og_url":"https:\/\/laprensacristiana.com\/?p=9673","og_site_name":"La Prensa Cristiana","article_published_time":"2020-07-06T08:06:31+00:00","article_modified_time":"2020-07-09T19:58:39+00:00","og_image":[{"width":300,"height":200,"url":"https:\/\/laprensacristiana.com\/wp-content\/uploads\/2020\/07\/boxeadormp300x200.jpg","type":"image\/jpeg"}],"author":"EDITOR","twitter_card":"summary_large_image","twitter_misc":{"Escrito por":"EDITOR","Tiempo de lectura":"1 minuto"},"schema":{"@context":"https:\/\/schema.org","@graph":[{"@type":"WebPage","@id":"https:\/\/laprensacristiana.com\/?p=9673","url":"https:\/\/laprensacristiana.com\/?p=9673","name":"El boxeador Manny Pacquiao invita a dar gracias a Dios en medio de este tiempo - La Prensa Cristiana","isPartOf":{"@id":"https:\/\/laprensacristiana.com\/#website"},"datePublished":"2020-07-06T08:06:31+00:00","dateModified":"2020-07-09T19:58:39+00:00","author":{"@id":"https:\/\/laprensacristiana.com\/#\/schema\/person\/3e7d82c6bfd6b1fa67010f8f7cd5256e"},"breadcrumb":{"@id":"https:\/\/laprensacristiana.com\/?p=9673#breadcrumb"},"inLanguage":"es","potentialAction":[{"@type":"ReadAction","target":["https:\/\/laprensacristiana.com\/?p=9673"]}]},{"@type":"BreadcrumbList","@id":"https:\/\/laprensacristiana.com\/?p=9673#breadcrumb","itemListElement":[{"@type":"ListItem","position":1,"name":"Portada","item":"https:\/\/laprensacristiana.com\/"},{"@type":"ListItem","position":2,"name":"El boxeador Manny Pacquiao invita a dar gracias a Dios en medio de este tiempo"}]},{"@type":"WebSite","@id":"https:\/\/laprensacristiana.com\/#website","url":"https:\/\/laprensacristiana.com\/","name":"La Prensa Cristiana","description":"Anunciando Las Buenas Nuevas","potentialAction":[{"@type":"SearchAction","target":{"@type":"EntryPoint","urlTemplate":"https:\/\/laprensacristiana.com\/?s={search_term_string}"},"query-input":"required name=search_term_string"}],"inLanguage":"es"},{"@type":"Person","@id":"https:\/\/laprensacristiana.com\/#\/schema\/person\/3e7d82c6bfd6b1fa67010f8f7cd5256e","name":"EDITOR","image":{"@type":"ImageObject","inLanguage":"es","@id":"https:\/\/laprensacristiana.com\/#\/schema\/person\/image\/","url":"https:\/\/secure.gravatar.com\/avatar\/72069dfb6c13772d9e8381e3638666d2?s=96&d=mm&r=g","contentUrl":"https:\/\/secure.gravatar.com\/avatar\/72069dfb6c13772d9e8381e3638666d2?s=96&d=mm&r=g","caption":"EDITOR"},"url":"https:\/\/laprensacristiana.com\/?author=3"}]}},"_links":{"self":[{"href":"https:\/\/laprensacristiana.com\/index.php?rest_route=\/wp\/v2\/posts\/9673"}],"collection":[{"href":"https:\/\/laprensacristiana.com\/index.php?rest_route=\/wp\/v2\/posts"}],"about":[{"href":"https:\/\/laprensacristiana.com\/index.php?rest_route=\/wp\/v2\/types\/post"}],"author":[{"embeddable":true,"href":"https:\/\/laprensacristiana.com\/index.php?rest_route=\/wp\/v2\/users\/3"}],"replies":[{"embeddable":true,"href":"https:\/\/laprensacristiana.com\/index.php?rest_route=%2Fwp%2Fv2%2Fcomments&post=9673"}],"version-history":[{"count":1,"href":"https:\/\/laprensacristiana.com\/index.php?rest_route=\/wp\/v2\/posts\/9673\/revisions"}],"predecessor-version":[{"id":9675,"href":"https:\/\/laprensacristiana.com\/index.php?rest_route=\/wp\/v2\/posts\/9673\/revisions\/9675"}],"wp:featuredmedia":[{"embeddable":true,"href":"https:\/\/laprensacristiana.com\/index.php?rest_route=\/wp\/v2\/media\/9715"}],"wp:attachment":[{"href":"https:\/\/laprensacristiana.com\/index.php?rest_route=%2Fwp%2Fv2%2Fmedia&parent=9673"}],"wp:term":[{"taxonomy":"category","embeddable":true,"href":"https:\/\/laprensacristiana.com\/index.php?rest_route=%2Fwp%2Fv2%2Fcategories&post=9673"},{"taxonomy":"post_tag","embeddable":true,"href":"https:\/\/laprensacristiana.com\/index.php?rest_route=%2Fwp%2Fv2%2Ftags&post=9673"}],"curies":[{"name":"wp","href":"https:\/\/api.w.org\/{rel}","templated":true}]}}