{"id":9678,"date":"2020-07-06T17:38:51","date_gmt":"2020-07-06T17:38:51","guid":{"rendered":"https:\/\/laprensacristiana.com\/?p=9678"},"modified":"2020-07-06T17:38:54","modified_gmt":"2020-07-06T17:38:54","slug":"alianza-evangelica-y-urban-strategies-lanza-juntos-somos-vida","status":"publish","type":"post","link":"https:\/\/laprensacristiana.com\/?p=9678","title":{"rendered":"Alianza Evang\u00e9lica y Urban Strategies lanza \u201cJuntos Somos Vida\u201d"},"content":{"rendered":"\n<p>Por: Alianza Evang\u00e9lica de El Salvador<\/p>\n\n\n\n<p>\u201cJuntos Somos Vida\u201d un esfuerzo conjunto de Alianza Evang\u00e9lica de El Salvador y la organizaci\u00f3n sin fines de lucro con base en Estados Unidos, Urban Strategies, vio la luz este 3 de julio, como una iniciativa para capacitar a las iglesias, a fin de convertirlas en verdaderos centros de protecci\u00f3n de la vida de la comunidad.<\/p>\n\n\n\n<p>Juntos Somos Vida ha sido ideada como una campa\u00f1a para que los l\u00edderes de iglesias y la poblaci\u00f3n salvadore\u00f1a en general, tengan insumos y herramientas para que las comunidades locales de fe puedan proteger la vida en sus distintas manifestaciones, ante la amenaza del COVID-19.<\/p>\n\n\n\n<p>La campa\u00f1a tiene un componente esencialmente colaborativo y busca brindar a las comunidades con informaci\u00f3n a las familias y recursos con enfoque. Los principios que rigen a Juntos Somos Vida son la informaci\u00f3n fidedigna, el entrenamiento y la participaci\u00f3n de las personas en la construcci\u00f3n de sus propias soluciones.<\/p>\n\n\n\n<p>El lanzamiento oficial de la campa\u00f1a se llev\u00f3 a cabo el pasado 3 de julio en una transmisi\u00f3n en vivo en la p\u00e1gina de Facebook de Alianza Evang\u00e9lica, que cont\u00f3 con la participaci\u00f3n de Mauricio Castell\u00f3n, presidente de Alianza Evang\u00e9lica; Gabby Chac\u00f3n, reconocida int\u00e9rprete de m\u00fasica cristiana contempor\u00e1nea; David Enrique Mart\u00ednez, representante para Centroam\u00e9rica de Urban Strategies; y el destacado galeno y exsubdirector de Salud del Instituto Salvadore\u00f1o del Seguro Social (ISSS), Benjam\u00edn Coello.<\/p>\n\n\n\n<p>El apoyo de personalidades del quehacer cristiano-evang\u00e9lico en el pa\u00eds como los pastores, ministros de alabanza y personalidades de medios de comunicaci\u00f3n, ha sido fundamental para darle prominencia a la campa\u00f1a y ayudar en el proceso de concientizaci\u00f3n en la importancia de medidas para proteger a las familias de la pandemia del COVID-19.<\/p>\n\n\n\n<p>Pr\u00f3ximamente, la campa\u00f1a contar\u00e1 con un sitio web en el que los l\u00edderes de iglesias pueden obtener de forma gratuita una serie de recursos para saber c\u00f3mo puede adoptar medidas de higiene y bioseguridad para enfrentar el COVID-19. En un futuro se espera la realizaci\u00f3n de webinars sobre tem\u00e1ticas como la salud mental en la familia y la importancia de consolidar comit\u00e9s de bioseguridad en las congregaciones.<\/p>\n","protected":false},"excerpt":{"rendered":"<p>Por: Alianza Evang\u00e9lica de El Salvador \u201cJuntos Somos Vida\u201d un esfuerzo conjunto de Alianza Evang\u00e9lica de El Salvador y la organizaci\u00f3n sin fines de lucro con base en Estados Unidos, Urban Strategies, vio la luz este 3 de julio, como una iniciativa para capacitar a las iglesias, a fin de convertirlas en verdaderos centros de [&hellip;]<\/p>\n","protected":false},"author":3,"featured_media":9679,"comment_status":"open","ping_status":"open","sticky":false,"template":"","format":"standard","meta":[],"categories":[56],"tags":[],"yoast_head":"<!-- This site is optimized with the Yoast SEO plugin v20.8 - https:\/\/yoast.com\/wordpress\/plugins\/seo\/ -->\n<title>Alianza Evang\u00e9lica y Urban Strategies lanza \u201cJuntos Somos Vida\u201d - La Prensa Cristiana<\/title>\n<meta name=\"robots\" content=\"index, follow, max-snippet:-1, max-image-preview:large, max-video-preview:-1\" \/>\n<link rel=\"canonical\" href=\"https:\/\/laprensacristiana.com\/?p=9678\" \/>\n<meta property=\"og:locale\" content=\"es_ES\" \/>\n<meta property=\"og:type\" content=\"article\" \/>\n<meta property=\"og:title\" content=\"Alianza Evang\u00e9lica y Urban Strategies lanza \u201cJuntos Somos Vida\u201d - La Prensa Cristiana\" \/>\n<meta property=\"og:description\" content=\"Por: Alianza Evang\u00e9lica de El Salvador \u201cJuntos Somos Vida\u201d un esfuerzo conjunto de Alianza Evang\u00e9lica de El Salvador y la organizaci\u00f3n sin fines de lucro con base en Estados Unidos, Urban Strategies, vio la luz este 3 de julio, como una iniciativa para capacitar a las iglesias, a fin de convertirlas en verdaderos centros de [&hellip;]\" \/>\n<meta property=\"og:url\" content=\"https:\/\/laprensacristiana.com\/?p=9678\" \/>\n<meta property=\"og:site_name\" content=\"La Prensa Cristiana\" \/>\n<meta property=\"article:published_time\" content=\"2020-07-06T17:38:51+00:00\" \/>\n<meta property=\"article:modified_time\" content=\"2020-07-06T17:38:54+00:00\" \/>\n<meta property=\"og:image\" content=\"https:\/\/laprensacristiana.com\/wp-content\/uploads\/2020\/07\/IMG-20200706-WA0007.jpg\" \/>\n\t<meta property=\"og:image:width\" content=\"621\" \/>\n\t<meta property=\"og:image:height\" content=\"292\" \/>\n\t<meta property=\"og:image:type\" content=\"image\/jpeg\" \/>\n<meta name=\"author\" content=\"EDITOR\" \/>\n<meta name=\"twitter:card\" content=\"summary_large_image\" \/>\n<meta name=\"twitter:label1\" content=\"Escrito por\" \/>\n\t<meta name=\"twitter:data1\" content=\"EDITOR\" \/>\n\t<meta name=\"twitter:label2\" content=\"Tiempo de lectura\" \/>\n\t<meta name=\"twitter:data2\" content=\"2 minutos\" \/>\n<script type=\"application\/ld+json\" class=\"yoast-schema-graph\">{\"@context\":\"https:\/\/schema.org\",\"@graph\":[{\"@type\":\"WebPage\",\"@id\":\"https:\/\/laprensacristiana.com\/?p=9678\",\"url\":\"https:\/\/laprensacristiana.com\/?p=9678\",\"name\":\"Alianza Evang\u00e9lica y Urban Strategies lanza \u201cJuntos Somos Vida\u201d - La Prensa Cristiana\",\"isPartOf\":{\"@id\":\"https:\/\/laprensacristiana.com\/#website\"},\"datePublished\":\"2020-07-06T17:38:51+00:00\",\"dateModified\":\"2020-07-06T17:38:54+00:00\",\"author\":{\"@id\":\"https:\/\/laprensacristiana.com\/#\/schema\/person\/3e7d82c6bfd6b1fa67010f8f7cd5256e\"},\"breadcrumb\":{\"@id\":\"https:\/\/laprensacristiana.com\/?p=9678#breadcrumb\"},\"inLanguage\":\"es\",\"potentialAction\":[{\"@type\":\"ReadAction\",\"target\":[\"https:\/\/laprensacristiana.com\/?p=9678\"]}]},{\"@type\":\"BreadcrumbList\",\"@id\":\"https:\/\/laprensacristiana.com\/?p=9678#breadcrumb\",\"itemListElement\":[{\"@type\":\"ListItem\",\"position\":1,\"name\":\"Portada\",\"item\":\"https:\/\/laprensacristiana.com\/\"},{\"@type\":\"ListItem\",\"position\":2,\"name\":\"Alianza Evang\u00e9lica y Urban Strategies lanza \u201cJuntos Somos Vida\u201d\"}]},{\"@type\":\"WebSite\",\"@id\":\"https:\/\/laprensacristiana.com\/#website\",\"url\":\"https:\/\/laprensacristiana.com\/\",\"name\":\"La Prensa Cristiana\",\"description\":\"Anunciando Las Buenas Nuevas\",\"potentialAction\":[{\"@type\":\"SearchAction\",\"target\":{\"@type\":\"EntryPoint\",\"urlTemplate\":\"https:\/\/laprensacristiana.com\/?s={search_term_string}\"},\"query-input\":\"required name=search_term_string\"}],\"inLanguage\":\"es\"},{\"@type\":\"Person\",\"@id\":\"https:\/\/laprensacristiana.com\/#\/schema\/person\/3e7d82c6bfd6b1fa67010f8f7cd5256e\",\"name\":\"EDITOR\",\"image\":{\"@type\":\"ImageObject\",\"inLanguage\":\"es\",\"@id\":\"https:\/\/laprensacristiana.com\/#\/schema\/person\/image\/\",\"url\":\"https:\/\/secure.gravatar.com\/avatar\/72069dfb6c13772d9e8381e3638666d2?s=96&d=mm&r=g\",\"contentUrl\":\"https:\/\/secure.gravatar.com\/avatar\/72069dfb6c13772d9e8381e3638666d2?s=96&d=mm&r=g\",\"caption\":\"EDITOR\"},\"url\":\"https:\/\/laprensacristiana.com\/?author=3\"}]}<\/script>\n<!-- \/ Yoast SEO plugin. -->","yoast_head_json":{"title":"Alianza Evang\u00e9lica y Urban Strategies lanza \u201cJuntos Somos Vida\u201d - La Prensa Cristiana","robots":{"index":"index","follow":"follow","max-snippet":"max-snippet:-1","max-image-preview":"max-image-preview:large","max-video-preview":"max-video-preview:-1"},"canonical":"https:\/\/laprensacristiana.com\/?p=9678","og_locale":"es_ES","og_type":"article","og_title":"Alianza Evang\u00e9lica y Urban Strategies lanza \u201cJuntos Somos Vida\u201d - La Prensa Cristiana","og_description":"Por: Alianza Evang\u00e9lica de El Salvador \u201cJuntos Somos Vida\u201d un esfuerzo conjunto de Alianza Evang\u00e9lica de El Salvador y la organizaci\u00f3n sin fines de lucro con base en Estados Unidos, Urban Strategies, vio la luz este 3 de julio, como una iniciativa para capacitar a las iglesias, a fin de convertirlas en verdaderos centros de [&hellip;]","og_url":"https:\/\/laprensacristiana.com\/?p=9678","og_site_name":"La Prensa Cristiana","article_published_time":"2020-07-06T17:38:51+00:00","article_modified_time":"2020-07-06T17:38:54+00:00","og_image":[{"width":621,"height":292,"url":"https:\/\/laprensacristiana.com\/wp-content\/uploads\/2020\/07\/IMG-20200706-WA0007.jpg","type":"image\/jpeg"}],"author":"EDITOR","twitter_card":"summary_large_image","twitter_misc":{"Escrito por":"EDITOR","Tiempo de lectura":"2 minutos"},"schema":{"@context":"https:\/\/schema.org","@graph":[{"@type":"WebPage","@id":"https:\/\/laprensacristiana.com\/?p=9678","url":"https:\/\/laprensacristiana.com\/?p=9678","name":"Alianza Evang\u00e9lica y Urban Strategies lanza \u201cJuntos Somos Vida\u201d - La Prensa Cristiana","isPartOf":{"@id":"https:\/\/laprensacristiana.com\/#website"},"datePublished":"2020-07-06T17:38:51+00:00","dateModified":"2020-07-06T17:38:54+00:00","author":{"@id":"https:\/\/laprensacristiana.com\/#\/schema\/person\/3e7d82c6bfd6b1fa67010f8f7cd5256e"},"breadcrumb":{"@id":"https:\/\/laprensacristiana.com\/?p=9678#breadcrumb"},"inLanguage":"es","potentialAction":[{"@type":"ReadAction","target":["https:\/\/laprensacristiana.com\/?p=9678"]}]},{"@type":"BreadcrumbList","@id":"https:\/\/laprensacristiana.com\/?p=9678#breadcrumb","itemListElement":[{"@type":"ListItem","position":1,"name":"Portada","item":"https:\/\/laprensacristiana.com\/"},{"@type":"ListItem","position":2,"name":"Alianza Evang\u00e9lica y Urban Strategies lanza \u201cJuntos Somos Vida\u201d"}]},{"@type":"WebSite","@id":"https:\/\/laprensacristiana.com\/#website","url":"https:\/\/laprensacristiana.com\/","name":"La Prensa Cristiana","description":"Anunciando Las Buenas Nuevas","potentialAction":[{"@type":"SearchAction","target":{"@type":"EntryPoint","urlTemplate":"https:\/\/laprensacristiana.com\/?s={search_term_string}"},"query-input":"required name=search_term_string"}],"inLanguage":"es"},{"@type":"Person","@id":"https:\/\/laprensacristiana.com\/#\/schema\/person\/3e7d82c6bfd6b1fa67010f8f7cd5256e","name":"EDITOR","image":{"@type":"ImageObject","inLanguage":"es","@id":"https:\/\/laprensacristiana.com\/#\/schema\/person\/image\/","url":"https:\/\/secure.gravatar.com\/avatar\/72069dfb6c13772d9e8381e3638666d2?s=96&d=mm&r=g","contentUrl":"https:\/\/secure.gravatar.com\/avatar\/72069dfb6c13772d9e8381e3638666d2?s=96&d=mm&r=g","caption":"EDITOR"},"url":"https:\/\/laprensacristiana.com\/?author=3"}]}},"_links":{"self":[{"href":"https:\/\/laprensacristiana.com\/index.php?rest_route=\/wp\/v2\/posts\/9678"}],"collection":[{"href":"https:\/\/laprensacristiana.com\/index.php?rest_route=\/wp\/v2\/posts"}],"about":[{"href":"https:\/\/laprensacristiana.com\/index.php?rest_route=\/wp\/v2\/types\/post"}],"author":[{"embeddable":true,"href":"https:\/\/laprensacristiana.com\/index.php?rest_route=\/wp\/v2\/users\/3"}],"replies":[{"embeddable":true,"href":"https:\/\/laprensacristiana.com\/index.php?rest_route=%2Fwp%2Fv2%2Fcomments&post=9678"}],"version-history":[{"count":1,"href":"https:\/\/laprensacristiana.com\/index.php?rest_route=\/wp\/v2\/posts\/9678\/revisions"}],"predecessor-version":[{"id":9680,"href":"https:\/\/laprensacristiana.com\/index.php?rest_route=\/wp\/v2\/posts\/9678\/revisions\/9680"}],"wp:featuredmedia":[{"embeddable":true,"href":"https:\/\/laprensacristiana.com\/index.php?rest_route=\/wp\/v2\/media\/9679"}],"wp:attachment":[{"href":"https:\/\/laprensacristiana.com\/index.php?rest_route=%2Fwp%2Fv2%2Fmedia&parent=9678"}],"wp:term":[{"taxonomy":"category","embeddable":true,"href":"https:\/\/laprensacristiana.com\/index.php?rest_route=%2Fwp%2Fv2%2Fcategories&post=9678"},{"taxonomy":"post_tag","embeddable":true,"href":"https:\/\/laprensacristiana.com\/index.php?rest_route=%2Fwp%2Fv2%2Ftags&post=9678"}],"curies":[{"name":"wp","href":"https:\/\/api.w.org\/{rel}","templated":true}]}}