{"id":9681,"date":"2020-07-06T21:52:56","date_gmt":"2020-07-06T21:52:56","guid":{"rendered":"https:\/\/laprensacristiana.com\/?p=9681"},"modified":"2020-07-06T21:52:59","modified_gmt":"2020-07-06T21:52:59","slug":"razones-para-la-esperanza","status":"publish","type":"post","link":"https:\/\/laprensacristiana.com\/?p=9681","title":{"rendered":"Razones para la esperanza"},"content":{"rendered":"\n<h2 class=\"wp-block-heading\"><\/h2>\n\n\n\n<p>El virus est\u00e1 avanzando y los hospitales han llegado al l\u00edmite de su capacidad. Los insumos escasean y el personal m\u00e9dico resulta insuficiente. Ante esa realidad \u00bfpuede haber razones para tener esperanza? La respuesta es s\u00ed. No todo es malo en esta \u00e9poca de pandemia. Tambi\u00e9n hay buenas noticias. Una de ellas es que la tasa de letalidad del SARS CoV 2 ha descendido en nuestro pa\u00eds, del 5.6% al inicio de los contagios al 2.6% de la actualidad. Esta \u00faltima tasa todav\u00eda es alta, pero es tres puntos menor que al principio, lo cual, se traduce en m\u00e1s personas que superar\u00e1n el contagio. Ese ha sido el comportamiento natural del virus cuando se establece en una regi\u00f3n y nuestro pa\u00eds no ha sido la excepci\u00f3n.<\/p>\n\n\n\n<p>Otra buena noticia es que el nuevo coronavirus se logr\u00f3 identificar de forma muy r\u00e1pida, solo una semana despu\u00e9s de los primeros casos en Wuhan, China. Ese fue un per\u00edodo muy corto si se compara con otras epidemias, por ejemplo, la de VIH, en la que tom\u00f3 dos a\u00f1os identificar el virus. Adem\u00e1s, a solo dos semanas de los primeros casos se logr\u00f3 completar la secuencia del genoma del SARS CoV 2, con lo cual, fue posible elaborar pruebas para identificar casos positivos e iniciar investigaciones para la elaboraci\u00f3n de una vacuna. Hablando de vacunas, esa es otra buena noticia, en la actualidad hay 300 vacunas que est\u00e1n en ensayos. De ellas, tres se encuentran en la etapa de pruebas con humanos y una ya ha demostrado que logra la inmunidad. Esta \u00faltima comenzar\u00e1 a ser producida masivamente en este mes. La Organizaci\u00f3n Mundial de la Salud espera que para finales del a\u00f1o se hayan producido millones de dosis y, para 2021, otras 2,000 millones. Ya hay directrices para su uso, las cuales, recomiendan que las primeras vacunas se apliquen al personal m\u00e9dico, a adultos mayores y a mujeres embarazadas.<\/p>\n\n\n\n<p>Las vacunas para el Covid 19 ser\u00edan las que m\u00e1s velozmente ha logrado producir el ser humano. Eso fue posible, y esta es otra buena noticia, gracias a la gran solidaridad del sector p\u00fablico y privado que permiti\u00f3 a los cient\u00edficos alrededor del mundo compartir sus conocimientos y datos p\u00fablicamente. Otra buena noticia es que los fabricantes ya adelantaron su voluntad de proveer las vacunas al costo, no para recibir ganancias. Con ello, los pa\u00edses pobres se ver\u00e1n grandemente beneficiados.<\/p>\n\n\n\n<p>Otra buena noticia, que por su obviedad y sencillez solemos pasar por alto, es que el nuevo coronavirus puede ser f\u00e1cilmente destruido con un elemento que casi todos tenemos a disposici\u00f3n: el jab\u00f3n. Igual que un alfiler hace estallar a un globo, las mol\u00e9culas del jab\u00f3n son capaces de apu\u00f1alar la capa aceitosa del virus y destruirlo. Lavarse solamente con agua no protege, pero lavarse con agua y jab\u00f3n, durante al menos 20 segundos, salva vidas. El alcohol gel tambi\u00e9n rompe la membrana aceitosa del virus, con la desventaja de que los restos del virus quedan en las manos. Por ello, lavarse a conciencia con agua y jab\u00f3n es mejor: no solo se destruye a los virus, sino que tambi\u00e9n se les elimina f\u00edsicamente de la piel. Si a un buen lavado de manos se a\u00f1ade el uso responsable de la mascarilla y el distanciamiento social, es posible reducir de manera radical las tasas de contagio. Practicando estas recomendaciones muy pronto podremos tener m\u00e1s buenas noticias.<\/p>\n","protected":false},"excerpt":{"rendered":"<p>El virus est\u00e1 avanzando y los hospitales han llegado al l\u00edmite de su capacidad. Los insumos escasean y el personal m\u00e9dico resulta insuficiente. Ante esa realidad \u00bfpuede haber razones para tener esperanza? La respuesta es s\u00ed. No todo es malo en esta \u00e9poca de pandemia. Tambi\u00e9n hay buenas noticias. Una de ellas es que la [&hellip;]<\/p>\n","protected":false},"author":3,"featured_media":6072,"comment_status":"open","ping_status":"open","sticky":false,"template":"","format":"standard","meta":[],"categories":[23],"tags":[],"yoast_head":"<!-- This site is optimized with the Yoast SEO plugin v20.8 - https:\/\/yoast.com\/wordpress\/plugins\/seo\/ -->\n<title>Razones para la esperanza - La Prensa Cristiana<\/title>\n<meta name=\"robots\" content=\"index, follow, max-snippet:-1, max-image-preview:large, max-video-preview:-1\" \/>\n<link rel=\"canonical\" href=\"https:\/\/laprensacristiana.com\/?p=9681\" \/>\n<meta property=\"og:locale\" content=\"es_ES\" \/>\n<meta property=\"og:type\" content=\"article\" \/>\n<meta property=\"og:title\" content=\"Razones para la esperanza - La Prensa Cristiana\" \/>\n<meta property=\"og:description\" content=\"El virus est\u00e1 avanzando y los hospitales han llegado al l\u00edmite de su capacidad. Los insumos escasean y el personal m\u00e9dico resulta insuficiente. Ante esa realidad \u00bfpuede haber razones para tener esperanza? La respuesta es s\u00ed. No todo es malo en esta \u00e9poca de pandemia. Tambi\u00e9n hay buenas noticias. Una de ellas es que la [&hellip;]\" \/>\n<meta property=\"og:url\" content=\"https:\/\/laprensacristiana.com\/?p=9681\" \/>\n<meta property=\"og:site_name\" content=\"La Prensa Cristiana\" \/>\n<meta property=\"article:published_time\" content=\"2020-07-06T21:52:56+00:00\" \/>\n<meta property=\"article:modified_time\" content=\"2020-07-06T21:52:59+00:00\" \/>\n<meta property=\"og:image\" content=\"https:\/\/laprensacristiana.com\/wp-content\/uploads\/2019\/06\/OPINION-01-scaled.jpg\" \/>\n\t<meta property=\"og:image:width\" content=\"2560\" \/>\n\t<meta property=\"og:image:height\" content=\"1429\" \/>\n\t<meta property=\"og:image:type\" content=\"image\/jpeg\" \/>\n<meta name=\"author\" content=\"EDITOR\" \/>\n<meta name=\"twitter:card\" content=\"summary_large_image\" \/>\n<meta name=\"twitter:label1\" content=\"Escrito por\" \/>\n\t<meta name=\"twitter:data1\" content=\"EDITOR\" \/>\n\t<meta name=\"twitter:label2\" content=\"Tiempo de lectura\" \/>\n\t<meta name=\"twitter:data2\" content=\"3 minutos\" \/>\n<script type=\"application\/ld+json\" class=\"yoast-schema-graph\">{\"@context\":\"https:\/\/schema.org\",\"@graph\":[{\"@type\":\"WebPage\",\"@id\":\"https:\/\/laprensacristiana.com\/?p=9681\",\"url\":\"https:\/\/laprensacristiana.com\/?p=9681\",\"name\":\"Razones para la esperanza - La Prensa Cristiana\",\"isPartOf\":{\"@id\":\"https:\/\/laprensacristiana.com\/#website\"},\"datePublished\":\"2020-07-06T21:52:56+00:00\",\"dateModified\":\"2020-07-06T21:52:59+00:00\",\"author\":{\"@id\":\"https:\/\/laprensacristiana.com\/#\/schema\/person\/3e7d82c6bfd6b1fa67010f8f7cd5256e\"},\"breadcrumb\":{\"@id\":\"https:\/\/laprensacristiana.com\/?p=9681#breadcrumb\"},\"inLanguage\":\"es\",\"potentialAction\":[{\"@type\":\"ReadAction\",\"target\":[\"https:\/\/laprensacristiana.com\/?p=9681\"]}]},{\"@type\":\"BreadcrumbList\",\"@id\":\"https:\/\/laprensacristiana.com\/?p=9681#breadcrumb\",\"itemListElement\":[{\"@type\":\"ListItem\",\"position\":1,\"name\":\"Portada\",\"item\":\"https:\/\/laprensacristiana.com\/\"},{\"@type\":\"ListItem\",\"position\":2,\"name\":\"Razones para la esperanza\"}]},{\"@type\":\"WebSite\",\"@id\":\"https:\/\/laprensacristiana.com\/#website\",\"url\":\"https:\/\/laprensacristiana.com\/\",\"name\":\"La Prensa Cristiana\",\"description\":\"Anunciando Las Buenas Nuevas\",\"potentialAction\":[{\"@type\":\"SearchAction\",\"target\":{\"@type\":\"EntryPoint\",\"urlTemplate\":\"https:\/\/laprensacristiana.com\/?s={search_term_string}\"},\"query-input\":\"required name=search_term_string\"}],\"inLanguage\":\"es\"},{\"@type\":\"Person\",\"@id\":\"https:\/\/laprensacristiana.com\/#\/schema\/person\/3e7d82c6bfd6b1fa67010f8f7cd5256e\",\"name\":\"EDITOR\",\"image\":{\"@type\":\"ImageObject\",\"inLanguage\":\"es\",\"@id\":\"https:\/\/laprensacristiana.com\/#\/schema\/person\/image\/\",\"url\":\"https:\/\/secure.gravatar.com\/avatar\/72069dfb6c13772d9e8381e3638666d2?s=96&d=mm&r=g\",\"contentUrl\":\"https:\/\/secure.gravatar.com\/avatar\/72069dfb6c13772d9e8381e3638666d2?s=96&d=mm&r=g\",\"caption\":\"EDITOR\"},\"url\":\"https:\/\/laprensacristiana.com\/?author=3\"}]}<\/script>\n<!-- \/ Yoast SEO plugin. -->","yoast_head_json":{"title":"Razones para la esperanza - La Prensa Cristiana","robots":{"index":"index","follow":"follow","max-snippet":"max-snippet:-1","max-image-preview":"max-image-preview:large","max-video-preview":"max-video-preview:-1"},"canonical":"https:\/\/laprensacristiana.com\/?p=9681","og_locale":"es_ES","og_type":"article","og_title":"Razones para la esperanza - La Prensa Cristiana","og_description":"El virus est\u00e1 avanzando y los hospitales han llegado al l\u00edmite de su capacidad. Los insumos escasean y el personal m\u00e9dico resulta insuficiente. Ante esa realidad \u00bfpuede haber razones para tener esperanza? La respuesta es s\u00ed. No todo es malo en esta \u00e9poca de pandemia. Tambi\u00e9n hay buenas noticias. Una de ellas es que la [&hellip;]","og_url":"https:\/\/laprensacristiana.com\/?p=9681","og_site_name":"La Prensa Cristiana","article_published_time":"2020-07-06T21:52:56+00:00","article_modified_time":"2020-07-06T21:52:59+00:00","og_image":[{"width":2560,"height":1429,"url":"https:\/\/laprensacristiana.com\/wp-content\/uploads\/2019\/06\/OPINION-01-scaled.jpg","type":"image\/jpeg"}],"author":"EDITOR","twitter_card":"summary_large_image","twitter_misc":{"Escrito por":"EDITOR","Tiempo de lectura":"3 minutos"},"schema":{"@context":"https:\/\/schema.org","@graph":[{"@type":"WebPage","@id":"https:\/\/laprensacristiana.com\/?p=9681","url":"https:\/\/laprensacristiana.com\/?p=9681","name":"Razones para la esperanza - La Prensa Cristiana","isPartOf":{"@id":"https:\/\/laprensacristiana.com\/#website"},"datePublished":"2020-07-06T21:52:56+00:00","dateModified":"2020-07-06T21:52:59+00:00","author":{"@id":"https:\/\/laprensacristiana.com\/#\/schema\/person\/3e7d82c6bfd6b1fa67010f8f7cd5256e"},"breadcrumb":{"@id":"https:\/\/laprensacristiana.com\/?p=9681#breadcrumb"},"inLanguage":"es","potentialAction":[{"@type":"ReadAction","target":["https:\/\/laprensacristiana.com\/?p=9681"]}]},{"@type":"BreadcrumbList","@id":"https:\/\/laprensacristiana.com\/?p=9681#breadcrumb","itemListElement":[{"@type":"ListItem","position":1,"name":"Portada","item":"https:\/\/laprensacristiana.com\/"},{"@type":"ListItem","position":2,"name":"Razones para la esperanza"}]},{"@type":"WebSite","@id":"https:\/\/laprensacristiana.com\/#website","url":"https:\/\/laprensacristiana.com\/","name":"La Prensa Cristiana","description":"Anunciando Las Buenas Nuevas","potentialAction":[{"@type":"SearchAction","target":{"@type":"EntryPoint","urlTemplate":"https:\/\/laprensacristiana.com\/?s={search_term_string}"},"query-input":"required name=search_term_string"}],"inLanguage":"es"},{"@type":"Person","@id":"https:\/\/laprensacristiana.com\/#\/schema\/person\/3e7d82c6bfd6b1fa67010f8f7cd5256e","name":"EDITOR","image":{"@type":"ImageObject","inLanguage":"es","@id":"https:\/\/laprensacristiana.com\/#\/schema\/person\/image\/","url":"https:\/\/secure.gravatar.com\/avatar\/72069dfb6c13772d9e8381e3638666d2?s=96&d=mm&r=g","contentUrl":"https:\/\/secure.gravatar.com\/avatar\/72069dfb6c13772d9e8381e3638666d2?s=96&d=mm&r=g","caption":"EDITOR"},"url":"https:\/\/laprensacristiana.com\/?author=3"}]}},"_links":{"self":[{"href":"https:\/\/laprensacristiana.com\/index.php?rest_route=\/wp\/v2\/posts\/9681"}],"collection":[{"href":"https:\/\/laprensacristiana.com\/index.php?rest_route=\/wp\/v2\/posts"}],"about":[{"href":"https:\/\/laprensacristiana.com\/index.php?rest_route=\/wp\/v2\/types\/post"}],"author":[{"embeddable":true,"href":"https:\/\/laprensacristiana.com\/index.php?rest_route=\/wp\/v2\/users\/3"}],"replies":[{"embeddable":true,"href":"https:\/\/laprensacristiana.com\/index.php?rest_route=%2Fwp%2Fv2%2Fcomments&post=9681"}],"version-history":[{"count":1,"href":"https:\/\/laprensacristiana.com\/index.php?rest_route=\/wp\/v2\/posts\/9681\/revisions"}],"predecessor-version":[{"id":9682,"href":"https:\/\/laprensacristiana.com\/index.php?rest_route=\/wp\/v2\/posts\/9681\/revisions\/9682"}],"wp:featuredmedia":[{"embeddable":true,"href":"https:\/\/laprensacristiana.com\/index.php?rest_route=\/wp\/v2\/media\/6072"}],"wp:attachment":[{"href":"https:\/\/laprensacristiana.com\/index.php?rest_route=%2Fwp%2Fv2%2Fmedia&parent=9681"}],"wp:term":[{"taxonomy":"category","embeddable":true,"href":"https:\/\/laprensacristiana.com\/index.php?rest_route=%2Fwp%2Fv2%2Fcategories&post=9681"},{"taxonomy":"post_tag","embeddable":true,"href":"https:\/\/laprensacristiana.com\/index.php?rest_route=%2Fwp%2Fv2%2Ftags&post=9681"}],"curies":[{"name":"wp","href":"https:\/\/api.w.org\/{rel}","templated":true}]}}