{"id":9683,"date":"2020-07-08T15:41:16","date_gmt":"2020-07-08T15:41:16","guid":{"rendered":"https:\/\/laprensacristiana.com\/?p=9683"},"modified":"2020-07-08T15:41:19","modified_gmt":"2020-07-08T15:41:19","slug":"pastor-javier-karraa-de-iglesia-cefad-y-su-hijo-vencen-el-covid-19","status":"publish","type":"post","link":"https:\/\/laprensacristiana.com\/?p=9683","title":{"rendered":"Pastor Javier\u00a0 karra\u00e1 de igles\u00eda CEFAD y su hijo vencen el Covid-19"},"content":{"rendered":"\n<p>As\u00ed lo anunci\u00f3 est\u00e1 ma\u00f1ana a trav\u00e9s de sus redes social el pastor Karra\u00e1:<\/p>\n\n\n\n<p>\u00abGracias a Jes\u00fas hoy podemos decir:<\/p>\n\n\n\n<p>\u00a1El\u00edas y yo vencimos el Covid19!<\/p>\n\n\n\n<p>Oramos por todos los que est\u00e1n enfermos, tienen familiares enfermos, o han perdido un ser querido. Es una lucha en la que s\u00f3lo Dios nos puede ayudar\u00bb expres\u00f3 el pastor Javier Karra\u00e1<\/p>\n\n\n\n<p>Hace un mes el pastor di\u00f3 a conocer que se contagio de Covid-19 y su hijo mayor El\u00edas tambi\u00e9n.<\/p>\n\n\n\n<p>El pastor estubo compartiendo a trav\u00e9s de sus redes el proceso que estuvo viviendo durante la enfermedad y transmit\u00eda mensajes de aliento y esperanza a todos aquellos que estaban pasando por la misma situaci\u00f3n.<\/p>\n\n\n\n<p>Oficialmente \u00e9l y su hijo ganaron esta batalla.<\/p>\n","protected":false},"excerpt":{"rendered":"<p>As\u00ed lo anunci\u00f3 est\u00e1 ma\u00f1ana a trav\u00e9s de sus redes social el pastor Karra\u00e1: \u00abGracias a Jes\u00fas hoy podemos decir: \u00a1El\u00edas y yo vencimos el Covid19! Oramos por todos los que est\u00e1n enfermos, tienen familiares enfermos, o han perdido un ser querido. Es una lucha en la que s\u00f3lo Dios nos puede ayudar\u00bb expres\u00f3 el [&hellip;]<\/p>\n","protected":false},"author":3,"featured_media":9684,"comment_status":"open","ping_status":"open","sticky":false,"template":"","format":"standard","meta":[],"categories":[56],"tags":[],"yoast_head":"<!-- This site is optimized with the Yoast SEO plugin v20.8 - https:\/\/yoast.com\/wordpress\/plugins\/seo\/ -->\n<title>Pastor Javier\u00a0 karra\u00e1 de igles\u00eda CEFAD y su hijo vencen el Covid-19 - La Prensa Cristiana<\/title>\n<meta name=\"robots\" content=\"index, follow, max-snippet:-1, max-image-preview:large, max-video-preview:-1\" \/>\n<link rel=\"canonical\" href=\"https:\/\/laprensacristiana.com\/?p=9683\" \/>\n<meta property=\"og:locale\" content=\"es_ES\" \/>\n<meta property=\"og:type\" content=\"article\" \/>\n<meta property=\"og:title\" content=\"Pastor Javier\u00a0 karra\u00e1 de igles\u00eda CEFAD y su hijo vencen el Covid-19 - La Prensa Cristiana\" \/>\n<meta property=\"og:description\" content=\"As\u00ed lo anunci\u00f3 est\u00e1 ma\u00f1ana a trav\u00e9s de sus redes social el pastor Karra\u00e1: \u00abGracias a Jes\u00fas hoy podemos decir: \u00a1El\u00edas y yo vencimos el Covid19! Oramos por todos los que est\u00e1n enfermos, tienen familiares enfermos, o han perdido un ser querido. Es una lucha en la que s\u00f3lo Dios nos puede ayudar\u00bb expres\u00f3 el [&hellip;]\" \/>\n<meta property=\"og:url\" content=\"https:\/\/laprensacristiana.com\/?p=9683\" \/>\n<meta property=\"og:site_name\" content=\"La Prensa Cristiana\" \/>\n<meta property=\"article:published_time\" content=\"2020-07-08T15:41:16+00:00\" \/>\n<meta property=\"article:modified_time\" content=\"2020-07-08T15:41:19+00:00\" \/>\n<meta property=\"og:image\" content=\"https:\/\/laprensacristiana.com\/wp-content\/uploads\/2020\/07\/FB_IMG_1594221663131.jpg\" \/>\n\t<meta property=\"og:image:width\" content=\"720\" \/>\n\t<meta property=\"og:image:height\" content=\"540\" \/>\n\t<meta property=\"og:image:type\" content=\"image\/jpeg\" \/>\n<meta name=\"author\" content=\"EDITOR\" \/>\n<meta name=\"twitter:card\" content=\"summary_large_image\" \/>\n<meta name=\"twitter:label1\" content=\"Escrito por\" \/>\n\t<meta name=\"twitter:data1\" content=\"EDITOR\" \/>\n\t<meta name=\"twitter:label2\" content=\"Tiempo de lectura\" \/>\n\t<meta name=\"twitter:data2\" content=\"1 minuto\" \/>\n<script type=\"application\/ld+json\" class=\"yoast-schema-graph\">{\"@context\":\"https:\/\/schema.org\",\"@graph\":[{\"@type\":\"WebPage\",\"@id\":\"https:\/\/laprensacristiana.com\/?p=9683\",\"url\":\"https:\/\/laprensacristiana.com\/?p=9683\",\"name\":\"Pastor Javier\u00a0 karra\u00e1 de igles\u00eda CEFAD y su hijo vencen el Covid-19 - La Prensa Cristiana\",\"isPartOf\":{\"@id\":\"https:\/\/laprensacristiana.com\/#website\"},\"datePublished\":\"2020-07-08T15:41:16+00:00\",\"dateModified\":\"2020-07-08T15:41:19+00:00\",\"author\":{\"@id\":\"https:\/\/laprensacristiana.com\/#\/schema\/person\/3e7d82c6bfd6b1fa67010f8f7cd5256e\"},\"breadcrumb\":{\"@id\":\"https:\/\/laprensacristiana.com\/?p=9683#breadcrumb\"},\"inLanguage\":\"es\",\"potentialAction\":[{\"@type\":\"ReadAction\",\"target\":[\"https:\/\/laprensacristiana.com\/?p=9683\"]}]},{\"@type\":\"BreadcrumbList\",\"@id\":\"https:\/\/laprensacristiana.com\/?p=9683#breadcrumb\",\"itemListElement\":[{\"@type\":\"ListItem\",\"position\":1,\"name\":\"Portada\",\"item\":\"https:\/\/laprensacristiana.com\/\"},{\"@type\":\"ListItem\",\"position\":2,\"name\":\"Pastor Javier\u00a0 karra\u00e1 de igles\u00eda CEFAD y su hijo vencen el Covid-19\"}]},{\"@type\":\"WebSite\",\"@id\":\"https:\/\/laprensacristiana.com\/#website\",\"url\":\"https:\/\/laprensacristiana.com\/\",\"name\":\"La Prensa Cristiana\",\"description\":\"Anunciando Las Buenas Nuevas\",\"potentialAction\":[{\"@type\":\"SearchAction\",\"target\":{\"@type\":\"EntryPoint\",\"urlTemplate\":\"https:\/\/laprensacristiana.com\/?s={search_term_string}\"},\"query-input\":\"required name=search_term_string\"}],\"inLanguage\":\"es\"},{\"@type\":\"Person\",\"@id\":\"https:\/\/laprensacristiana.com\/#\/schema\/person\/3e7d82c6bfd6b1fa67010f8f7cd5256e\",\"name\":\"EDITOR\",\"image\":{\"@type\":\"ImageObject\",\"inLanguage\":\"es\",\"@id\":\"https:\/\/laprensacristiana.com\/#\/schema\/person\/image\/\",\"url\":\"https:\/\/secure.gravatar.com\/avatar\/72069dfb6c13772d9e8381e3638666d2?s=96&d=mm&r=g\",\"contentUrl\":\"https:\/\/secure.gravatar.com\/avatar\/72069dfb6c13772d9e8381e3638666d2?s=96&d=mm&r=g\",\"caption\":\"EDITOR\"},\"url\":\"https:\/\/laprensacristiana.com\/?author=3\"}]}<\/script>\n<!-- \/ Yoast SEO plugin. -->","yoast_head_json":{"title":"Pastor Javier\u00a0 karra\u00e1 de igles\u00eda CEFAD y su hijo vencen el Covid-19 - La Prensa Cristiana","robots":{"index":"index","follow":"follow","max-snippet":"max-snippet:-1","max-image-preview":"max-image-preview:large","max-video-preview":"max-video-preview:-1"},"canonical":"https:\/\/laprensacristiana.com\/?p=9683","og_locale":"es_ES","og_type":"article","og_title":"Pastor Javier\u00a0 karra\u00e1 de igles\u00eda CEFAD y su hijo vencen el Covid-19 - La Prensa Cristiana","og_description":"As\u00ed lo anunci\u00f3 est\u00e1 ma\u00f1ana a trav\u00e9s de sus redes social el pastor Karra\u00e1: \u00abGracias a Jes\u00fas hoy podemos decir: \u00a1El\u00edas y yo vencimos el Covid19! Oramos por todos los que est\u00e1n enfermos, tienen familiares enfermos, o han perdido un ser querido. Es una lucha en la que s\u00f3lo Dios nos puede ayudar\u00bb expres\u00f3 el [&hellip;]","og_url":"https:\/\/laprensacristiana.com\/?p=9683","og_site_name":"La Prensa Cristiana","article_published_time":"2020-07-08T15:41:16+00:00","article_modified_time":"2020-07-08T15:41:19+00:00","og_image":[{"width":720,"height":540,"url":"https:\/\/laprensacristiana.com\/wp-content\/uploads\/2020\/07\/FB_IMG_1594221663131.jpg","type":"image\/jpeg"}],"author":"EDITOR","twitter_card":"summary_large_image","twitter_misc":{"Escrito por":"EDITOR","Tiempo de lectura":"1 minuto"},"schema":{"@context":"https:\/\/schema.org","@graph":[{"@type":"WebPage","@id":"https:\/\/laprensacristiana.com\/?p=9683","url":"https:\/\/laprensacristiana.com\/?p=9683","name":"Pastor Javier\u00a0 karra\u00e1 de igles\u00eda CEFAD y su hijo vencen el Covid-19 - La Prensa Cristiana","isPartOf":{"@id":"https:\/\/laprensacristiana.com\/#website"},"datePublished":"2020-07-08T15:41:16+00:00","dateModified":"2020-07-08T15:41:19+00:00","author":{"@id":"https:\/\/laprensacristiana.com\/#\/schema\/person\/3e7d82c6bfd6b1fa67010f8f7cd5256e"},"breadcrumb":{"@id":"https:\/\/laprensacristiana.com\/?p=9683#breadcrumb"},"inLanguage":"es","potentialAction":[{"@type":"ReadAction","target":["https:\/\/laprensacristiana.com\/?p=9683"]}]},{"@type":"BreadcrumbList","@id":"https:\/\/laprensacristiana.com\/?p=9683#breadcrumb","itemListElement":[{"@type":"ListItem","position":1,"name":"Portada","item":"https:\/\/laprensacristiana.com\/"},{"@type":"ListItem","position":2,"name":"Pastor Javier\u00a0 karra\u00e1 de igles\u00eda CEFAD y su hijo vencen el Covid-19"}]},{"@type":"WebSite","@id":"https:\/\/laprensacristiana.com\/#website","url":"https:\/\/laprensacristiana.com\/","name":"La Prensa Cristiana","description":"Anunciando Las Buenas Nuevas","potentialAction":[{"@type":"SearchAction","target":{"@type":"EntryPoint","urlTemplate":"https:\/\/laprensacristiana.com\/?s={search_term_string}"},"query-input":"required name=search_term_string"}],"inLanguage":"es"},{"@type":"Person","@id":"https:\/\/laprensacristiana.com\/#\/schema\/person\/3e7d82c6bfd6b1fa67010f8f7cd5256e","name":"EDITOR","image":{"@type":"ImageObject","inLanguage":"es","@id":"https:\/\/laprensacristiana.com\/#\/schema\/person\/image\/","url":"https:\/\/secure.gravatar.com\/avatar\/72069dfb6c13772d9e8381e3638666d2?s=96&d=mm&r=g","contentUrl":"https:\/\/secure.gravatar.com\/avatar\/72069dfb6c13772d9e8381e3638666d2?s=96&d=mm&r=g","caption":"EDITOR"},"url":"https:\/\/laprensacristiana.com\/?author=3"}]}},"_links":{"self":[{"href":"https:\/\/laprensacristiana.com\/index.php?rest_route=\/wp\/v2\/posts\/9683"}],"collection":[{"href":"https:\/\/laprensacristiana.com\/index.php?rest_route=\/wp\/v2\/posts"}],"about":[{"href":"https:\/\/laprensacristiana.com\/index.php?rest_route=\/wp\/v2\/types\/post"}],"author":[{"embeddable":true,"href":"https:\/\/laprensacristiana.com\/index.php?rest_route=\/wp\/v2\/users\/3"}],"replies":[{"embeddable":true,"href":"https:\/\/laprensacristiana.com\/index.php?rest_route=%2Fwp%2Fv2%2Fcomments&post=9683"}],"version-history":[{"count":1,"href":"https:\/\/laprensacristiana.com\/index.php?rest_route=\/wp\/v2\/posts\/9683\/revisions"}],"predecessor-version":[{"id":9685,"href":"https:\/\/laprensacristiana.com\/index.php?rest_route=\/wp\/v2\/posts\/9683\/revisions\/9685"}],"wp:featuredmedia":[{"embeddable":true,"href":"https:\/\/laprensacristiana.com\/index.php?rest_route=\/wp\/v2\/media\/9684"}],"wp:attachment":[{"href":"https:\/\/laprensacristiana.com\/index.php?rest_route=%2Fwp%2Fv2%2Fmedia&parent=9683"}],"wp:term":[{"taxonomy":"category","embeddable":true,"href":"https:\/\/laprensacristiana.com\/index.php?rest_route=%2Fwp%2Fv2%2Fcategories&post=9683"},{"taxonomy":"post_tag","embeddable":true,"href":"https:\/\/laprensacristiana.com\/index.php?rest_route=%2Fwp%2Fv2%2Ftags&post=9683"}],"curies":[{"name":"wp","href":"https:\/\/api.w.org\/{rel}","templated":true}]}}