{"id":9686,"date":"2020-07-08T17:27:16","date_gmt":"2020-07-08T17:27:16","guid":{"rendered":"https:\/\/laprensacristiana.com\/?p=9686"},"modified":"2020-07-09T00:20:16","modified_gmt":"2020-07-09T00:20:16","slug":"iglesia-del-camino-realiza-caravana-de-oracion","status":"publish","type":"post","link":"https:\/\/laprensacristiana.com\/?p=9686","title":{"rendered":"Iglesia del Camino realiza caravana de oraci\u00f3n"},"content":{"rendered":"\n<p>Est\u00e1 madrugada iglesia del Camino a trav\u00e9s del ministerio Avivadores realiz\u00f3 una caravana de intercesi\u00f3n por Santa Tecla y Ciudad Merliot , en carro, y en sus casas&nbsp; simult\u00e1neamente a trav\u00e9s de la plataforma Zoom habilitaron una espacio para unirse en oraci\u00f3n.<\/p>\n\n\n\n<p>Muchas personas se unieron a esta iniciativa para pedir por su colonia, municipio y&nbsp; por la naci\u00f3n, en este tiempo de pandemia y por las diferentes necesidades que como pa\u00eds se tiene.<\/p>\n\n\n\n<p>Las caravanas salieron en 7 rutas diferentes para abarcar toda la zona de Santa Tecla y Ciudad Merliot.<\/p>\n","protected":false},"excerpt":{"rendered":"<p>Est\u00e1 madrugada iglesia del Camino a trav\u00e9s del ministerio Avivadores realiz\u00f3 una caravana de intercesi\u00f3n por Santa Tecla y Ciudad Merliot , en carro, y en sus casas&nbsp; simult\u00e1neamente a trav\u00e9s de la plataforma Zoom habilitaron una espacio para unirse en oraci\u00f3n. Muchas personas se unieron a esta iniciativa para pedir por su colonia, municipio [&hellip;]<\/p>\n","protected":false},"author":3,"featured_media":9691,"comment_status":"open","ping_status":"open","sticky":false,"template":"","format":"standard","meta":[],"categories":[56],"tags":[],"yoast_head":"<!-- This site is optimized with the Yoast SEO plugin v20.8 - https:\/\/yoast.com\/wordpress\/plugins\/seo\/ -->\n<title>Iglesia del Camino realiza caravana de oraci\u00f3n - La Prensa Cristiana<\/title>\n<meta name=\"robots\" content=\"index, follow, max-snippet:-1, max-image-preview:large, max-video-preview:-1\" \/>\n<link rel=\"canonical\" href=\"https:\/\/laprensacristiana.com\/?p=9686\" \/>\n<meta property=\"og:locale\" content=\"es_ES\" \/>\n<meta property=\"og:type\" content=\"article\" \/>\n<meta property=\"og:title\" content=\"Iglesia del Camino realiza caravana de oraci\u00f3n - La Prensa Cristiana\" \/>\n<meta property=\"og:description\" content=\"Est\u00e1 madrugada iglesia del Camino a trav\u00e9s del ministerio Avivadores realiz\u00f3 una caravana de intercesi\u00f3n por Santa Tecla y Ciudad Merliot , en carro, y en sus casas&nbsp; simult\u00e1neamente a trav\u00e9s de la plataforma Zoom habilitaron una espacio para unirse en oraci\u00f3n. Muchas personas se unieron a esta iniciativa para pedir por su colonia, municipio [&hellip;]\" \/>\n<meta property=\"og:url\" content=\"https:\/\/laprensacristiana.com\/?p=9686\" \/>\n<meta property=\"og:site_name\" content=\"La Prensa Cristiana\" \/>\n<meta property=\"article:published_time\" content=\"2020-07-08T17:27:16+00:00\" \/>\n<meta property=\"article:modified_time\" content=\"2020-07-09T00:20:16+00:00\" \/>\n<meta property=\"og:image\" content=\"https:\/\/laprensacristiana.com\/wp-content\/uploads\/2020\/07\/WhatsApp-Image-2020-07-08-at-11.34.06-AM.jpeg\" \/>\n\t<meta property=\"og:image:width\" content=\"720\" \/>\n\t<meta property=\"og:image:height\" content=\"385\" \/>\n\t<meta property=\"og:image:type\" content=\"image\/jpeg\" \/>\n<meta name=\"author\" content=\"EDITOR\" \/>\n<meta name=\"twitter:card\" content=\"summary_large_image\" \/>\n<meta name=\"twitter:label1\" content=\"Escrito por\" \/>\n\t<meta name=\"twitter:data1\" content=\"EDITOR\" \/>\n<script type=\"application\/ld+json\" class=\"yoast-schema-graph\">{\"@context\":\"https:\/\/schema.org\",\"@graph\":[{\"@type\":\"WebPage\",\"@id\":\"https:\/\/laprensacristiana.com\/?p=9686\",\"url\":\"https:\/\/laprensacristiana.com\/?p=9686\",\"name\":\"Iglesia del Camino realiza caravana de oraci\u00f3n - La Prensa Cristiana\",\"isPartOf\":{\"@id\":\"https:\/\/laprensacristiana.com\/#website\"},\"datePublished\":\"2020-07-08T17:27:16+00:00\",\"dateModified\":\"2020-07-09T00:20:16+00:00\",\"author\":{\"@id\":\"https:\/\/laprensacristiana.com\/#\/schema\/person\/3e7d82c6bfd6b1fa67010f8f7cd5256e\"},\"breadcrumb\":{\"@id\":\"https:\/\/laprensacristiana.com\/?p=9686#breadcrumb\"},\"inLanguage\":\"es\",\"potentialAction\":[{\"@type\":\"ReadAction\",\"target\":[\"https:\/\/laprensacristiana.com\/?p=9686\"]}]},{\"@type\":\"BreadcrumbList\",\"@id\":\"https:\/\/laprensacristiana.com\/?p=9686#breadcrumb\",\"itemListElement\":[{\"@type\":\"ListItem\",\"position\":1,\"name\":\"Portada\",\"item\":\"https:\/\/laprensacristiana.com\/\"},{\"@type\":\"ListItem\",\"position\":2,\"name\":\"Iglesia del Camino realiza caravana de oraci\u00f3n\"}]},{\"@type\":\"WebSite\",\"@id\":\"https:\/\/laprensacristiana.com\/#website\",\"url\":\"https:\/\/laprensacristiana.com\/\",\"name\":\"La Prensa Cristiana\",\"description\":\"Anunciando Las Buenas Nuevas\",\"potentialAction\":[{\"@type\":\"SearchAction\",\"target\":{\"@type\":\"EntryPoint\",\"urlTemplate\":\"https:\/\/laprensacristiana.com\/?s={search_term_string}\"},\"query-input\":\"required name=search_term_string\"}],\"inLanguage\":\"es\"},{\"@type\":\"Person\",\"@id\":\"https:\/\/laprensacristiana.com\/#\/schema\/person\/3e7d82c6bfd6b1fa67010f8f7cd5256e\",\"name\":\"EDITOR\",\"image\":{\"@type\":\"ImageObject\",\"inLanguage\":\"es\",\"@id\":\"https:\/\/laprensacristiana.com\/#\/schema\/person\/image\/\",\"url\":\"https:\/\/secure.gravatar.com\/avatar\/72069dfb6c13772d9e8381e3638666d2?s=96&d=mm&r=g\",\"contentUrl\":\"https:\/\/secure.gravatar.com\/avatar\/72069dfb6c13772d9e8381e3638666d2?s=96&d=mm&r=g\",\"caption\":\"EDITOR\"},\"url\":\"https:\/\/laprensacristiana.com\/?author=3\"}]}<\/script>\n<!-- \/ Yoast SEO plugin. -->","yoast_head_json":{"title":"Iglesia del Camino realiza caravana de oraci\u00f3n - La Prensa Cristiana","robots":{"index":"index","follow":"follow","max-snippet":"max-snippet:-1","max-image-preview":"max-image-preview:large","max-video-preview":"max-video-preview:-1"},"canonical":"https:\/\/laprensacristiana.com\/?p=9686","og_locale":"es_ES","og_type":"article","og_title":"Iglesia del Camino realiza caravana de oraci\u00f3n - La Prensa Cristiana","og_description":"Est\u00e1 madrugada iglesia del Camino a trav\u00e9s del ministerio Avivadores realiz\u00f3 una caravana de intercesi\u00f3n por Santa Tecla y Ciudad Merliot , en carro, y en sus casas&nbsp; simult\u00e1neamente a trav\u00e9s de la plataforma Zoom habilitaron una espacio para unirse en oraci\u00f3n. Muchas personas se unieron a esta iniciativa para pedir por su colonia, municipio [&hellip;]","og_url":"https:\/\/laprensacristiana.com\/?p=9686","og_site_name":"La Prensa Cristiana","article_published_time":"2020-07-08T17:27:16+00:00","article_modified_time":"2020-07-09T00:20:16+00:00","og_image":[{"width":720,"height":385,"url":"https:\/\/laprensacristiana.com\/wp-content\/uploads\/2020\/07\/WhatsApp-Image-2020-07-08-at-11.34.06-AM.jpeg","type":"image\/jpeg"}],"author":"EDITOR","twitter_card":"summary_large_image","twitter_misc":{"Escrito por":"EDITOR"},"schema":{"@context":"https:\/\/schema.org","@graph":[{"@type":"WebPage","@id":"https:\/\/laprensacristiana.com\/?p=9686","url":"https:\/\/laprensacristiana.com\/?p=9686","name":"Iglesia del Camino realiza caravana de oraci\u00f3n - La Prensa Cristiana","isPartOf":{"@id":"https:\/\/laprensacristiana.com\/#website"},"datePublished":"2020-07-08T17:27:16+00:00","dateModified":"2020-07-09T00:20:16+00:00","author":{"@id":"https:\/\/laprensacristiana.com\/#\/schema\/person\/3e7d82c6bfd6b1fa67010f8f7cd5256e"},"breadcrumb":{"@id":"https:\/\/laprensacristiana.com\/?p=9686#breadcrumb"},"inLanguage":"es","potentialAction":[{"@type":"ReadAction","target":["https:\/\/laprensacristiana.com\/?p=9686"]}]},{"@type":"BreadcrumbList","@id":"https:\/\/laprensacristiana.com\/?p=9686#breadcrumb","itemListElement":[{"@type":"ListItem","position":1,"name":"Portada","item":"https:\/\/laprensacristiana.com\/"},{"@type":"ListItem","position":2,"name":"Iglesia del Camino realiza caravana de oraci\u00f3n"}]},{"@type":"WebSite","@id":"https:\/\/laprensacristiana.com\/#website","url":"https:\/\/laprensacristiana.com\/","name":"La Prensa Cristiana","description":"Anunciando Las Buenas Nuevas","potentialAction":[{"@type":"SearchAction","target":{"@type":"EntryPoint","urlTemplate":"https:\/\/laprensacristiana.com\/?s={search_term_string}"},"query-input":"required name=search_term_string"}],"inLanguage":"es"},{"@type":"Person","@id":"https:\/\/laprensacristiana.com\/#\/schema\/person\/3e7d82c6bfd6b1fa67010f8f7cd5256e","name":"EDITOR","image":{"@type":"ImageObject","inLanguage":"es","@id":"https:\/\/laprensacristiana.com\/#\/schema\/person\/image\/","url":"https:\/\/secure.gravatar.com\/avatar\/72069dfb6c13772d9e8381e3638666d2?s=96&d=mm&r=g","contentUrl":"https:\/\/secure.gravatar.com\/avatar\/72069dfb6c13772d9e8381e3638666d2?s=96&d=mm&r=g","caption":"EDITOR"},"url":"https:\/\/laprensacristiana.com\/?author=3"}]}},"_links":{"self":[{"href":"https:\/\/laprensacristiana.com\/index.php?rest_route=\/wp\/v2\/posts\/9686"}],"collection":[{"href":"https:\/\/laprensacristiana.com\/index.php?rest_route=\/wp\/v2\/posts"}],"about":[{"href":"https:\/\/laprensacristiana.com\/index.php?rest_route=\/wp\/v2\/types\/post"}],"author":[{"embeddable":true,"href":"https:\/\/laprensacristiana.com\/index.php?rest_route=\/wp\/v2\/users\/3"}],"replies":[{"embeddable":true,"href":"https:\/\/laprensacristiana.com\/index.php?rest_route=%2Fwp%2Fv2%2Fcomments&post=9686"}],"version-history":[{"count":1,"href":"https:\/\/laprensacristiana.com\/index.php?rest_route=\/wp\/v2\/posts\/9686\/revisions"}],"predecessor-version":[{"id":9688,"href":"https:\/\/laprensacristiana.com\/index.php?rest_route=\/wp\/v2\/posts\/9686\/revisions\/9688"}],"wp:featuredmedia":[{"embeddable":true,"href":"https:\/\/laprensacristiana.com\/index.php?rest_route=\/wp\/v2\/media\/9691"}],"wp:attachment":[{"href":"https:\/\/laprensacristiana.com\/index.php?rest_route=%2Fwp%2Fv2%2Fmedia&parent=9686"}],"wp:term":[{"taxonomy":"category","embeddable":true,"href":"https:\/\/laprensacristiana.com\/index.php?rest_route=%2Fwp%2Fv2%2Fcategories&post=9686"},{"taxonomy":"post_tag","embeddable":true,"href":"https:\/\/laprensacristiana.com\/index.php?rest_route=%2Fwp%2Fv2%2Ftags&post=9686"}],"curies":[{"name":"wp","href":"https:\/\/api.w.org\/{rel}","templated":true}]}}