{"id":9710,"date":"2020-07-09T17:02:36","date_gmt":"2020-07-09T17:02:36","guid":{"rendered":"https:\/\/laprensacristiana.com\/?p=9710"},"modified":"2020-07-09T19:55:36","modified_gmt":"2020-07-09T19:55:36","slug":"esta-manana-luis-santiago-sera-intervenido-quirurgicamente-por-un-tumor","status":"publish","type":"post","link":"https:\/\/laprensacristiana.com\/?p=9710","title":{"rendered":"Est\u00e1 ma\u00f1ana Luis Santiago ser\u00e1 intervenido quir\u00fargicamente por un tumor"},"content":{"rendered":"\n<p>El d\u00eda lleg\u00f3, el&nbsp; reconocido salmista Luis Santiago anunci\u00f3 en febrero de este a\u00f1o que ser\u00eda intervenido quir\u00fargicamente el pasado 27 de marzo , pero debido a la alerta mundial po la pandemia su cirug\u00eda fue reprogramada y este d\u00eda en unas horas el cantante ser\u00e1 intervino quir\u00fargicamente.<\/p>\n\n\n\n<p>Hace varios a\u00f1os Luis Santiago ha sufrido de fuertes dolores de espalda, cabeza y debilidad en las piernas, estos \u00faltimos a\u00f1os visito diferentes&nbsp; especialistas.<\/p>\n\n\n\n<p>\u00abHasta el d\u00eda de hoy cada vez que me toca cantar lo hago con dolor y tratando de que la gente no se de cuenta\u2026 En ocasiones he tenido hasta que cancelar compromisos debido a esto\u00bb expres\u00f3 el Luis Santiago anteriormente.<\/p>\n\n\n\n<p>Al inicio de a\u00f1o fue sometido a estudios en Virtua Memorial Hospital Patrick J. Connolly dando como resultado&nbsp; un tumor en la m\u00e9dula espinal, los m\u00e9dicos removeran dos de sus v\u00e9rtebras para poder tomar una biopsia antes de la cirug\u00eda.<\/p>\n\n\n\n<p>\u00abYa a dos horas de entrar a sala de operaciones. Les env\u00edo un abrazo gigante. Gracias por sus oraciones. Bendiciones!!! Les mantendr\u00e9 informados\u00bb expres\u00f3 est\u00e1 ma\u00f1ana Luis Santiago a trav\u00e9s de sus redes sociales.<\/p>\n\n\n\n<p>El proceso de recuperaci\u00f3n seg\u00fan su m\u00e9dico ser\u00e1 lenta, despu\u00e9s de ser intervenido si todo sale bien deber\u00e1n pasar tres meses para recibir rehabilitaci\u00f3n y as\u00ed volver a caminar, por lo que solicita sobre todo las oraciones de todos los hermanos en Cristo.<\/p>\n\n\n\n<p>La familia de Luis Santiago habilit\u00f3 una cuenta en la plataforma GoFundMe para recoger la cantidad solicitada por el hospital, la cirug\u00eda tendr\u00eda un costo de $30,000, aunque no se logr\u00f3 llegar a la meta, muchos han donado logrando recaudar un total de $11,735 al cierre de esta nota.<\/p>\n\n\n\n<p>S\u00ed a\u00fan desea ayudarlo econ\u00f3micamente, puede hacerlo,&nbsp; durante el tiempo que lleve su recuperaci\u00f3n, su familia necesitar\u00e1 mucho apoyo.<\/p>\n\n\n\n<p>Otras formas de ayuda:<\/p>\n\n\n\n<p>ATH m\u00f3vil 787.308.6812<br>Paypal: <a href=\"mailto:Lsantgo@gmail.com\">Lsantgo@gmail.com<\/a> <a href=\"https:\/\/t.co\/IbEoL2omj7\">https:\/\/t.co\/IbEoL2omj7<\/a><\/p>\n\n\n\n<p>GoFundMe:<br><a href=\"https:\/\/www.gofundme.com\/f\/recuperacion-luis-santiago?utm_medium=copy_link&amp;utm_source=customer&amp;utm_campaign=p_na+share-sheet&amp;rcid=f87fde1b03c84208afe8f52649ca678b\">https:\/\/www.gofundme.com\/f\/recuperacion-luis-santiago?utm_medium=copy_link&amp;utm_source=customer&amp;utm_campaign=p_na+share-sheet&amp;rcid=f87fde1b03c84208afe8f52649ca678b<\/a><\/p>\n","protected":false},"excerpt":{"rendered":"<p>El d\u00eda lleg\u00f3, el&nbsp; reconocido salmista Luis Santiago anunci\u00f3 en febrero de este a\u00f1o que ser\u00eda intervenido quir\u00fargicamente el pasado 27 de marzo , pero debido a la alerta mundial po la pandemia su cirug\u00eda fue reprogramada y este d\u00eda en unas horas el cantante ser\u00e1 intervino quir\u00fargicamente. Hace varios a\u00f1os Luis Santiago ha sufrido [&hellip;]<\/p>\n","protected":false},"author":3,"featured_media":9714,"comment_status":"open","ping_status":"open","sticky":false,"template":"","format":"standard","meta":[],"categories":[56],"tags":[],"yoast_head":"<!-- This site is optimized with the Yoast SEO plugin v20.8 - https:\/\/yoast.com\/wordpress\/plugins\/seo\/ -->\n<title>Est\u00e1 ma\u00f1ana Luis Santiago ser\u00e1 intervenido quir\u00fargicamente por un tumor - La Prensa Cristiana<\/title>\n<meta name=\"robots\" content=\"index, follow, max-snippet:-1, max-image-preview:large, max-video-preview:-1\" \/>\n<link rel=\"canonical\" href=\"https:\/\/laprensacristiana.com\/?p=9710\" \/>\n<meta property=\"og:locale\" content=\"es_ES\" \/>\n<meta property=\"og:type\" content=\"article\" \/>\n<meta property=\"og:title\" content=\"Est\u00e1 ma\u00f1ana Luis Santiago ser\u00e1 intervenido quir\u00fargicamente por un tumor - La Prensa Cristiana\" \/>\n<meta property=\"og:description\" content=\"El d\u00eda lleg\u00f3, el&nbsp; reconocido salmista Luis Santiago anunci\u00f3 en febrero de este a\u00f1o que ser\u00eda intervenido quir\u00fargicamente el pasado 27 de marzo , pero debido a la alerta mundial po la pandemia su cirug\u00eda fue reprogramada y este d\u00eda en unas horas el cantante ser\u00e1 intervino quir\u00fargicamente. Hace varios a\u00f1os Luis Santiago ha sufrido [&hellip;]\" \/>\n<meta property=\"og:url\" content=\"https:\/\/laprensacristiana.com\/?p=9710\" \/>\n<meta property=\"og:site_name\" content=\"La Prensa Cristiana\" \/>\n<meta property=\"article:published_time\" content=\"2020-07-09T17:02:36+00:00\" \/>\n<meta property=\"article:modified_time\" content=\"2020-07-09T19:55:36+00:00\" \/>\n<meta property=\"og:image\" content=\"https:\/\/laprensacristiana.com\/wp-content\/uploads\/2020\/07\/luissantiago300x200.jpg\" \/>\n\t<meta property=\"og:image:width\" content=\"300\" \/>\n\t<meta property=\"og:image:height\" content=\"200\" \/>\n\t<meta property=\"og:image:type\" content=\"image\/jpeg\" \/>\n<meta name=\"author\" content=\"EDITOR\" \/>\n<meta name=\"twitter:card\" content=\"summary_large_image\" \/>\n<meta name=\"twitter:label1\" content=\"Escrito por\" \/>\n\t<meta name=\"twitter:data1\" content=\"EDITOR\" \/>\n\t<meta name=\"twitter:label2\" content=\"Tiempo de lectura\" \/>\n\t<meta name=\"twitter:data2\" content=\"2 minutos\" \/>\n<script type=\"application\/ld+json\" class=\"yoast-schema-graph\">{\"@context\":\"https:\/\/schema.org\",\"@graph\":[{\"@type\":\"WebPage\",\"@id\":\"https:\/\/laprensacristiana.com\/?p=9710\",\"url\":\"https:\/\/laprensacristiana.com\/?p=9710\",\"name\":\"Est\u00e1 ma\u00f1ana Luis Santiago ser\u00e1 intervenido quir\u00fargicamente por un tumor - La Prensa Cristiana\",\"isPartOf\":{\"@id\":\"https:\/\/laprensacristiana.com\/#website\"},\"datePublished\":\"2020-07-09T17:02:36+00:00\",\"dateModified\":\"2020-07-09T19:55:36+00:00\",\"author\":{\"@id\":\"https:\/\/laprensacristiana.com\/#\/schema\/person\/3e7d82c6bfd6b1fa67010f8f7cd5256e\"},\"breadcrumb\":{\"@id\":\"https:\/\/laprensacristiana.com\/?p=9710#breadcrumb\"},\"inLanguage\":\"es\",\"potentialAction\":[{\"@type\":\"ReadAction\",\"target\":[\"https:\/\/laprensacristiana.com\/?p=9710\"]}]},{\"@type\":\"BreadcrumbList\",\"@id\":\"https:\/\/laprensacristiana.com\/?p=9710#breadcrumb\",\"itemListElement\":[{\"@type\":\"ListItem\",\"position\":1,\"name\":\"Portada\",\"item\":\"https:\/\/laprensacristiana.com\/\"},{\"@type\":\"ListItem\",\"position\":2,\"name\":\"Est\u00e1 ma\u00f1ana Luis Santiago ser\u00e1 intervenido quir\u00fargicamente por un tumor\"}]},{\"@type\":\"WebSite\",\"@id\":\"https:\/\/laprensacristiana.com\/#website\",\"url\":\"https:\/\/laprensacristiana.com\/\",\"name\":\"La Prensa Cristiana\",\"description\":\"Anunciando Las Buenas Nuevas\",\"potentialAction\":[{\"@type\":\"SearchAction\",\"target\":{\"@type\":\"EntryPoint\",\"urlTemplate\":\"https:\/\/laprensacristiana.com\/?s={search_term_string}\"},\"query-input\":\"required name=search_term_string\"}],\"inLanguage\":\"es\"},{\"@type\":\"Person\",\"@id\":\"https:\/\/laprensacristiana.com\/#\/schema\/person\/3e7d82c6bfd6b1fa67010f8f7cd5256e\",\"name\":\"EDITOR\",\"image\":{\"@type\":\"ImageObject\",\"inLanguage\":\"es\",\"@id\":\"https:\/\/laprensacristiana.com\/#\/schema\/person\/image\/\",\"url\":\"https:\/\/secure.gravatar.com\/avatar\/72069dfb6c13772d9e8381e3638666d2?s=96&d=mm&r=g\",\"contentUrl\":\"https:\/\/secure.gravatar.com\/avatar\/72069dfb6c13772d9e8381e3638666d2?s=96&d=mm&r=g\",\"caption\":\"EDITOR\"},\"url\":\"https:\/\/laprensacristiana.com\/?author=3\"}]}<\/script>\n<!-- \/ Yoast SEO plugin. -->","yoast_head_json":{"title":"Est\u00e1 ma\u00f1ana Luis Santiago ser\u00e1 intervenido quir\u00fargicamente por un tumor - La Prensa Cristiana","robots":{"index":"index","follow":"follow","max-snippet":"max-snippet:-1","max-image-preview":"max-image-preview:large","max-video-preview":"max-video-preview:-1"},"canonical":"https:\/\/laprensacristiana.com\/?p=9710","og_locale":"es_ES","og_type":"article","og_title":"Est\u00e1 ma\u00f1ana Luis Santiago ser\u00e1 intervenido quir\u00fargicamente por un tumor - La Prensa Cristiana","og_description":"El d\u00eda lleg\u00f3, el&nbsp; reconocido salmista Luis Santiago anunci\u00f3 en febrero de este a\u00f1o que ser\u00eda intervenido quir\u00fargicamente el pasado 27 de marzo , pero debido a la alerta mundial po la pandemia su cirug\u00eda fue reprogramada y este d\u00eda en unas horas el cantante ser\u00e1 intervino quir\u00fargicamente. Hace varios a\u00f1os Luis Santiago ha sufrido [&hellip;]","og_url":"https:\/\/laprensacristiana.com\/?p=9710","og_site_name":"La Prensa Cristiana","article_published_time":"2020-07-09T17:02:36+00:00","article_modified_time":"2020-07-09T19:55:36+00:00","og_image":[{"width":300,"height":200,"url":"https:\/\/laprensacristiana.com\/wp-content\/uploads\/2020\/07\/luissantiago300x200.jpg","type":"image\/jpeg"}],"author":"EDITOR","twitter_card":"summary_large_image","twitter_misc":{"Escrito por":"EDITOR","Tiempo de lectura":"2 minutos"},"schema":{"@context":"https:\/\/schema.org","@graph":[{"@type":"WebPage","@id":"https:\/\/laprensacristiana.com\/?p=9710","url":"https:\/\/laprensacristiana.com\/?p=9710","name":"Est\u00e1 ma\u00f1ana Luis Santiago ser\u00e1 intervenido quir\u00fargicamente por un tumor - La Prensa Cristiana","isPartOf":{"@id":"https:\/\/laprensacristiana.com\/#website"},"datePublished":"2020-07-09T17:02:36+00:00","dateModified":"2020-07-09T19:55:36+00:00","author":{"@id":"https:\/\/laprensacristiana.com\/#\/schema\/person\/3e7d82c6bfd6b1fa67010f8f7cd5256e"},"breadcrumb":{"@id":"https:\/\/laprensacristiana.com\/?p=9710#breadcrumb"},"inLanguage":"es","potentialAction":[{"@type":"ReadAction","target":["https:\/\/laprensacristiana.com\/?p=9710"]}]},{"@type":"BreadcrumbList","@id":"https:\/\/laprensacristiana.com\/?p=9710#breadcrumb","itemListElement":[{"@type":"ListItem","position":1,"name":"Portada","item":"https:\/\/laprensacristiana.com\/"},{"@type":"ListItem","position":2,"name":"Est\u00e1 ma\u00f1ana Luis Santiago ser\u00e1 intervenido quir\u00fargicamente por un tumor"}]},{"@type":"WebSite","@id":"https:\/\/laprensacristiana.com\/#website","url":"https:\/\/laprensacristiana.com\/","name":"La Prensa Cristiana","description":"Anunciando Las Buenas Nuevas","potentialAction":[{"@type":"SearchAction","target":{"@type":"EntryPoint","urlTemplate":"https:\/\/laprensacristiana.com\/?s={search_term_string}"},"query-input":"required name=search_term_string"}],"inLanguage":"es"},{"@type":"Person","@id":"https:\/\/laprensacristiana.com\/#\/schema\/person\/3e7d82c6bfd6b1fa67010f8f7cd5256e","name":"EDITOR","image":{"@type":"ImageObject","inLanguage":"es","@id":"https:\/\/laprensacristiana.com\/#\/schema\/person\/image\/","url":"https:\/\/secure.gravatar.com\/avatar\/72069dfb6c13772d9e8381e3638666d2?s=96&d=mm&r=g","contentUrl":"https:\/\/secure.gravatar.com\/avatar\/72069dfb6c13772d9e8381e3638666d2?s=96&d=mm&r=g","caption":"EDITOR"},"url":"https:\/\/laprensacristiana.com\/?author=3"}]}},"_links":{"self":[{"href":"https:\/\/laprensacristiana.com\/index.php?rest_route=\/wp\/v2\/posts\/9710"}],"collection":[{"href":"https:\/\/laprensacristiana.com\/index.php?rest_route=\/wp\/v2\/posts"}],"about":[{"href":"https:\/\/laprensacristiana.com\/index.php?rest_route=\/wp\/v2\/types\/post"}],"author":[{"embeddable":true,"href":"https:\/\/laprensacristiana.com\/index.php?rest_route=\/wp\/v2\/users\/3"}],"replies":[{"embeddable":true,"href":"https:\/\/laprensacristiana.com\/index.php?rest_route=%2Fwp%2Fv2%2Fcomments&post=9710"}],"version-history":[{"count":1,"href":"https:\/\/laprensacristiana.com\/index.php?rest_route=\/wp\/v2\/posts\/9710\/revisions"}],"predecessor-version":[{"id":9711,"href":"https:\/\/laprensacristiana.com\/index.php?rest_route=\/wp\/v2\/posts\/9710\/revisions\/9711"}],"wp:featuredmedia":[{"embeddable":true,"href":"https:\/\/laprensacristiana.com\/index.php?rest_route=\/wp\/v2\/media\/9714"}],"wp:attachment":[{"href":"https:\/\/laprensacristiana.com\/index.php?rest_route=%2Fwp%2Fv2%2Fmedia&parent=9710"}],"wp:term":[{"taxonomy":"category","embeddable":true,"href":"https:\/\/laprensacristiana.com\/index.php?rest_route=%2Fwp%2Fv2%2Fcategories&post=9710"},{"taxonomy":"post_tag","embeddable":true,"href":"https:\/\/laprensacristiana.com\/index.php?rest_route=%2Fwp%2Fv2%2Ftags&post=9710"}],"curies":[{"name":"wp","href":"https:\/\/api.w.org\/{rel}","templated":true}]}}