{"id":9719,"date":"2020-07-10T20:02:11","date_gmt":"2020-07-10T20:02:11","guid":{"rendered":"https:\/\/laprensacristiana.com\/?p=9719"},"modified":"2020-07-10T20:02:15","modified_gmt":"2020-07-10T20:02:15","slug":"el-evangelio-de-resta","status":"publish","type":"post","link":"https:\/\/laprensacristiana.com\/?p=9719","title":{"rendered":"El evangelio de resta"},"content":{"rendered":"\n<p>Yo nac\u00ed y crec\u00ed en el Evangelio bajo la batuta del Dr. R\u00edos. Un hombre de Dios que nos ense\u00f1\u00f2 la Palabra tan profundamente que a\u00f1os despu\u00e9s, hablando con mi esposa, repetimos muchas veces sus dichos y ense\u00f1anzas. Honro su memoria. Fue un predicador tan profundo que marc\u00f3 la vida de una generaci\u00f3n que hoy son pastores de renombre y de car\u00e1cter para el Reino de Dios.<\/p>\n\n\n\n<p>Pero solamente nos ense\u00f1\u00f2 el Evangelio de resta. Nunca de suma y agrega. Nos ense\u00f1\u00f2 a quitarnos las manchas del pecado en nuestras vidas, a vestirnos con manga larga y pantal\u00f3n oscuro. Nada de colores vibrantes que llamaran a la lujuria. Nos ense\u00f1\u00f2 a ser serios y recatados. A las mujeres les ense\u00f1\u00f2 a nunca cortarse el cabello. Mientras m\u00e0s largo, m\u00e0s santas. Nada de maquillaje porque eso despertaba lascivia y solo lo usaban las egipcias. El futbol era deporte del Diablo as\u00ed como la televisi\u00f3n. \u00bfM\u00f9sica? Solo himnos de hacia cien a\u00f1os. Us\u00e1bamos un himnario con p\u00e1ginas blancas, azules, celestes y amarillas. Cada coro tenia su propio color. Ah, y solo se usaban las palmas de las manos. Era el evangelio de resta. Qu\u00ectate esto, qu\u00edtate lo otro. El oro era del infierno, qu\u00edtese esos aritos hermana. El reloj de mu\u00f1eca no le agradaba al Se\u00f1or. Las hermanas, mientras m\u00e0s serias y duras, m\u00e0s santas.<\/p>\n\n\n\n<p>Y as\u00ed crecimos muchos. Nunca nos ense\u00f1\u00f2 a agregar algo. De manera que nos fuimos creyendo m\u00e0s que los dem\u00e1s. Nuestra congregaci\u00f3n era la sucursal del Cielo en la tierra. Los dem\u00e1s eran del Diablo. No hac\u00edamos amigos, ni les habl\u00e1bamos para que no nos contaminaran. \u00c8ramos el ep\u00edtome de la pureza. Pero nunca le agregamos nada a nuestras vidas. Nos ense\u00f1aron un Evangelio seco, arrugado como papiro y con la \u00f9nica visi\u00f2n de vivir con la cabeza y el cuerpo metidos en el cielo que era nuestro hogar.<\/p>\n\n\n\n<p>S\u00ec, \u00e8ramos temerosos de Dios, como los pros\u00e9litos del primer siglo, pero no lo conoc\u00edamos verdaderamente porque no nos hab\u00edan ense\u00f1ado a ser gentiles, amables y agregar algo a nuestro conocimiento teol\u00f3gico. Nos hab\u00edamos vuelto expertos en la vida apocal\u00edptica, nos conoc\u00edamos como era la Espada de Dos filos, quien era el Anciano de D\u00ecas y como era la Bestia que hab\u00eda de venir por los pecadores del mundo. Nos ense\u00f1aron a sentir las llamas del infierno bajo nuestros pies cuando ca\u00edamos en alg\u00fan pecado. \u00bfEnamorarse? \u00a1\u00a1uuuyy no!!, no hab\u00eda tiempo para el amor, mucho menos para tener esposa e hijos porque el Se\u00f1or ya estaba a la vuelta de la esquina. Nos robaron el privilegio de vivir, de gozar los bienes de este mundo, porque para aquel tiempo y aquel maestro que nos engendr\u00f3 para Cristo nos dijeron que todo era pecado. El mar, la playa, las ferias del barrio, la rueda de Chicago eran del infierno. Todo era del Diablo. Nada era de Dios y sus hijos.<\/p>\n\n\n\n<p>Hasta que conocimos la otra cara de la moneda. Aprendimos que re\u00edrnos con una buena y santa carcajada no es pecado. Aprendimos a creer en la Palabra de Dios y no en la de un hombre. Jesus nos ense\u00f1\u00f2 que los colores de la vida son alegres, vibrantes y que es emocionante creer en un Dios que quiere sorprendernos. En un Dios que nos aparece de pronto en los lugares menos esperados como a Mois\u00e9s. Nos ense\u00f1\u00f2 a hacer buenos amigos, a estrecharnos las manos, a darnos un buen abrazo de amistad sincera, nos ense\u00f1\u00f2 a amar a otros, a respetarlos y creer que nuestro Dios tambi\u00e9n es su Dios. Nos ense\u00f1\u00f2 a regalarle perd\u00f3n a los que nos lastiman y traicionan. Jesus nos instruy\u00f3 en el camino de la fe que hasta hoy vivimos en \u00e8l. Nos ense\u00f1\u00f2 que los hombres tambi\u00e9n pueden y deben expresar el cari\u00f1o y sobre todo nos ense\u00f1\u00f2 a decir \u201cte amo\u201d sin que eso signifique sexo.<\/p>\n\n\n\n<p>Jesus lleg\u00f3 a nuestras vidas y mi esposa empez\u00f3 a darse cuenta que maquillarse, arreglarse el cabello y sonre\u00edr debidamente no era de las egipcias sino de las hijas de Dios como Esther, como Ruth, como las mujeres de la Biblia, yo empec\u00e9 a conocer un estilo de vida diferente, le empec\u00e9 a agregar a mi fe el privilegio de invitar a tomar un caf\u00e9 a alg\u00fan amigo con quien compartir la Palabra y los milagros que Dios estaba haciendo en nuestras vidas. Empezamos a conocer que pod\u00edamos invitar a alguien a almorzar a nuestra casa sin que fu\u00e9ramos contaminados con nada porque lo que contamina es lo que sale del coraz\u00f3n y no lo que entra al est\u00f3mago. Jesus transform\u00f3 nuestra creencia de que no \u00e8ramos dignos de disfrutar un buen traje, un buen par de zapatos de otro color que no fuera negro o caf\u00e9. Agregamos a nuestro conocimiento de la Palabra el privilegio de disfrutar de un buen asado Angus y que eso no era solo para los imp\u00edos del mundo. Supimos que Dios lo hab\u00eda hecho para nosotros sus herederos. El evangelio de resta hab\u00eda quedado atr\u00e0s. Ahora entendimos que hay que agregarle a la fe de ser salvos, una buena tajada de alegr\u00eda y emoci\u00f3n por la vida nueva.<\/p>\n\n\n\n<p>Con el Esp\u00edritu Santo aprendimos que hay que agregarle algo m\u00e0s a la Santidad. Y entonces comprend\u00ed lo que dijo Pedro: \u201ca\u00f1adid a vuestra fe\u2026\u201d Eso creo y eso ense\u00f1o.<\/p>\n\n\n\n<p>SOLI DEO GLORIA<\/p>\n","protected":false},"excerpt":{"rendered":"<p>Yo nac\u00ed y crec\u00ed en el Evangelio bajo la batuta del Dr. R\u00edos. Un hombre de Dios que nos ense\u00f1\u00f2 la Palabra tan profundamente que a\u00f1os despu\u00e9s, hablando con mi esposa, repetimos muchas veces sus dichos y ense\u00f1anzas. Honro su memoria. Fue un predicador tan profundo que marc\u00f3 la vida de una generaci\u00f3n que hoy [&hellip;]<\/p>\n","protected":false},"author":3,"featured_media":7949,"comment_status":"open","ping_status":"open","sticky":false,"template":"","format":"standard","meta":[],"categories":[36],"tags":[],"yoast_head":"<!-- This site is optimized with the Yoast SEO plugin v20.8 - https:\/\/yoast.com\/wordpress\/plugins\/seo\/ -->\n<title>El evangelio de resta - La Prensa Cristiana<\/title>\n<meta name=\"robots\" content=\"index, follow, max-snippet:-1, max-image-preview:large, max-video-preview:-1\" \/>\n<link rel=\"canonical\" href=\"https:\/\/laprensacristiana.com\/?p=9719\" \/>\n<meta property=\"og:locale\" content=\"es_ES\" \/>\n<meta property=\"og:type\" content=\"article\" \/>\n<meta property=\"og:title\" content=\"El evangelio de resta - La Prensa Cristiana\" \/>\n<meta property=\"og:description\" content=\"Yo nac\u00ed y crec\u00ed en el Evangelio bajo la batuta del Dr. R\u00edos. Un hombre de Dios que nos ense\u00f1\u00f2 la Palabra tan profundamente que a\u00f1os despu\u00e9s, hablando con mi esposa, repetimos muchas veces sus dichos y ense\u00f1anzas. Honro su memoria. Fue un predicador tan profundo que marc\u00f3 la vida de una generaci\u00f3n que hoy [&hellip;]\" \/>\n<meta property=\"og:url\" content=\"https:\/\/laprensacristiana.com\/?p=9719\" \/>\n<meta property=\"og:site_name\" content=\"La Prensa Cristiana\" \/>\n<meta property=\"article:published_time\" content=\"2020-07-10T20:02:11+00:00\" \/>\n<meta property=\"article:modified_time\" content=\"2020-07-10T20:02:15+00:00\" \/>\n<meta property=\"og:image\" content=\"https:\/\/laprensacristiana.com\/wp-content\/uploads\/2020\/01\/2017-11-23-PHOTO-00003245-1.jpg\" \/>\n\t<meta property=\"og:image:width\" content=\"1280\" \/>\n\t<meta property=\"og:image:height\" content=\"714\" \/>\n\t<meta property=\"og:image:type\" content=\"image\/jpeg\" \/>\n<meta name=\"author\" content=\"EDITOR\" \/>\n<meta name=\"twitter:card\" content=\"summary_large_image\" \/>\n<meta name=\"twitter:label1\" content=\"Escrito por\" \/>\n\t<meta name=\"twitter:data1\" content=\"EDITOR\" \/>\n\t<meta name=\"twitter:label2\" content=\"Tiempo de lectura\" \/>\n\t<meta name=\"twitter:data2\" content=\"5 minutos\" \/>\n<script type=\"application\/ld+json\" class=\"yoast-schema-graph\">{\"@context\":\"https:\/\/schema.org\",\"@graph\":[{\"@type\":\"WebPage\",\"@id\":\"https:\/\/laprensacristiana.com\/?p=9719\",\"url\":\"https:\/\/laprensacristiana.com\/?p=9719\",\"name\":\"El evangelio de resta - La Prensa Cristiana\",\"isPartOf\":{\"@id\":\"https:\/\/laprensacristiana.com\/#website\"},\"datePublished\":\"2020-07-10T20:02:11+00:00\",\"dateModified\":\"2020-07-10T20:02:15+00:00\",\"author\":{\"@id\":\"https:\/\/laprensacristiana.com\/#\/schema\/person\/3e7d82c6bfd6b1fa67010f8f7cd5256e\"},\"breadcrumb\":{\"@id\":\"https:\/\/laprensacristiana.com\/?p=9719#breadcrumb\"},\"inLanguage\":\"es\",\"potentialAction\":[{\"@type\":\"ReadAction\",\"target\":[\"https:\/\/laprensacristiana.com\/?p=9719\"]}]},{\"@type\":\"BreadcrumbList\",\"@id\":\"https:\/\/laprensacristiana.com\/?p=9719#breadcrumb\",\"itemListElement\":[{\"@type\":\"ListItem\",\"position\":1,\"name\":\"Portada\",\"item\":\"https:\/\/laprensacristiana.com\/\"},{\"@type\":\"ListItem\",\"position\":2,\"name\":\"El evangelio de resta\"}]},{\"@type\":\"WebSite\",\"@id\":\"https:\/\/laprensacristiana.com\/#website\",\"url\":\"https:\/\/laprensacristiana.com\/\",\"name\":\"La Prensa Cristiana\",\"description\":\"Anunciando Las Buenas Nuevas\",\"potentialAction\":[{\"@type\":\"SearchAction\",\"target\":{\"@type\":\"EntryPoint\",\"urlTemplate\":\"https:\/\/laprensacristiana.com\/?s={search_term_string}\"},\"query-input\":\"required name=search_term_string\"}],\"inLanguage\":\"es\"},{\"@type\":\"Person\",\"@id\":\"https:\/\/laprensacristiana.com\/#\/schema\/person\/3e7d82c6bfd6b1fa67010f8f7cd5256e\",\"name\":\"EDITOR\",\"image\":{\"@type\":\"ImageObject\",\"inLanguage\":\"es\",\"@id\":\"https:\/\/laprensacristiana.com\/#\/schema\/person\/image\/\",\"url\":\"https:\/\/secure.gravatar.com\/avatar\/72069dfb6c13772d9e8381e3638666d2?s=96&d=mm&r=g\",\"contentUrl\":\"https:\/\/secure.gravatar.com\/avatar\/72069dfb6c13772d9e8381e3638666d2?s=96&d=mm&r=g\",\"caption\":\"EDITOR\"},\"url\":\"https:\/\/laprensacristiana.com\/?author=3\"}]}<\/script>\n<!-- \/ Yoast SEO plugin. -->","yoast_head_json":{"title":"El evangelio de resta - La Prensa Cristiana","robots":{"index":"index","follow":"follow","max-snippet":"max-snippet:-1","max-image-preview":"max-image-preview:large","max-video-preview":"max-video-preview:-1"},"canonical":"https:\/\/laprensacristiana.com\/?p=9719","og_locale":"es_ES","og_type":"article","og_title":"El evangelio de resta - La Prensa Cristiana","og_description":"Yo nac\u00ed y crec\u00ed en el Evangelio bajo la batuta del Dr. R\u00edos. Un hombre de Dios que nos ense\u00f1\u00f2 la Palabra tan profundamente que a\u00f1os despu\u00e9s, hablando con mi esposa, repetimos muchas veces sus dichos y ense\u00f1anzas. Honro su memoria. Fue un predicador tan profundo que marc\u00f3 la vida de una generaci\u00f3n que hoy [&hellip;]","og_url":"https:\/\/laprensacristiana.com\/?p=9719","og_site_name":"La Prensa Cristiana","article_published_time":"2020-07-10T20:02:11+00:00","article_modified_time":"2020-07-10T20:02:15+00:00","og_image":[{"width":1280,"height":714,"url":"https:\/\/laprensacristiana.com\/wp-content\/uploads\/2020\/01\/2017-11-23-PHOTO-00003245-1.jpg","type":"image\/jpeg"}],"author":"EDITOR","twitter_card":"summary_large_image","twitter_misc":{"Escrito por":"EDITOR","Tiempo de lectura":"5 minutos"},"schema":{"@context":"https:\/\/schema.org","@graph":[{"@type":"WebPage","@id":"https:\/\/laprensacristiana.com\/?p=9719","url":"https:\/\/laprensacristiana.com\/?p=9719","name":"El evangelio de resta - La Prensa Cristiana","isPartOf":{"@id":"https:\/\/laprensacristiana.com\/#website"},"datePublished":"2020-07-10T20:02:11+00:00","dateModified":"2020-07-10T20:02:15+00:00","author":{"@id":"https:\/\/laprensacristiana.com\/#\/schema\/person\/3e7d82c6bfd6b1fa67010f8f7cd5256e"},"breadcrumb":{"@id":"https:\/\/laprensacristiana.com\/?p=9719#breadcrumb"},"inLanguage":"es","potentialAction":[{"@type":"ReadAction","target":["https:\/\/laprensacristiana.com\/?p=9719"]}]},{"@type":"BreadcrumbList","@id":"https:\/\/laprensacristiana.com\/?p=9719#breadcrumb","itemListElement":[{"@type":"ListItem","position":1,"name":"Portada","item":"https:\/\/laprensacristiana.com\/"},{"@type":"ListItem","position":2,"name":"El evangelio de resta"}]},{"@type":"WebSite","@id":"https:\/\/laprensacristiana.com\/#website","url":"https:\/\/laprensacristiana.com\/","name":"La Prensa Cristiana","description":"Anunciando Las Buenas Nuevas","potentialAction":[{"@type":"SearchAction","target":{"@type":"EntryPoint","urlTemplate":"https:\/\/laprensacristiana.com\/?s={search_term_string}"},"query-input":"required name=search_term_string"}],"inLanguage":"es"},{"@type":"Person","@id":"https:\/\/laprensacristiana.com\/#\/schema\/person\/3e7d82c6bfd6b1fa67010f8f7cd5256e","name":"EDITOR","image":{"@type":"ImageObject","inLanguage":"es","@id":"https:\/\/laprensacristiana.com\/#\/schema\/person\/image\/","url":"https:\/\/secure.gravatar.com\/avatar\/72069dfb6c13772d9e8381e3638666d2?s=96&d=mm&r=g","contentUrl":"https:\/\/secure.gravatar.com\/avatar\/72069dfb6c13772d9e8381e3638666d2?s=96&d=mm&r=g","caption":"EDITOR"},"url":"https:\/\/laprensacristiana.com\/?author=3"}]}},"_links":{"self":[{"href":"https:\/\/laprensacristiana.com\/index.php?rest_route=\/wp\/v2\/posts\/9719"}],"collection":[{"href":"https:\/\/laprensacristiana.com\/index.php?rest_route=\/wp\/v2\/posts"}],"about":[{"href":"https:\/\/laprensacristiana.com\/index.php?rest_route=\/wp\/v2\/types\/post"}],"author":[{"embeddable":true,"href":"https:\/\/laprensacristiana.com\/index.php?rest_route=\/wp\/v2\/users\/3"}],"replies":[{"embeddable":true,"href":"https:\/\/laprensacristiana.com\/index.php?rest_route=%2Fwp%2Fv2%2Fcomments&post=9719"}],"version-history":[{"count":1,"href":"https:\/\/laprensacristiana.com\/index.php?rest_route=\/wp\/v2\/posts\/9719\/revisions"}],"predecessor-version":[{"id":9720,"href":"https:\/\/laprensacristiana.com\/index.php?rest_route=\/wp\/v2\/posts\/9719\/revisions\/9720"}],"wp:featuredmedia":[{"embeddable":true,"href":"https:\/\/laprensacristiana.com\/index.php?rest_route=\/wp\/v2\/media\/7949"}],"wp:attachment":[{"href":"https:\/\/laprensacristiana.com\/index.php?rest_route=%2Fwp%2Fv2%2Fmedia&parent=9719"}],"wp:term":[{"taxonomy":"category","embeddable":true,"href":"https:\/\/laprensacristiana.com\/index.php?rest_route=%2Fwp%2Fv2%2Fcategories&post=9719"},{"taxonomy":"post_tag","embeddable":true,"href":"https:\/\/laprensacristiana.com\/index.php?rest_route=%2Fwp%2Fv2%2Ftags&post=9719"}],"curies":[{"name":"wp","href":"https:\/\/api.w.org\/{rel}","templated":true}]}}