{"id":9730,"date":"2020-07-11T17:26:57","date_gmt":"2020-07-11T17:26:57","guid":{"rendered":"https:\/\/laprensacristiana.com\/?p=9730"},"modified":"2020-07-11T17:27:00","modified_gmt":"2020-07-11T17:27:00","slug":"facelle-el-evangelista-morris-cerullo-debido-a-una-neumonia","status":"publish","type":"post","link":"https:\/\/laprensacristiana.com\/?p=9730","title":{"rendered":"Facelle el evangelista Morris Cerullo debido a una neumon\u00eda"},"content":{"rendered":"\n<p>En sus redes sociales esta ma\u00f1ana se di\u00f3 a conocer el deceso del evangelista Morris Cerullo, durante unos d\u00edas miles de personas se unieron para pedir por la vida del evangelista y su pronta sanidad.<\/p>\n\n\n\n<p>\u00bfQuien era Morris Cerullo?<\/p>\n\n\n\n<figure class=\"wp-block-gallery columns-1 is-cropped wp-block-gallery-1 is-layout-flex\"><ul class=\"blocks-gallery-grid\"><li class=\"blocks-gallery-item\"><figure><img decoding=\"async\" loading=\"lazy\" width=\"529\" height=\"400\" src=\"https:\/\/laprensacristiana.com\/wp-content\/uploads\/2020\/07\/mc_about-1200x600-800x4002-1.jpg\" alt=\"\" data-id=\"9731\" data-full-url=\"https:\/\/laprensacristiana.com\/wp-content\/uploads\/2020\/07\/mc_about-1200x600-800x4002-1.jpg\" data-link=\"https:\/\/laprensacristiana.com\/?attachment_id=9731\" class=\"wp-image-9731\" srcset=\"https:\/\/laprensacristiana.com\/wp-content\/uploads\/2020\/07\/mc_about-1200x600-800x4002-1.jpg 529w, https:\/\/laprensacristiana.com\/wp-content\/uploads\/2020\/07\/mc_about-1200x600-800x4002-1-300x227.jpg 300w\" sizes=\"(max-width: 529px) 100vw, 529px\" \/><\/figure><\/li><\/ul><figcaption class=\"blocks-gallery-caption\">Fotograf\u00eda:  Morris Cerullo World Evangelism<\/figcaption><\/figure>\n\n\n\n<p>El Dr. Morris Cerullo era un evangelista de renombre mundial y el presidente de Morris Cerullo World Evangelism, fundado en 1961.<\/p>\n\n\n\n<p>Viaj\u00f3 a las naciones en desarrollo del mundo durante m\u00e1s de siete d\u00e9cadas. Ministrando en 93 naciones, m\u00e1s de 400 ciudades,&nbsp; 7 continentes, alcanzando a millones de personas.<\/p>\n\n\n\n<p>Dedic\u00f3 su vida a ayudar a las personas lastimadas y cada a\u00f1o viajaba m\u00e1s de 250,000 millas para ministrar curaci\u00f3n y salvaci\u00f3n al mundo.<\/p>\n\n\n\n<figure class=\"wp-block-gallery columns-1 is-cropped wp-block-gallery-3 is-layout-flex\"><ul class=\"blocks-gallery-grid\"><li class=\"blocks-gallery-item\"><figure><img decoding=\"async\" loading=\"lazy\" width=\"635\" height=\"313\" src=\"https:\/\/laprensacristiana.com\/wp-content\/uploads\/2020\/07\/helpline.jpg\" alt=\"\" data-id=\"9732\" data-full-url=\"https:\/\/laprensacristiana.com\/wp-content\/uploads\/2020\/07\/helpline.jpg\" data-link=\"https:\/\/laprensacristiana.com\/?attachment_id=9732\" class=\"wp-image-9732\" srcset=\"https:\/\/laprensacristiana.com\/wp-content\/uploads\/2020\/07\/helpline.jpg 635w, https:\/\/laprensacristiana.com\/wp-content\/uploads\/2020\/07\/helpline-300x148.jpg 300w, https:\/\/laprensacristiana.com\/wp-content\/uploads\/2020\/07\/helpline-600x296.jpg 600w\" sizes=\"(max-width: 635px) 100vw, 635px\" \/><\/figure><\/li><\/ul><figcaption class=\"blocks-gallery-caption\">Fotograf\u00eda: Morris Cerullo World Evangelism<\/figcaption><\/figure>\n\n\n\n<p>El Dr. Morris Cerullo fue criado en un orfanato jud\u00edo ortodoxo en Nueva Jersey hasta la edad de 14 a\u00f1os y medio cuando entreg\u00f3 su vida a Cristo.<\/p>\n\n\n\n<p>A los 17 a\u00f1os, recibi\u00f3 una beca y se gradu\u00f3 de la Escuela B\u00edblica Metropolitana de Nueva York en Suffern, Nueva York.<\/p>\n\n\n\n<p>Despu\u00e9s de ocho a\u00f1os de ministerio, realiz\u00f3 su primer viaje misionero en el extranjero a Grecia, y es ah\u00ed que naci\u00f3 su ministerio internacional.<\/p>\n\n\n\n<figure class=\"wp-block-image size-large\"><img decoding=\"async\" loading=\"lazy\" width=\"294\" height=\"448\" src=\"https:\/\/laprensacristiana.com\/wp-content\/uploads\/2020\/07\/mc-miriam.jpg\" alt=\"\" class=\"wp-image-9734\" srcset=\"https:\/\/laprensacristiana.com\/wp-content\/uploads\/2020\/07\/mc-miriam.jpg 294w, https:\/\/laprensacristiana.com\/wp-content\/uploads\/2020\/07\/mc-miriam-197x300.jpg 197w\" sizes=\"(max-width: 294px) 100vw, 294px\" \/><figcaption>Fotograf\u00eda: Morris Cerullo World Evangelism<\/figcaption><\/figure>\n\n\n\n<p>Para el Dr. Morris la clave para llegar al mundo era entrenar a los nacionales para llegar a su propia gente. Esta visi\u00f3n y llamado espec\u00edfico de Dios result\u00f3 en millones de ministros cristianos levantados para llegar a sus naciones.<\/p>\n\n\n\n<p>El fruto de los esfuerzos del Dr. Cerullo ha circulado por el mundo y ser\u00e1 atesorado para siempre por las millones de vidas que ha tocado.<\/p>\n\n\n\n<p>MCWE ha brindado ayuda a Etiop\u00eda, asistencia m\u00e9dica en \u00c1frica Oriental y ayud\u00f3 a construir m\u00faltiples orfanatos en M\u00e9xico.<\/p>\n\n\n\n<p>Tambi\u00e9n brindaron cada a\u00f1o becas a los futuros estudiantes cristianos en todo el mundo para que asistieran a clases de capacitaci\u00f3n ministerial.<\/p>\n\n\n\n<p>Ahora miles de personas alrededor del mundo recuerdan su vida, ministerio y legado.<\/p>\n","protected":false},"excerpt":{"rendered":"<p>En sus redes sociales esta ma\u00f1ana se di\u00f3 a conocer el deceso del evangelista Morris Cerullo, durante unos d\u00edas miles de personas se unieron para pedir por la vida del evangelista y su pronta sanidad. \u00bfQuien era Morris Cerullo? El Dr. Morris Cerullo era un evangelista de renombre mundial y el presidente de Morris Cerullo [&hellip;]<\/p>\n","protected":false},"author":3,"featured_media":9733,"comment_status":"open","ping_status":"open","sticky":false,"template":"","format":"standard","meta":[],"categories":[56],"tags":[],"yoast_head":"<!-- This site is optimized with the Yoast SEO plugin v20.8 - https:\/\/yoast.com\/wordpress\/plugins\/seo\/ -->\n<title>Facelle el evangelista Morris Cerullo debido a una neumon\u00eda - La Prensa Cristiana<\/title>\n<meta name=\"robots\" content=\"index, follow, max-snippet:-1, max-image-preview:large, max-video-preview:-1\" \/>\n<link rel=\"canonical\" href=\"https:\/\/laprensacristiana.com\/?p=9730\" \/>\n<meta property=\"og:locale\" content=\"es_ES\" \/>\n<meta property=\"og:type\" content=\"article\" \/>\n<meta property=\"og:title\" content=\"Facelle el evangelista Morris Cerullo debido a una neumon\u00eda - La Prensa Cristiana\" \/>\n<meta property=\"og:description\" content=\"En sus redes sociales esta ma\u00f1ana se di\u00f3 a conocer el deceso del evangelista Morris Cerullo, durante unos d\u00edas miles de personas se unieron para pedir por la vida del evangelista y su pronta sanidad. \u00bfQuien era Morris Cerullo? El Dr. Morris Cerullo era un evangelista de renombre mundial y el presidente de Morris Cerullo [&hellip;]\" \/>\n<meta property=\"og:url\" content=\"https:\/\/laprensacristiana.com\/?p=9730\" \/>\n<meta property=\"og:site_name\" content=\"La Prensa Cristiana\" \/>\n<meta property=\"article:published_time\" content=\"2020-07-11T17:26:57+00:00\" \/>\n<meta property=\"article:modified_time\" content=\"2020-07-11T17:27:00+00:00\" \/>\n<meta property=\"og:image\" content=\"https:\/\/laprensacristiana.com\/wp-content\/uploads\/2020\/07\/FB_IMG_1594481003225.jpg\" \/>\n\t<meta property=\"og:image:width\" content=\"503\" \/>\n\t<meta property=\"og:image:height\" content=\"504\" \/>\n\t<meta property=\"og:image:type\" content=\"image\/jpeg\" \/>\n<meta name=\"author\" content=\"EDITOR\" \/>\n<meta name=\"twitter:card\" content=\"summary_large_image\" \/>\n<meta name=\"twitter:label1\" content=\"Escrito por\" \/>\n\t<meta name=\"twitter:data1\" content=\"EDITOR\" \/>\n\t<meta name=\"twitter:label2\" content=\"Tiempo de lectura\" \/>\n\t<meta name=\"twitter:data2\" content=\"2 minutos\" \/>\n<script type=\"application\/ld+json\" class=\"yoast-schema-graph\">{\"@context\":\"https:\/\/schema.org\",\"@graph\":[{\"@type\":\"WebPage\",\"@id\":\"https:\/\/laprensacristiana.com\/?p=9730\",\"url\":\"https:\/\/laprensacristiana.com\/?p=9730\",\"name\":\"Facelle el evangelista Morris Cerullo debido a una neumon\u00eda - La Prensa Cristiana\",\"isPartOf\":{\"@id\":\"https:\/\/laprensacristiana.com\/#website\"},\"datePublished\":\"2020-07-11T17:26:57+00:00\",\"dateModified\":\"2020-07-11T17:27:00+00:00\",\"author\":{\"@id\":\"https:\/\/laprensacristiana.com\/#\/schema\/person\/3e7d82c6bfd6b1fa67010f8f7cd5256e\"},\"breadcrumb\":{\"@id\":\"https:\/\/laprensacristiana.com\/?p=9730#breadcrumb\"},\"inLanguage\":\"es\",\"potentialAction\":[{\"@type\":\"ReadAction\",\"target\":[\"https:\/\/laprensacristiana.com\/?p=9730\"]}]},{\"@type\":\"BreadcrumbList\",\"@id\":\"https:\/\/laprensacristiana.com\/?p=9730#breadcrumb\",\"itemListElement\":[{\"@type\":\"ListItem\",\"position\":1,\"name\":\"Portada\",\"item\":\"https:\/\/laprensacristiana.com\/\"},{\"@type\":\"ListItem\",\"position\":2,\"name\":\"Facelle el evangelista Morris Cerullo debido a una neumon\u00eda\"}]},{\"@type\":\"WebSite\",\"@id\":\"https:\/\/laprensacristiana.com\/#website\",\"url\":\"https:\/\/laprensacristiana.com\/\",\"name\":\"La Prensa Cristiana\",\"description\":\"Anunciando Las Buenas Nuevas\",\"potentialAction\":[{\"@type\":\"SearchAction\",\"target\":{\"@type\":\"EntryPoint\",\"urlTemplate\":\"https:\/\/laprensacristiana.com\/?s={search_term_string}\"},\"query-input\":\"required name=search_term_string\"}],\"inLanguage\":\"es\"},{\"@type\":\"Person\",\"@id\":\"https:\/\/laprensacristiana.com\/#\/schema\/person\/3e7d82c6bfd6b1fa67010f8f7cd5256e\",\"name\":\"EDITOR\",\"image\":{\"@type\":\"ImageObject\",\"inLanguage\":\"es\",\"@id\":\"https:\/\/laprensacristiana.com\/#\/schema\/person\/image\/\",\"url\":\"https:\/\/secure.gravatar.com\/avatar\/72069dfb6c13772d9e8381e3638666d2?s=96&d=mm&r=g\",\"contentUrl\":\"https:\/\/secure.gravatar.com\/avatar\/72069dfb6c13772d9e8381e3638666d2?s=96&d=mm&r=g\",\"caption\":\"EDITOR\"},\"url\":\"https:\/\/laprensacristiana.com\/?author=3\"}]}<\/script>\n<!-- \/ Yoast SEO plugin. -->","yoast_head_json":{"title":"Facelle el evangelista Morris Cerullo debido a una neumon\u00eda - La Prensa Cristiana","robots":{"index":"index","follow":"follow","max-snippet":"max-snippet:-1","max-image-preview":"max-image-preview:large","max-video-preview":"max-video-preview:-1"},"canonical":"https:\/\/laprensacristiana.com\/?p=9730","og_locale":"es_ES","og_type":"article","og_title":"Facelle el evangelista Morris Cerullo debido a una neumon\u00eda - La Prensa Cristiana","og_description":"En sus redes sociales esta ma\u00f1ana se di\u00f3 a conocer el deceso del evangelista Morris Cerullo, durante unos d\u00edas miles de personas se unieron para pedir por la vida del evangelista y su pronta sanidad. \u00bfQuien era Morris Cerullo? El Dr. Morris Cerullo era un evangelista de renombre mundial y el presidente de Morris Cerullo [&hellip;]","og_url":"https:\/\/laprensacristiana.com\/?p=9730","og_site_name":"La Prensa Cristiana","article_published_time":"2020-07-11T17:26:57+00:00","article_modified_time":"2020-07-11T17:27:00+00:00","og_image":[{"width":503,"height":504,"url":"https:\/\/laprensacristiana.com\/wp-content\/uploads\/2020\/07\/FB_IMG_1594481003225.jpg","type":"image\/jpeg"}],"author":"EDITOR","twitter_card":"summary_large_image","twitter_misc":{"Escrito por":"EDITOR","Tiempo de lectura":"2 minutos"},"schema":{"@context":"https:\/\/schema.org","@graph":[{"@type":"WebPage","@id":"https:\/\/laprensacristiana.com\/?p=9730","url":"https:\/\/laprensacristiana.com\/?p=9730","name":"Facelle el evangelista Morris Cerullo debido a una neumon\u00eda - La Prensa Cristiana","isPartOf":{"@id":"https:\/\/laprensacristiana.com\/#website"},"datePublished":"2020-07-11T17:26:57+00:00","dateModified":"2020-07-11T17:27:00+00:00","author":{"@id":"https:\/\/laprensacristiana.com\/#\/schema\/person\/3e7d82c6bfd6b1fa67010f8f7cd5256e"},"breadcrumb":{"@id":"https:\/\/laprensacristiana.com\/?p=9730#breadcrumb"},"inLanguage":"es","potentialAction":[{"@type":"ReadAction","target":["https:\/\/laprensacristiana.com\/?p=9730"]}]},{"@type":"BreadcrumbList","@id":"https:\/\/laprensacristiana.com\/?p=9730#breadcrumb","itemListElement":[{"@type":"ListItem","position":1,"name":"Portada","item":"https:\/\/laprensacristiana.com\/"},{"@type":"ListItem","position":2,"name":"Facelle el evangelista Morris Cerullo debido a una neumon\u00eda"}]},{"@type":"WebSite","@id":"https:\/\/laprensacristiana.com\/#website","url":"https:\/\/laprensacristiana.com\/","name":"La Prensa Cristiana","description":"Anunciando Las Buenas Nuevas","potentialAction":[{"@type":"SearchAction","target":{"@type":"EntryPoint","urlTemplate":"https:\/\/laprensacristiana.com\/?s={search_term_string}"},"query-input":"required name=search_term_string"}],"inLanguage":"es"},{"@type":"Person","@id":"https:\/\/laprensacristiana.com\/#\/schema\/person\/3e7d82c6bfd6b1fa67010f8f7cd5256e","name":"EDITOR","image":{"@type":"ImageObject","inLanguage":"es","@id":"https:\/\/laprensacristiana.com\/#\/schema\/person\/image\/","url":"https:\/\/secure.gravatar.com\/avatar\/72069dfb6c13772d9e8381e3638666d2?s=96&d=mm&r=g","contentUrl":"https:\/\/secure.gravatar.com\/avatar\/72069dfb6c13772d9e8381e3638666d2?s=96&d=mm&r=g","caption":"EDITOR"},"url":"https:\/\/laprensacristiana.com\/?author=3"}]}},"_links":{"self":[{"href":"https:\/\/laprensacristiana.com\/index.php?rest_route=\/wp\/v2\/posts\/9730"}],"collection":[{"href":"https:\/\/laprensacristiana.com\/index.php?rest_route=\/wp\/v2\/posts"}],"about":[{"href":"https:\/\/laprensacristiana.com\/index.php?rest_route=\/wp\/v2\/types\/post"}],"author":[{"embeddable":true,"href":"https:\/\/laprensacristiana.com\/index.php?rest_route=\/wp\/v2\/users\/3"}],"replies":[{"embeddable":true,"href":"https:\/\/laprensacristiana.com\/index.php?rest_route=%2Fwp%2Fv2%2Fcomments&post=9730"}],"version-history":[{"count":1,"href":"https:\/\/laprensacristiana.com\/index.php?rest_route=\/wp\/v2\/posts\/9730\/revisions"}],"predecessor-version":[{"id":9735,"href":"https:\/\/laprensacristiana.com\/index.php?rest_route=\/wp\/v2\/posts\/9730\/revisions\/9735"}],"wp:featuredmedia":[{"embeddable":true,"href":"https:\/\/laprensacristiana.com\/index.php?rest_route=\/wp\/v2\/media\/9733"}],"wp:attachment":[{"href":"https:\/\/laprensacristiana.com\/index.php?rest_route=%2Fwp%2Fv2%2Fmedia&parent=9730"}],"wp:term":[{"taxonomy":"category","embeddable":true,"href":"https:\/\/laprensacristiana.com\/index.php?rest_route=%2Fwp%2Fv2%2Fcategories&post=9730"},{"taxonomy":"post_tag","embeddable":true,"href":"https:\/\/laprensacristiana.com\/index.php?rest_route=%2Fwp%2Fv2%2Ftags&post=9730"}],"curies":[{"name":"wp","href":"https:\/\/api.w.org\/{rel}","templated":true}]}}