{"id":9740,"date":"2020-07-13T03:43:30","date_gmt":"2020-07-13T03:43:30","guid":{"rendered":"https:\/\/laprensacristiana.com\/?p=9740"},"modified":"2020-07-13T03:43:32","modified_gmt":"2020-07-13T03:43:32","slug":"esperanza-en-las-pruebas","status":"publish","type":"post","link":"https:\/\/laprensacristiana.com\/?p=9740","title":{"rendered":"Esperanza en las pruebas"},"content":{"rendered":"\n<p>Por: Mario Vega \/ Pastor General Misi\u00f3n Cristiana Elim <\/p>\n\n\n\n<p>Con bastante frecuencia y familiaridad se oye hablar de las pruebas de la vida.\u00a0Esa es una idea muy relacionada con la fe pues, al decir que se vive una prueba, se asume que hay quien prueba y quien es probado. Las pruebas dan por sentado que la vida tiene un sentido y constituyen una verificaci\u00f3n del car\u00e1cter de la persona con miras al cumplimiento de una tarea. Las pruebas son experiencias comunes en la vida de los cristianos y, generalmente, consisten en temporadas en las que se enfrentan dificultades y problemas. Las contrariedades pueden ser de diversos tipos, pero al final, terminan por cumplir su prop\u00f3sito de templar a los creyentes. Todas las personas, sin excepci\u00f3n, enfrentar\u00e1n problemas en distintos momentos. Pero no todas reconocer\u00e1n que esas dificultades persiguen un prop\u00f3sito. Quienes s\u00ed lo hacen podr\u00e1n identificar entre lo ca\u00f3tico y perturbador los elementos que les servir\u00e1n para crecer y ser m\u00e1s fuertes. Las pruebas nos ense\u00f1an a ser pacientes y humildes al reconocer que no podemos controlar todas las circunstancias. Tambi\u00e9n nos conducen a una mayor espiritualidad al volvernos conscientes de la falibilidad humana que demanda la dependencia de Dios. Las flaquezas tambi\u00e9n nos ayudan a ser m\u00e1s comprensivos con los dem\u00e1s, lo que nos coloca en una mejor situaci\u00f3n para ayudarles cuando enfrenten dificultades similares a las nuestras.<\/p>\n\n\n\n<p>A veces las pruebas pueden ser individuales. En otras ocasiones pueden afectar a una pareja, una familia, una ciudad, un pa\u00eds o al mundo. A esas pruebas de car\u00e1cter mundial pertenece la actual pandemia y su secuela de la crisis econ\u00f3mica. Estamos siendo probados colectivamente, pero cada cual reacciona conforme a su contextura particular. Es como una bolsita de t\u00e9, que cuando es sumergida en agua caliente expele lo que tiene adentro. Mientras algunos reaccionan con enojo o frustraci\u00f3n, otros se muestran resilientes y adquieren nuevas lecciones para su crecimiento y madurez. Las pruebas no tienen como prop\u00f3sito destruir o aplastar a las personas. Menos a quienes son creyentes. La fe es sometida a prueba para librarla de escorias. El prop\u00f3sito no es apagarla sino purificarla. A mayores sufrimientos es sometida una persona, mayor ser\u00e1 su capacidad de resistir. Las grandes almas son aquellas que crecieron en la fragua de las dificultades.<\/p>\n\n\n\n<p>Pero las pruebas no son eternas, siempre llegan a su fin. Como toda prueba, esta tambi\u00e9n pasar\u00e1 y seremos m\u00e1s fuertes. Debemos aplicarnos a tomar las lecciones a pecho, sacarles ventaja y desarrollar el m\u00e1ximo de nuestras posibilidades. Las pruebas son un instrumento que nos convierte en las personas que debemos ser. Lejos de frustrarnos y darnos por vencidos debemos reflexionar en los prop\u00f3sitos que Dios persigue con cada uno. Debemos preguntarnos honestamente qu\u00e9 lecciones son las que debemos aprender. Posiblemente sea la lecci\u00f3n de que la vida es corta o de que los trabajos son temporales. Tal vez se trate de la comprensi\u00f3n de que la salud es la verdadera riqueza o la importancia de apreciar a quienes tenemos a nuestro lado. Pudiera ser la lecci\u00f3n de que se debe ahorrar dinero o la importancia de una mentalidad fuerte para momentos de angustia. A lo mejor el valor de saber adaptarse y no conformarse frente a la adversidad. El aprender algunas o todas esas lecciones nos ayudar\u00e1 a construir nuevas oportunidades para el momento actual y para el futuro. Las crisis siempre ser\u00e1n una oportunidad para crecer y fortalecerse.<\/p>\n","protected":false},"excerpt":{"rendered":"<p>Por: Mario Vega \/ Pastor General Misi\u00f3n Cristiana Elim Con bastante frecuencia y familiaridad se oye hablar de las pruebas de la vida.\u00a0Esa es una idea muy relacionada con la fe pues, al decir que se vive una prueba, se asume que hay quien prueba y quien es probado. Las pruebas dan por sentado que [&hellip;]<\/p>\n","protected":false},"author":3,"featured_media":6072,"comment_status":"open","ping_status":"open","sticky":false,"template":"","format":"standard","meta":[],"categories":[23],"tags":[],"yoast_head":"<!-- This site is optimized with the Yoast SEO plugin v20.8 - https:\/\/yoast.com\/wordpress\/plugins\/seo\/ -->\n<title>Esperanza en las pruebas - La Prensa Cristiana<\/title>\n<meta name=\"robots\" content=\"index, follow, max-snippet:-1, max-image-preview:large, max-video-preview:-1\" \/>\n<link rel=\"canonical\" href=\"https:\/\/laprensacristiana.com\/?p=9740\" \/>\n<meta property=\"og:locale\" content=\"es_ES\" \/>\n<meta property=\"og:type\" content=\"article\" \/>\n<meta property=\"og:title\" content=\"Esperanza en las pruebas - La Prensa Cristiana\" \/>\n<meta property=\"og:description\" content=\"Por: Mario Vega \/ Pastor General Misi\u00f3n Cristiana Elim Con bastante frecuencia y familiaridad se oye hablar de las pruebas de la vida.\u00a0Esa es una idea muy relacionada con la fe pues, al decir que se vive una prueba, se asume que hay quien prueba y quien es probado. Las pruebas dan por sentado que [&hellip;]\" \/>\n<meta property=\"og:url\" content=\"https:\/\/laprensacristiana.com\/?p=9740\" \/>\n<meta property=\"og:site_name\" content=\"La Prensa Cristiana\" \/>\n<meta property=\"article:published_time\" content=\"2020-07-13T03:43:30+00:00\" \/>\n<meta property=\"article:modified_time\" content=\"2020-07-13T03:43:32+00:00\" \/>\n<meta property=\"og:image\" content=\"https:\/\/laprensacristiana.com\/wp-content\/uploads\/2019\/06\/OPINION-01-scaled.jpg\" \/>\n\t<meta property=\"og:image:width\" content=\"2560\" \/>\n\t<meta property=\"og:image:height\" content=\"1429\" \/>\n\t<meta property=\"og:image:type\" content=\"image\/jpeg\" \/>\n<meta name=\"author\" content=\"EDITOR\" \/>\n<meta name=\"twitter:card\" content=\"summary_large_image\" \/>\n<meta name=\"twitter:label1\" content=\"Escrito por\" \/>\n\t<meta name=\"twitter:data1\" content=\"EDITOR\" \/>\n\t<meta name=\"twitter:label2\" content=\"Tiempo de lectura\" \/>\n\t<meta name=\"twitter:data2\" content=\"3 minutos\" \/>\n<script type=\"application\/ld+json\" class=\"yoast-schema-graph\">{\"@context\":\"https:\/\/schema.org\",\"@graph\":[{\"@type\":\"WebPage\",\"@id\":\"https:\/\/laprensacristiana.com\/?p=9740\",\"url\":\"https:\/\/laprensacristiana.com\/?p=9740\",\"name\":\"Esperanza en las pruebas - La Prensa Cristiana\",\"isPartOf\":{\"@id\":\"https:\/\/laprensacristiana.com\/#website\"},\"datePublished\":\"2020-07-13T03:43:30+00:00\",\"dateModified\":\"2020-07-13T03:43:32+00:00\",\"author\":{\"@id\":\"https:\/\/laprensacristiana.com\/#\/schema\/person\/3e7d82c6bfd6b1fa67010f8f7cd5256e\"},\"breadcrumb\":{\"@id\":\"https:\/\/laprensacristiana.com\/?p=9740#breadcrumb\"},\"inLanguage\":\"es\",\"potentialAction\":[{\"@type\":\"ReadAction\",\"target\":[\"https:\/\/laprensacristiana.com\/?p=9740\"]}]},{\"@type\":\"BreadcrumbList\",\"@id\":\"https:\/\/laprensacristiana.com\/?p=9740#breadcrumb\",\"itemListElement\":[{\"@type\":\"ListItem\",\"position\":1,\"name\":\"Portada\",\"item\":\"https:\/\/laprensacristiana.com\/\"},{\"@type\":\"ListItem\",\"position\":2,\"name\":\"Esperanza en las pruebas\"}]},{\"@type\":\"WebSite\",\"@id\":\"https:\/\/laprensacristiana.com\/#website\",\"url\":\"https:\/\/laprensacristiana.com\/\",\"name\":\"La Prensa Cristiana\",\"description\":\"Anunciando Las Buenas Nuevas\",\"potentialAction\":[{\"@type\":\"SearchAction\",\"target\":{\"@type\":\"EntryPoint\",\"urlTemplate\":\"https:\/\/laprensacristiana.com\/?s={search_term_string}\"},\"query-input\":\"required name=search_term_string\"}],\"inLanguage\":\"es\"},{\"@type\":\"Person\",\"@id\":\"https:\/\/laprensacristiana.com\/#\/schema\/person\/3e7d82c6bfd6b1fa67010f8f7cd5256e\",\"name\":\"EDITOR\",\"image\":{\"@type\":\"ImageObject\",\"inLanguage\":\"es\",\"@id\":\"https:\/\/laprensacristiana.com\/#\/schema\/person\/image\/\",\"url\":\"https:\/\/secure.gravatar.com\/avatar\/72069dfb6c13772d9e8381e3638666d2?s=96&d=mm&r=g\",\"contentUrl\":\"https:\/\/secure.gravatar.com\/avatar\/72069dfb6c13772d9e8381e3638666d2?s=96&d=mm&r=g\",\"caption\":\"EDITOR\"},\"url\":\"https:\/\/laprensacristiana.com\/?author=3\"}]}<\/script>\n<!-- \/ Yoast SEO plugin. -->","yoast_head_json":{"title":"Esperanza en las pruebas - La Prensa Cristiana","robots":{"index":"index","follow":"follow","max-snippet":"max-snippet:-1","max-image-preview":"max-image-preview:large","max-video-preview":"max-video-preview:-1"},"canonical":"https:\/\/laprensacristiana.com\/?p=9740","og_locale":"es_ES","og_type":"article","og_title":"Esperanza en las pruebas - La Prensa Cristiana","og_description":"Por: Mario Vega \/ Pastor General Misi\u00f3n Cristiana Elim Con bastante frecuencia y familiaridad se oye hablar de las pruebas de la vida.\u00a0Esa es una idea muy relacionada con la fe pues, al decir que se vive una prueba, se asume que hay quien prueba y quien es probado. Las pruebas dan por sentado que [&hellip;]","og_url":"https:\/\/laprensacristiana.com\/?p=9740","og_site_name":"La Prensa Cristiana","article_published_time":"2020-07-13T03:43:30+00:00","article_modified_time":"2020-07-13T03:43:32+00:00","og_image":[{"width":2560,"height":1429,"url":"https:\/\/laprensacristiana.com\/wp-content\/uploads\/2019\/06\/OPINION-01-scaled.jpg","type":"image\/jpeg"}],"author":"EDITOR","twitter_card":"summary_large_image","twitter_misc":{"Escrito por":"EDITOR","Tiempo de lectura":"3 minutos"},"schema":{"@context":"https:\/\/schema.org","@graph":[{"@type":"WebPage","@id":"https:\/\/laprensacristiana.com\/?p=9740","url":"https:\/\/laprensacristiana.com\/?p=9740","name":"Esperanza en las pruebas - La Prensa Cristiana","isPartOf":{"@id":"https:\/\/laprensacristiana.com\/#website"},"datePublished":"2020-07-13T03:43:30+00:00","dateModified":"2020-07-13T03:43:32+00:00","author":{"@id":"https:\/\/laprensacristiana.com\/#\/schema\/person\/3e7d82c6bfd6b1fa67010f8f7cd5256e"},"breadcrumb":{"@id":"https:\/\/laprensacristiana.com\/?p=9740#breadcrumb"},"inLanguage":"es","potentialAction":[{"@type":"ReadAction","target":["https:\/\/laprensacristiana.com\/?p=9740"]}]},{"@type":"BreadcrumbList","@id":"https:\/\/laprensacristiana.com\/?p=9740#breadcrumb","itemListElement":[{"@type":"ListItem","position":1,"name":"Portada","item":"https:\/\/laprensacristiana.com\/"},{"@type":"ListItem","position":2,"name":"Esperanza en las pruebas"}]},{"@type":"WebSite","@id":"https:\/\/laprensacristiana.com\/#website","url":"https:\/\/laprensacristiana.com\/","name":"La Prensa Cristiana","description":"Anunciando Las Buenas Nuevas","potentialAction":[{"@type":"SearchAction","target":{"@type":"EntryPoint","urlTemplate":"https:\/\/laprensacristiana.com\/?s={search_term_string}"},"query-input":"required name=search_term_string"}],"inLanguage":"es"},{"@type":"Person","@id":"https:\/\/laprensacristiana.com\/#\/schema\/person\/3e7d82c6bfd6b1fa67010f8f7cd5256e","name":"EDITOR","image":{"@type":"ImageObject","inLanguage":"es","@id":"https:\/\/laprensacristiana.com\/#\/schema\/person\/image\/","url":"https:\/\/secure.gravatar.com\/avatar\/72069dfb6c13772d9e8381e3638666d2?s=96&d=mm&r=g","contentUrl":"https:\/\/secure.gravatar.com\/avatar\/72069dfb6c13772d9e8381e3638666d2?s=96&d=mm&r=g","caption":"EDITOR"},"url":"https:\/\/laprensacristiana.com\/?author=3"}]}},"_links":{"self":[{"href":"https:\/\/laprensacristiana.com\/index.php?rest_route=\/wp\/v2\/posts\/9740"}],"collection":[{"href":"https:\/\/laprensacristiana.com\/index.php?rest_route=\/wp\/v2\/posts"}],"about":[{"href":"https:\/\/laprensacristiana.com\/index.php?rest_route=\/wp\/v2\/types\/post"}],"author":[{"embeddable":true,"href":"https:\/\/laprensacristiana.com\/index.php?rest_route=\/wp\/v2\/users\/3"}],"replies":[{"embeddable":true,"href":"https:\/\/laprensacristiana.com\/index.php?rest_route=%2Fwp%2Fv2%2Fcomments&post=9740"}],"version-history":[{"count":1,"href":"https:\/\/laprensacristiana.com\/index.php?rest_route=\/wp\/v2\/posts\/9740\/revisions"}],"predecessor-version":[{"id":9741,"href":"https:\/\/laprensacristiana.com\/index.php?rest_route=\/wp\/v2\/posts\/9740\/revisions\/9741"}],"wp:featuredmedia":[{"embeddable":true,"href":"https:\/\/laprensacristiana.com\/index.php?rest_route=\/wp\/v2\/media\/6072"}],"wp:attachment":[{"href":"https:\/\/laprensacristiana.com\/index.php?rest_route=%2Fwp%2Fv2%2Fmedia&parent=9740"}],"wp:term":[{"taxonomy":"category","embeddable":true,"href":"https:\/\/laprensacristiana.com\/index.php?rest_route=%2Fwp%2Fv2%2Fcategories&post=9740"},{"taxonomy":"post_tag","embeddable":true,"href":"https:\/\/laprensacristiana.com\/index.php?rest_route=%2Fwp%2Fv2%2Ftags&post=9740"}],"curies":[{"name":"wp","href":"https:\/\/api.w.org\/{rel}","templated":true}]}}