{"id":9770,"date":"2020-07-16T15:11:05","date_gmt":"2020-07-16T15:11:05","guid":{"rendered":"https:\/\/laprensacristiana.com\/?p=9770"},"modified":"2020-07-16T15:11:08","modified_gmt":"2020-07-16T15:11:08","slug":"piden-oracion-por-pastor-david-segovia","status":"publish","type":"post","link":"https:\/\/laprensacristiana.com\/?p=9770","title":{"rendered":"Piden oraci\u00f3n por pastor David Segovia"},"content":{"rendered":"\n<p>A trav\u00e9s de sus redes sociales Iglesia Casa de Dios Internacional comunic\u00f3 que el pastor David Segovia fue ingresado el d\u00eda de ayer en el Hospital Nacional Rosales debido al Covid-19.<\/p>\n\n\n\n<p>La pandemia es la crisis que aqueja al mundo entero, en El Salvador los contagios est\u00e1n al alza cada d\u00eda y dentro de las estad\u00edsticas se encuentran muchos pastores.<\/p>\n\n\n\n<p>En esta ocasi\u00f3n la iglesia pide oraciones para que el pastor David Segovia pueda librar est\u00e1 batalla.<\/p>\n\n\n\n<p>\u00abConfiamos en Dios que saldr\u00e1 de esto, sabemos que \u00c9l tiene el control de su vida, que esto que est\u00e1 atravesando tiene un prop\u00f3sito y creemos que el Se\u00f1or lo sacar\u00e1 adelante aferrandonos siempre a sus promesas\u00bb expresaron a trav\u00e9s de sus redes sociales.<\/p>\n","protected":false},"excerpt":{"rendered":"<p>A trav\u00e9s de sus redes sociales Iglesia Casa de Dios Internacional comunic\u00f3 que el pastor David Segovia fue ingresado el d\u00eda de ayer en el Hospital Nacional Rosales debido al Covid-19. La pandemia es la crisis que aqueja al mundo entero, en El Salvador los contagios est\u00e1n al alza cada d\u00eda y dentro de las [&hellip;]<\/p>\n","protected":false},"author":3,"featured_media":9771,"comment_status":"open","ping_status":"open","sticky":false,"template":"","format":"standard","meta":[],"categories":[56],"tags":[],"yoast_head":"<!-- This site is optimized with the Yoast SEO plugin v20.8 - https:\/\/yoast.com\/wordpress\/plugins\/seo\/ -->\n<title>Piden oraci\u00f3n por pastor David Segovia - La Prensa Cristiana<\/title>\n<meta name=\"robots\" content=\"index, follow, max-snippet:-1, max-image-preview:large, max-video-preview:-1\" \/>\n<link rel=\"canonical\" href=\"https:\/\/laprensacristiana.com\/?p=9770\" \/>\n<meta property=\"og:locale\" content=\"es_ES\" \/>\n<meta property=\"og:type\" content=\"article\" \/>\n<meta property=\"og:title\" content=\"Piden oraci\u00f3n por pastor David Segovia - La Prensa Cristiana\" \/>\n<meta property=\"og:description\" content=\"A trav\u00e9s de sus redes sociales Iglesia Casa de Dios Internacional comunic\u00f3 que el pastor David Segovia fue ingresado el d\u00eda de ayer en el Hospital Nacional Rosales debido al Covid-19. La pandemia es la crisis que aqueja al mundo entero, en El Salvador los contagios est\u00e1n al alza cada d\u00eda y dentro de las [&hellip;]\" \/>\n<meta property=\"og:url\" content=\"https:\/\/laprensacristiana.com\/?p=9770\" \/>\n<meta property=\"og:site_name\" content=\"La Prensa Cristiana\" \/>\n<meta property=\"article:published_time\" content=\"2020-07-16T15:11:05+00:00\" \/>\n<meta property=\"article:modified_time\" content=\"2020-07-16T15:11:08+00:00\" \/>\n<meta property=\"og:image\" content=\"https:\/\/laprensacristiana.com\/wp-content\/uploads\/2020\/07\/IMG-20200716-WA0002.jpg\" \/>\n\t<meta property=\"og:image:width\" content=\"370\" \/>\n\t<meta property=\"og:image:height\" content=\"393\" \/>\n\t<meta property=\"og:image:type\" content=\"image\/jpeg\" \/>\n<meta name=\"author\" content=\"EDITOR\" \/>\n<meta name=\"twitter:card\" content=\"summary_large_image\" \/>\n<meta name=\"twitter:label1\" content=\"Escrito por\" \/>\n\t<meta name=\"twitter:data1\" content=\"EDITOR\" \/>\n\t<meta name=\"twitter:label2\" content=\"Tiempo de lectura\" \/>\n\t<meta name=\"twitter:data2\" content=\"1 minuto\" \/>\n<script type=\"application\/ld+json\" class=\"yoast-schema-graph\">{\"@context\":\"https:\/\/schema.org\",\"@graph\":[{\"@type\":\"WebPage\",\"@id\":\"https:\/\/laprensacristiana.com\/?p=9770\",\"url\":\"https:\/\/laprensacristiana.com\/?p=9770\",\"name\":\"Piden oraci\u00f3n por pastor David Segovia - La Prensa Cristiana\",\"isPartOf\":{\"@id\":\"https:\/\/laprensacristiana.com\/#website\"},\"datePublished\":\"2020-07-16T15:11:05+00:00\",\"dateModified\":\"2020-07-16T15:11:08+00:00\",\"author\":{\"@id\":\"https:\/\/laprensacristiana.com\/#\/schema\/person\/3e7d82c6bfd6b1fa67010f8f7cd5256e\"},\"breadcrumb\":{\"@id\":\"https:\/\/laprensacristiana.com\/?p=9770#breadcrumb\"},\"inLanguage\":\"es\",\"potentialAction\":[{\"@type\":\"ReadAction\",\"target\":[\"https:\/\/laprensacristiana.com\/?p=9770\"]}]},{\"@type\":\"BreadcrumbList\",\"@id\":\"https:\/\/laprensacristiana.com\/?p=9770#breadcrumb\",\"itemListElement\":[{\"@type\":\"ListItem\",\"position\":1,\"name\":\"Portada\",\"item\":\"https:\/\/laprensacristiana.com\/\"},{\"@type\":\"ListItem\",\"position\":2,\"name\":\"Piden oraci\u00f3n por pastor David Segovia\"}]},{\"@type\":\"WebSite\",\"@id\":\"https:\/\/laprensacristiana.com\/#website\",\"url\":\"https:\/\/laprensacristiana.com\/\",\"name\":\"La Prensa Cristiana\",\"description\":\"Anunciando Las Buenas Nuevas\",\"potentialAction\":[{\"@type\":\"SearchAction\",\"target\":{\"@type\":\"EntryPoint\",\"urlTemplate\":\"https:\/\/laprensacristiana.com\/?s={search_term_string}\"},\"query-input\":\"required name=search_term_string\"}],\"inLanguage\":\"es\"},{\"@type\":\"Person\",\"@id\":\"https:\/\/laprensacristiana.com\/#\/schema\/person\/3e7d82c6bfd6b1fa67010f8f7cd5256e\",\"name\":\"EDITOR\",\"image\":{\"@type\":\"ImageObject\",\"inLanguage\":\"es\",\"@id\":\"https:\/\/laprensacristiana.com\/#\/schema\/person\/image\/\",\"url\":\"https:\/\/secure.gravatar.com\/avatar\/72069dfb6c13772d9e8381e3638666d2?s=96&d=mm&r=g\",\"contentUrl\":\"https:\/\/secure.gravatar.com\/avatar\/72069dfb6c13772d9e8381e3638666d2?s=96&d=mm&r=g\",\"caption\":\"EDITOR\"},\"url\":\"https:\/\/laprensacristiana.com\/?author=3\"}]}<\/script>\n<!-- \/ Yoast SEO plugin. -->","yoast_head_json":{"title":"Piden oraci\u00f3n por pastor David Segovia - La Prensa Cristiana","robots":{"index":"index","follow":"follow","max-snippet":"max-snippet:-1","max-image-preview":"max-image-preview:large","max-video-preview":"max-video-preview:-1"},"canonical":"https:\/\/laprensacristiana.com\/?p=9770","og_locale":"es_ES","og_type":"article","og_title":"Piden oraci\u00f3n por pastor David Segovia - La Prensa Cristiana","og_description":"A trav\u00e9s de sus redes sociales Iglesia Casa de Dios Internacional comunic\u00f3 que el pastor David Segovia fue ingresado el d\u00eda de ayer en el Hospital Nacional Rosales debido al Covid-19. La pandemia es la crisis que aqueja al mundo entero, en El Salvador los contagios est\u00e1n al alza cada d\u00eda y dentro de las [&hellip;]","og_url":"https:\/\/laprensacristiana.com\/?p=9770","og_site_name":"La Prensa Cristiana","article_published_time":"2020-07-16T15:11:05+00:00","article_modified_time":"2020-07-16T15:11:08+00:00","og_image":[{"width":370,"height":393,"url":"https:\/\/laprensacristiana.com\/wp-content\/uploads\/2020\/07\/IMG-20200716-WA0002.jpg","type":"image\/jpeg"}],"author":"EDITOR","twitter_card":"summary_large_image","twitter_misc":{"Escrito por":"EDITOR","Tiempo de lectura":"1 minuto"},"schema":{"@context":"https:\/\/schema.org","@graph":[{"@type":"WebPage","@id":"https:\/\/laprensacristiana.com\/?p=9770","url":"https:\/\/laprensacristiana.com\/?p=9770","name":"Piden oraci\u00f3n por pastor David Segovia - La Prensa Cristiana","isPartOf":{"@id":"https:\/\/laprensacristiana.com\/#website"},"datePublished":"2020-07-16T15:11:05+00:00","dateModified":"2020-07-16T15:11:08+00:00","author":{"@id":"https:\/\/laprensacristiana.com\/#\/schema\/person\/3e7d82c6bfd6b1fa67010f8f7cd5256e"},"breadcrumb":{"@id":"https:\/\/laprensacristiana.com\/?p=9770#breadcrumb"},"inLanguage":"es","potentialAction":[{"@type":"ReadAction","target":["https:\/\/laprensacristiana.com\/?p=9770"]}]},{"@type":"BreadcrumbList","@id":"https:\/\/laprensacristiana.com\/?p=9770#breadcrumb","itemListElement":[{"@type":"ListItem","position":1,"name":"Portada","item":"https:\/\/laprensacristiana.com\/"},{"@type":"ListItem","position":2,"name":"Piden oraci\u00f3n por pastor David Segovia"}]},{"@type":"WebSite","@id":"https:\/\/laprensacristiana.com\/#website","url":"https:\/\/laprensacristiana.com\/","name":"La Prensa Cristiana","description":"Anunciando Las Buenas Nuevas","potentialAction":[{"@type":"SearchAction","target":{"@type":"EntryPoint","urlTemplate":"https:\/\/laprensacristiana.com\/?s={search_term_string}"},"query-input":"required name=search_term_string"}],"inLanguage":"es"},{"@type":"Person","@id":"https:\/\/laprensacristiana.com\/#\/schema\/person\/3e7d82c6bfd6b1fa67010f8f7cd5256e","name":"EDITOR","image":{"@type":"ImageObject","inLanguage":"es","@id":"https:\/\/laprensacristiana.com\/#\/schema\/person\/image\/","url":"https:\/\/secure.gravatar.com\/avatar\/72069dfb6c13772d9e8381e3638666d2?s=96&d=mm&r=g","contentUrl":"https:\/\/secure.gravatar.com\/avatar\/72069dfb6c13772d9e8381e3638666d2?s=96&d=mm&r=g","caption":"EDITOR"},"url":"https:\/\/laprensacristiana.com\/?author=3"}]}},"_links":{"self":[{"href":"https:\/\/laprensacristiana.com\/index.php?rest_route=\/wp\/v2\/posts\/9770"}],"collection":[{"href":"https:\/\/laprensacristiana.com\/index.php?rest_route=\/wp\/v2\/posts"}],"about":[{"href":"https:\/\/laprensacristiana.com\/index.php?rest_route=\/wp\/v2\/types\/post"}],"author":[{"embeddable":true,"href":"https:\/\/laprensacristiana.com\/index.php?rest_route=\/wp\/v2\/users\/3"}],"replies":[{"embeddable":true,"href":"https:\/\/laprensacristiana.com\/index.php?rest_route=%2Fwp%2Fv2%2Fcomments&post=9770"}],"version-history":[{"count":1,"href":"https:\/\/laprensacristiana.com\/index.php?rest_route=\/wp\/v2\/posts\/9770\/revisions"}],"predecessor-version":[{"id":9772,"href":"https:\/\/laprensacristiana.com\/index.php?rest_route=\/wp\/v2\/posts\/9770\/revisions\/9772"}],"wp:featuredmedia":[{"embeddable":true,"href":"https:\/\/laprensacristiana.com\/index.php?rest_route=\/wp\/v2\/media\/9771"}],"wp:attachment":[{"href":"https:\/\/laprensacristiana.com\/index.php?rest_route=%2Fwp%2Fv2%2Fmedia&parent=9770"}],"wp:term":[{"taxonomy":"category","embeddable":true,"href":"https:\/\/laprensacristiana.com\/index.php?rest_route=%2Fwp%2Fv2%2Fcategories&post=9770"},{"taxonomy":"post_tag","embeddable":true,"href":"https:\/\/laprensacristiana.com\/index.php?rest_route=%2Fwp%2Fv2%2Ftags&post=9770"}],"curies":[{"name":"wp","href":"https:\/\/api.w.org\/{rel}","templated":true}]}}