{"id":9773,"date":"2020-07-16T16:54:55","date_gmt":"2020-07-16T16:54:55","guid":{"rendered":"https:\/\/laprensacristiana.com\/?p=9773"},"modified":"2020-07-16T17:52:29","modified_gmt":"2020-07-16T17:52:29","slug":"esperanza-y-alegria-en-medio-de-la-pandemia-para-muchos-jovenes","status":"publish","type":"post","link":"https:\/\/laprensacristiana.com\/?p=9773","title":{"rendered":"Esperanza y alegr\u00eda en medio de la pandemia para muchos j\u00f3venes"},"content":{"rendered":"\n<p>El pasado 4 julio&nbsp; los j\u00f3venes del Coro y&nbsp; Orquesta Sinf\u00f3nica de Compassion El Salvador realizaron un concierto virtual, teniendo un momento de alegr\u00eda y esperanza en medio de la pandemia del Covid-19.<\/p>\n\n\n\n<p>Al son de guitarras, trompetas, violas, violines, bater\u00edas, muchos instrumentos m\u00e1s, junto a sus voces, ni\u00f1os y j\u00f3venes alabaron al Se\u00f1or.<\/p>\n\n\n\n<p>Esta orquesta est\u00e1 conformada por ni\u00f1os y adolescentes procedentes de San Mart\u00edn, Ciudad Delgado, Soyapango, Ilopango, Cuscatancingo y San Pedro Perulap\u00e1n. Tambi\u00e9n, se cont\u00f3 con la participaci\u00f3n de Orquesta Sinf\u00f3nica de la zona occidental y el Ministerio de Alabanza Proeza.<\/p>\n\n\n\n<p>La orquesta sinf\u00f3nica cuenta con 54 ni\u00f1os en el coro, 40 en cuerda, 4 en viento madera y 6 en viento metal, 4 percusi\u00f3n y acompa\u00f1amiento. Los ni\u00f1os ensayaban una vez por semana y muy a pesar de no contar con su instrumento en casa durante la semana, debido a las circunstancias en sus comunidades, es sorprendente el nivel de ejecuci\u00f3n alcanzado, lo cual ha impresionado a las audiencias donde se han presentado. Ahora contin\u00faan con su formaci\u00f3n musical en la modalidad virtual.\u00a0<\/p>\n\n\n\n<p>Un sue\u00f1o que comenz\u00f3 en el a\u00f1o 2008, cientos de j\u00f3venes se han beneficiado con este proyecto, que les permite desarrollarse a trav\u00e9s de las artes, los j\u00f3venes realizaron su primer concierto en el a\u00f1o 2014.<\/p>\n\n\n\n<p><\/p>\n\n\n\n<p>Debido al contexto de pobreza en las comunidades donde viven sus integrantes, sus talentos musicales estaban escondidos por la falta de oportunidades para desarrollarlos y mostrarlos. Esto es lo que hace Compassion International junto a la Iglesia evang\u00e9lica a quienes sirven con amor al\u00a0 abrir oportunidades de desarrollo para los ni\u00f1os, ayudarles en la adquisici\u00f3n de habilidades para la vida y reconocer el enorme valor que tienen como personas ante los ojos de Dios.<\/p>\n\n\n\n<figure class=\"wp-block-gallery columns-2 is-cropped wp-block-gallery-1 is-layout-flex\"><ul class=\"blocks-gallery-grid\"><li class=\"blocks-gallery-item\"><figure><img decoding=\"async\" loading=\"lazy\" width=\"1024\" height=\"683\" src=\"https:\/\/laprensacristiana.com\/wp-content\/uploads\/2020\/07\/IMG-20200716-WA0007-1024x683.jpg\" alt=\"\" data-id=\"9776\" data-link=\"https:\/\/laprensacristiana.com\/?attachment_id=9776\" class=\"wp-image-9776\" srcset=\"https:\/\/laprensacristiana.com\/wp-content\/uploads\/2020\/07\/IMG-20200716-WA0007-1024x683.jpg 1024w, https:\/\/laprensacristiana.com\/wp-content\/uploads\/2020\/07\/IMG-20200716-WA0007-300x200.jpg 300w, https:\/\/laprensacristiana.com\/wp-content\/uploads\/2020\/07\/IMG-20200716-WA0007-768x512.jpg 768w, https:\/\/laprensacristiana.com\/wp-content\/uploads\/2020\/07\/IMG-20200716-WA0007-696x464.jpg 696w, https:\/\/laprensacristiana.com\/wp-content\/uploads\/2020\/07\/IMG-20200716-WA0007-1068x713.jpg 1068w, https:\/\/laprensacristiana.com\/wp-content\/uploads\/2020\/07\/IMG-20200716-WA0007-600x400.jpg 600w, https:\/\/laprensacristiana.com\/wp-content\/uploads\/2020\/07\/IMG-20200716-WA0007.jpg 1280w\" sizes=\"(max-width: 1024px) 100vw, 1024px\" \/><\/figure><\/li><li class=\"blocks-gallery-item\"><figure><img decoding=\"async\" loading=\"lazy\" width=\"1024\" height=\"683\" src=\"https:\/\/laprensacristiana.com\/wp-content\/uploads\/2020\/07\/IMG-20200716-WA0009-1024x683.jpg\" alt=\"\" data-id=\"9777\" data-full-url=\"https:\/\/laprensacristiana.com\/wp-content\/uploads\/2020\/07\/IMG-20200716-WA0009.jpg\" data-link=\"https:\/\/laprensacristiana.com\/?attachment_id=9777\" class=\"wp-image-9777\" srcset=\"https:\/\/laprensacristiana.com\/wp-content\/uploads\/2020\/07\/IMG-20200716-WA0009-1024x683.jpg 1024w, https:\/\/laprensacristiana.com\/wp-content\/uploads\/2020\/07\/IMG-20200716-WA0009-300x200.jpg 300w, https:\/\/laprensacristiana.com\/wp-content\/uploads\/2020\/07\/IMG-20200716-WA0009-768x512.jpg 768w, https:\/\/laprensacristiana.com\/wp-content\/uploads\/2020\/07\/IMG-20200716-WA0009-696x464.jpg 696w, https:\/\/laprensacristiana.com\/wp-content\/uploads\/2020\/07\/IMG-20200716-WA0009-1068x713.jpg 1068w, https:\/\/laprensacristiana.com\/wp-content\/uploads\/2020\/07\/IMG-20200716-WA0009-600x400.jpg 600w, https:\/\/laprensacristiana.com\/wp-content\/uploads\/2020\/07\/IMG-20200716-WA0009.jpg 1280w\" sizes=\"(max-width: 1024px) 100vw, 1024px\" \/><\/figure><\/li><\/ul><\/figure>\n","protected":false},"excerpt":{"rendered":"<p>El pasado 4 julio&nbsp; los j\u00f3venes del Coro y&nbsp; Orquesta Sinf\u00f3nica de Compassion El Salvador realizaron un concierto virtual, teniendo un momento de alegr\u00eda y esperanza en medio de la pandemia del Covid-19. Al son de guitarras, trompetas, violas, violines, bater\u00edas, muchos instrumentos m\u00e1s, junto a sus voces, ni\u00f1os y j\u00f3venes alabaron al Se\u00f1or. Esta [&hellip;]<\/p>\n","protected":false},"author":3,"featured_media":9774,"comment_status":"open","ping_status":"open","sticky":false,"template":"","format":"standard","meta":[],"categories":[56],"tags":[],"yoast_head":"<!-- This site is optimized with the Yoast SEO plugin v20.8 - https:\/\/yoast.com\/wordpress\/plugins\/seo\/ -->\n<title>Esperanza y alegr\u00eda en medio de la pandemia para muchos j\u00f3venes - La Prensa Cristiana<\/title>\n<meta name=\"robots\" content=\"index, follow, max-snippet:-1, max-image-preview:large, max-video-preview:-1\" \/>\n<link rel=\"canonical\" href=\"https:\/\/laprensacristiana.com\/?p=9773\" \/>\n<meta property=\"og:locale\" content=\"es_ES\" \/>\n<meta property=\"og:type\" content=\"article\" \/>\n<meta property=\"og:title\" content=\"Esperanza y alegr\u00eda en medio de la pandemia para muchos j\u00f3venes - La Prensa Cristiana\" \/>\n<meta property=\"og:description\" content=\"El pasado 4 julio&nbsp; los j\u00f3venes del Coro y&nbsp; Orquesta Sinf\u00f3nica de Compassion El Salvador realizaron un concierto virtual, teniendo un momento de alegr\u00eda y esperanza en medio de la pandemia del Covid-19. Al son de guitarras, trompetas, violas, violines, bater\u00edas, muchos instrumentos m\u00e1s, junto a sus voces, ni\u00f1os y j\u00f3venes alabaron al Se\u00f1or. Esta [&hellip;]\" \/>\n<meta property=\"og:url\" content=\"https:\/\/laprensacristiana.com\/?p=9773\" \/>\n<meta property=\"og:site_name\" content=\"La Prensa Cristiana\" \/>\n<meta property=\"article:published_time\" content=\"2020-07-16T16:54:55+00:00\" \/>\n<meta property=\"article:modified_time\" content=\"2020-07-16T17:52:29+00:00\" \/>\n<meta property=\"og:image\" content=\"https:\/\/laprensacristiana.com\/wp-content\/uploads\/2020\/07\/Screenshot_20200716-105016.png\" \/>\n\t<meta property=\"og:image:width\" content=\"1440\" \/>\n\t<meta property=\"og:image:height\" content=\"720\" \/>\n\t<meta property=\"og:image:type\" content=\"image\/png\" \/>\n<meta name=\"author\" content=\"EDITOR\" \/>\n<meta name=\"twitter:card\" content=\"summary_large_image\" \/>\n<meta name=\"twitter:label1\" content=\"Escrito por\" \/>\n\t<meta name=\"twitter:data1\" content=\"EDITOR\" \/>\n\t<meta name=\"twitter:label2\" content=\"Tiempo de lectura\" \/>\n\t<meta name=\"twitter:data2\" content=\"2 minutos\" \/>\n<script type=\"application\/ld+json\" class=\"yoast-schema-graph\">{\"@context\":\"https:\/\/schema.org\",\"@graph\":[{\"@type\":\"WebPage\",\"@id\":\"https:\/\/laprensacristiana.com\/?p=9773\",\"url\":\"https:\/\/laprensacristiana.com\/?p=9773\",\"name\":\"Esperanza y alegr\u00eda en medio de la pandemia para muchos j\u00f3venes - La Prensa Cristiana\",\"isPartOf\":{\"@id\":\"https:\/\/laprensacristiana.com\/#website\"},\"datePublished\":\"2020-07-16T16:54:55+00:00\",\"dateModified\":\"2020-07-16T17:52:29+00:00\",\"author\":{\"@id\":\"https:\/\/laprensacristiana.com\/#\/schema\/person\/3e7d82c6bfd6b1fa67010f8f7cd5256e\"},\"breadcrumb\":{\"@id\":\"https:\/\/laprensacristiana.com\/?p=9773#breadcrumb\"},\"inLanguage\":\"es\",\"potentialAction\":[{\"@type\":\"ReadAction\",\"target\":[\"https:\/\/laprensacristiana.com\/?p=9773\"]}]},{\"@type\":\"BreadcrumbList\",\"@id\":\"https:\/\/laprensacristiana.com\/?p=9773#breadcrumb\",\"itemListElement\":[{\"@type\":\"ListItem\",\"position\":1,\"name\":\"Portada\",\"item\":\"https:\/\/laprensacristiana.com\/\"},{\"@type\":\"ListItem\",\"position\":2,\"name\":\"Esperanza y alegr\u00eda en medio de la pandemia para muchos j\u00f3venes\"}]},{\"@type\":\"WebSite\",\"@id\":\"https:\/\/laprensacristiana.com\/#website\",\"url\":\"https:\/\/laprensacristiana.com\/\",\"name\":\"La Prensa Cristiana\",\"description\":\"Anunciando Las Buenas Nuevas\",\"potentialAction\":[{\"@type\":\"SearchAction\",\"target\":{\"@type\":\"EntryPoint\",\"urlTemplate\":\"https:\/\/laprensacristiana.com\/?s={search_term_string}\"},\"query-input\":\"required name=search_term_string\"}],\"inLanguage\":\"es\"},{\"@type\":\"Person\",\"@id\":\"https:\/\/laprensacristiana.com\/#\/schema\/person\/3e7d82c6bfd6b1fa67010f8f7cd5256e\",\"name\":\"EDITOR\",\"image\":{\"@type\":\"ImageObject\",\"inLanguage\":\"es\",\"@id\":\"https:\/\/laprensacristiana.com\/#\/schema\/person\/image\/\",\"url\":\"https:\/\/secure.gravatar.com\/avatar\/72069dfb6c13772d9e8381e3638666d2?s=96&d=mm&r=g\",\"contentUrl\":\"https:\/\/secure.gravatar.com\/avatar\/72069dfb6c13772d9e8381e3638666d2?s=96&d=mm&r=g\",\"caption\":\"EDITOR\"},\"url\":\"https:\/\/laprensacristiana.com\/?author=3\"}]}<\/script>\n<!-- \/ Yoast SEO plugin. -->","yoast_head_json":{"title":"Esperanza y alegr\u00eda en medio de la pandemia para muchos j\u00f3venes - La Prensa Cristiana","robots":{"index":"index","follow":"follow","max-snippet":"max-snippet:-1","max-image-preview":"max-image-preview:large","max-video-preview":"max-video-preview:-1"},"canonical":"https:\/\/laprensacristiana.com\/?p=9773","og_locale":"es_ES","og_type":"article","og_title":"Esperanza y alegr\u00eda en medio de la pandemia para muchos j\u00f3venes - La Prensa Cristiana","og_description":"El pasado 4 julio&nbsp; los j\u00f3venes del Coro y&nbsp; Orquesta Sinf\u00f3nica de Compassion El Salvador realizaron un concierto virtual, teniendo un momento de alegr\u00eda y esperanza en medio de la pandemia del Covid-19. Al son de guitarras, trompetas, violas, violines, bater\u00edas, muchos instrumentos m\u00e1s, junto a sus voces, ni\u00f1os y j\u00f3venes alabaron al Se\u00f1or. Esta [&hellip;]","og_url":"https:\/\/laprensacristiana.com\/?p=9773","og_site_name":"La Prensa Cristiana","article_published_time":"2020-07-16T16:54:55+00:00","article_modified_time":"2020-07-16T17:52:29+00:00","og_image":[{"width":1440,"height":720,"url":"https:\/\/laprensacristiana.com\/wp-content\/uploads\/2020\/07\/Screenshot_20200716-105016.png","type":"image\/png"}],"author":"EDITOR","twitter_card":"summary_large_image","twitter_misc":{"Escrito por":"EDITOR","Tiempo de lectura":"2 minutos"},"schema":{"@context":"https:\/\/schema.org","@graph":[{"@type":"WebPage","@id":"https:\/\/laprensacristiana.com\/?p=9773","url":"https:\/\/laprensacristiana.com\/?p=9773","name":"Esperanza y alegr\u00eda en medio de la pandemia para muchos j\u00f3venes - La Prensa Cristiana","isPartOf":{"@id":"https:\/\/laprensacristiana.com\/#website"},"datePublished":"2020-07-16T16:54:55+00:00","dateModified":"2020-07-16T17:52:29+00:00","author":{"@id":"https:\/\/laprensacristiana.com\/#\/schema\/person\/3e7d82c6bfd6b1fa67010f8f7cd5256e"},"breadcrumb":{"@id":"https:\/\/laprensacristiana.com\/?p=9773#breadcrumb"},"inLanguage":"es","potentialAction":[{"@type":"ReadAction","target":["https:\/\/laprensacristiana.com\/?p=9773"]}]},{"@type":"BreadcrumbList","@id":"https:\/\/laprensacristiana.com\/?p=9773#breadcrumb","itemListElement":[{"@type":"ListItem","position":1,"name":"Portada","item":"https:\/\/laprensacristiana.com\/"},{"@type":"ListItem","position":2,"name":"Esperanza y alegr\u00eda en medio de la pandemia para muchos j\u00f3venes"}]},{"@type":"WebSite","@id":"https:\/\/laprensacristiana.com\/#website","url":"https:\/\/laprensacristiana.com\/","name":"La Prensa Cristiana","description":"Anunciando Las Buenas Nuevas","potentialAction":[{"@type":"SearchAction","target":{"@type":"EntryPoint","urlTemplate":"https:\/\/laprensacristiana.com\/?s={search_term_string}"},"query-input":"required name=search_term_string"}],"inLanguage":"es"},{"@type":"Person","@id":"https:\/\/laprensacristiana.com\/#\/schema\/person\/3e7d82c6bfd6b1fa67010f8f7cd5256e","name":"EDITOR","image":{"@type":"ImageObject","inLanguage":"es","@id":"https:\/\/laprensacristiana.com\/#\/schema\/person\/image\/","url":"https:\/\/secure.gravatar.com\/avatar\/72069dfb6c13772d9e8381e3638666d2?s=96&d=mm&r=g","contentUrl":"https:\/\/secure.gravatar.com\/avatar\/72069dfb6c13772d9e8381e3638666d2?s=96&d=mm&r=g","caption":"EDITOR"},"url":"https:\/\/laprensacristiana.com\/?author=3"}]}},"_links":{"self":[{"href":"https:\/\/laprensacristiana.com\/index.php?rest_route=\/wp\/v2\/posts\/9773"}],"collection":[{"href":"https:\/\/laprensacristiana.com\/index.php?rest_route=\/wp\/v2\/posts"}],"about":[{"href":"https:\/\/laprensacristiana.com\/index.php?rest_route=\/wp\/v2\/types\/post"}],"author":[{"embeddable":true,"href":"https:\/\/laprensacristiana.com\/index.php?rest_route=\/wp\/v2\/users\/3"}],"replies":[{"embeddable":true,"href":"https:\/\/laprensacristiana.com\/index.php?rest_route=%2Fwp%2Fv2%2Fcomments&post=9773"}],"version-history":[{"count":2,"href":"https:\/\/laprensacristiana.com\/index.php?rest_route=\/wp\/v2\/posts\/9773\/revisions"}],"predecessor-version":[{"id":9778,"href":"https:\/\/laprensacristiana.com\/index.php?rest_route=\/wp\/v2\/posts\/9773\/revisions\/9778"}],"wp:featuredmedia":[{"embeddable":true,"href":"https:\/\/laprensacristiana.com\/index.php?rest_route=\/wp\/v2\/media\/9774"}],"wp:attachment":[{"href":"https:\/\/laprensacristiana.com\/index.php?rest_route=%2Fwp%2Fv2%2Fmedia&parent=9773"}],"wp:term":[{"taxonomy":"category","embeddable":true,"href":"https:\/\/laprensacristiana.com\/index.php?rest_route=%2Fwp%2Fv2%2Fcategories&post=9773"},{"taxonomy":"post_tag","embeddable":true,"href":"https:\/\/laprensacristiana.com\/index.php?rest_route=%2Fwp%2Fv2%2Ftags&post=9773"}],"curies":[{"name":"wp","href":"https:\/\/api.w.org\/{rel}","templated":true}]}}