{"id":9786,"date":"2020-07-16T21:20:13","date_gmt":"2020-07-16T21:20:13","guid":{"rendered":"https:\/\/laprensacristiana.com\/?p=9786"},"modified":"2020-07-16T21:20:17","modified_gmt":"2020-07-16T21:20:17","slug":"el-salvador-se-prepara-para-combatir-la-plaga-de-langostas-voladoras","status":"publish","type":"post","link":"https:\/\/laprensacristiana.com\/?p=9786","title":{"rendered":"El Salvador se prepara para combatir la plaga de langostas voladoras"},"content":{"rendered":"\n<p>El gobierno de El Salvador di\u00f3 a conocer el mi\u00e9rcoles el plan que ya est\u00e1 en marcha para combatir est\u00e1 langosta voladora que amenaza con devorar diferentes cultivos y granos b\u00e1sicos.<\/p>\n\n\n\n<p>Personal del Ministerio de Agricultura&nbsp; junto a La Fuerza Armada de El Salvador&nbsp; se encuentran en diferentes puntos del pa\u00eds para monitorear y ayudar a los agricultores, para que puedan tomar medidas preventivas.<\/p>\n\n\n\n<p>El Organismo Internacional Regional de Sanidad Agropecuaria , emiti\u00f3 la aleta sobre est\u00e1 langosta que empieza a afecta a Centro Am\u00e9rica.<br>\u00a0<br>El Ministerio de Agricultura se est\u00e1 preparando para cualquier escenario, se conoce que la\u00a0 langosta voladora es muy destructiva ya que se alimenta de todos los vegetales a su paso.<\/p>\n\n\n\n<figure class=\"wp-block-gallery columns-1 is-cropped wp-block-gallery-1 is-layout-flex\"><ul class=\"blocks-gallery-grid\"><li class=\"blocks-gallery-item\"><figure><img decoding=\"async\" loading=\"lazy\" width=\"1024\" height=\"682\" src=\"https:\/\/laprensacristiana.com\/wp-content\/uploads\/2020\/07\/20200716_150004-1024x682.jpg\" alt=\"\" data-id=\"9788\" data-full-url=\"https:\/\/laprensacristiana.com\/wp-content\/uploads\/2020\/07\/20200716_150004.jpg\" data-link=\"https:\/\/laprensacristiana.com\/?attachment_id=9788\" class=\"wp-image-9788\" srcset=\"https:\/\/laprensacristiana.com\/wp-content\/uploads\/2020\/07\/20200716_150004-1024x682.jpg 1024w, https:\/\/laprensacristiana.com\/wp-content\/uploads\/2020\/07\/20200716_150004-300x200.jpg 300w, https:\/\/laprensacristiana.com\/wp-content\/uploads\/2020\/07\/20200716_150004-768x512.jpg 768w, https:\/\/laprensacristiana.com\/wp-content\/uploads\/2020\/07\/20200716_150004-696x464.jpg 696w, https:\/\/laprensacristiana.com\/wp-content\/uploads\/2020\/07\/20200716_150004-1068x712.jpg 1068w, https:\/\/laprensacristiana.com\/wp-content\/uploads\/2020\/07\/20200716_150004-600x400.jpg 600w, https:\/\/laprensacristiana.com\/wp-content\/uploads\/2020\/07\/20200716_150004.jpg 1280w\" sizes=\"(max-width: 1024px) 100vw, 1024px\" \/><\/figure><\/li><\/ul><figcaption class=\"blocks-gallery-caption\">Cortes\u00eda Ministerio de Agricultura<\/figcaption><\/figure>\n","protected":false},"excerpt":{"rendered":"<p>El gobierno de El Salvador di\u00f3 a conocer el mi\u00e9rcoles el plan que ya est\u00e1 en marcha para combatir est\u00e1 langosta voladora que amenaza con devorar diferentes cultivos y granos b\u00e1sicos. Personal del Ministerio de Agricultura&nbsp; junto a La Fuerza Armada de El Salvador&nbsp; se encuentran en diferentes puntos del pa\u00eds para monitorear y ayudar [&hellip;]<\/p>\n","protected":false},"author":3,"featured_media":9787,"comment_status":"open","ping_status":"open","sticky":false,"template":"","format":"standard","meta":[],"categories":[56],"tags":[],"yoast_head":"<!-- This site is optimized with the Yoast SEO plugin v20.8 - https:\/\/yoast.com\/wordpress\/plugins\/seo\/ -->\n<title>El Salvador se prepara para combatir la plaga de langostas voladoras - La Prensa Cristiana<\/title>\n<meta name=\"robots\" content=\"index, follow, max-snippet:-1, max-image-preview:large, max-video-preview:-1\" \/>\n<link rel=\"canonical\" href=\"https:\/\/laprensacristiana.com\/?p=9786\" \/>\n<meta property=\"og:locale\" content=\"es_ES\" \/>\n<meta property=\"og:type\" content=\"article\" \/>\n<meta property=\"og:title\" content=\"El Salvador se prepara para combatir la plaga de langostas voladoras - La Prensa Cristiana\" \/>\n<meta property=\"og:description\" content=\"El gobierno de El Salvador di\u00f3 a conocer el mi\u00e9rcoles el plan que ya est\u00e1 en marcha para combatir est\u00e1 langosta voladora que amenaza con devorar diferentes cultivos y granos b\u00e1sicos. Personal del Ministerio de Agricultura&nbsp; junto a La Fuerza Armada de El Salvador&nbsp; se encuentran en diferentes puntos del pa\u00eds para monitorear y ayudar [&hellip;]\" \/>\n<meta property=\"og:url\" content=\"https:\/\/laprensacristiana.com\/?p=9786\" \/>\n<meta property=\"og:site_name\" content=\"La Prensa Cristiana\" \/>\n<meta property=\"article:published_time\" content=\"2020-07-16T21:20:13+00:00\" \/>\n<meta property=\"article:modified_time\" content=\"2020-07-16T21:20:17+00:00\" \/>\n<meta property=\"og:image\" content=\"https:\/\/laprensacristiana.com\/wp-content\/uploads\/2020\/07\/20200716_144830.jpg\" \/>\n\t<meta property=\"og:image:width\" content=\"1280\" \/>\n\t<meta property=\"og:image:height\" content=\"853\" \/>\n\t<meta property=\"og:image:type\" content=\"image\/jpeg\" \/>\n<meta name=\"author\" content=\"EDITOR\" \/>\n<meta name=\"twitter:card\" content=\"summary_large_image\" \/>\n<meta name=\"twitter:label1\" content=\"Escrito por\" \/>\n\t<meta name=\"twitter:data1\" content=\"EDITOR\" \/>\n\t<meta name=\"twitter:label2\" content=\"Tiempo de lectura\" \/>\n\t<meta name=\"twitter:data2\" content=\"1 minuto\" \/>\n<script type=\"application\/ld+json\" class=\"yoast-schema-graph\">{\"@context\":\"https:\/\/schema.org\",\"@graph\":[{\"@type\":\"WebPage\",\"@id\":\"https:\/\/laprensacristiana.com\/?p=9786\",\"url\":\"https:\/\/laprensacristiana.com\/?p=9786\",\"name\":\"El Salvador se prepara para combatir la plaga de langostas voladoras - La Prensa Cristiana\",\"isPartOf\":{\"@id\":\"https:\/\/laprensacristiana.com\/#website\"},\"datePublished\":\"2020-07-16T21:20:13+00:00\",\"dateModified\":\"2020-07-16T21:20:17+00:00\",\"author\":{\"@id\":\"https:\/\/laprensacristiana.com\/#\/schema\/person\/3e7d82c6bfd6b1fa67010f8f7cd5256e\"},\"breadcrumb\":{\"@id\":\"https:\/\/laprensacristiana.com\/?p=9786#breadcrumb\"},\"inLanguage\":\"es\",\"potentialAction\":[{\"@type\":\"ReadAction\",\"target\":[\"https:\/\/laprensacristiana.com\/?p=9786\"]}]},{\"@type\":\"BreadcrumbList\",\"@id\":\"https:\/\/laprensacristiana.com\/?p=9786#breadcrumb\",\"itemListElement\":[{\"@type\":\"ListItem\",\"position\":1,\"name\":\"Portada\",\"item\":\"https:\/\/laprensacristiana.com\/\"},{\"@type\":\"ListItem\",\"position\":2,\"name\":\"El Salvador se prepara para combatir la plaga de langostas voladoras\"}]},{\"@type\":\"WebSite\",\"@id\":\"https:\/\/laprensacristiana.com\/#website\",\"url\":\"https:\/\/laprensacristiana.com\/\",\"name\":\"La Prensa Cristiana\",\"description\":\"Anunciando Las Buenas Nuevas\",\"potentialAction\":[{\"@type\":\"SearchAction\",\"target\":{\"@type\":\"EntryPoint\",\"urlTemplate\":\"https:\/\/laprensacristiana.com\/?s={search_term_string}\"},\"query-input\":\"required name=search_term_string\"}],\"inLanguage\":\"es\"},{\"@type\":\"Person\",\"@id\":\"https:\/\/laprensacristiana.com\/#\/schema\/person\/3e7d82c6bfd6b1fa67010f8f7cd5256e\",\"name\":\"EDITOR\",\"image\":{\"@type\":\"ImageObject\",\"inLanguage\":\"es\",\"@id\":\"https:\/\/laprensacristiana.com\/#\/schema\/person\/image\/\",\"url\":\"https:\/\/secure.gravatar.com\/avatar\/72069dfb6c13772d9e8381e3638666d2?s=96&d=mm&r=g\",\"contentUrl\":\"https:\/\/secure.gravatar.com\/avatar\/72069dfb6c13772d9e8381e3638666d2?s=96&d=mm&r=g\",\"caption\":\"EDITOR\"},\"url\":\"https:\/\/laprensacristiana.com\/?author=3\"}]}<\/script>\n<!-- \/ Yoast SEO plugin. -->","yoast_head_json":{"title":"El Salvador se prepara para combatir la plaga de langostas voladoras - La Prensa Cristiana","robots":{"index":"index","follow":"follow","max-snippet":"max-snippet:-1","max-image-preview":"max-image-preview:large","max-video-preview":"max-video-preview:-1"},"canonical":"https:\/\/laprensacristiana.com\/?p=9786","og_locale":"es_ES","og_type":"article","og_title":"El Salvador se prepara para combatir la plaga de langostas voladoras - La Prensa Cristiana","og_description":"El gobierno de El Salvador di\u00f3 a conocer el mi\u00e9rcoles el plan que ya est\u00e1 en marcha para combatir est\u00e1 langosta voladora que amenaza con devorar diferentes cultivos y granos b\u00e1sicos. Personal del Ministerio de Agricultura&nbsp; junto a La Fuerza Armada de El Salvador&nbsp; se encuentran en diferentes puntos del pa\u00eds para monitorear y ayudar [&hellip;]","og_url":"https:\/\/laprensacristiana.com\/?p=9786","og_site_name":"La Prensa Cristiana","article_published_time":"2020-07-16T21:20:13+00:00","article_modified_time":"2020-07-16T21:20:17+00:00","og_image":[{"width":1280,"height":853,"url":"https:\/\/laprensacristiana.com\/wp-content\/uploads\/2020\/07\/20200716_144830.jpg","type":"image\/jpeg"}],"author":"EDITOR","twitter_card":"summary_large_image","twitter_misc":{"Escrito por":"EDITOR","Tiempo de lectura":"1 minuto"},"schema":{"@context":"https:\/\/schema.org","@graph":[{"@type":"WebPage","@id":"https:\/\/laprensacristiana.com\/?p=9786","url":"https:\/\/laprensacristiana.com\/?p=9786","name":"El Salvador se prepara para combatir la plaga de langostas voladoras - La Prensa Cristiana","isPartOf":{"@id":"https:\/\/laprensacristiana.com\/#website"},"datePublished":"2020-07-16T21:20:13+00:00","dateModified":"2020-07-16T21:20:17+00:00","author":{"@id":"https:\/\/laprensacristiana.com\/#\/schema\/person\/3e7d82c6bfd6b1fa67010f8f7cd5256e"},"breadcrumb":{"@id":"https:\/\/laprensacristiana.com\/?p=9786#breadcrumb"},"inLanguage":"es","potentialAction":[{"@type":"ReadAction","target":["https:\/\/laprensacristiana.com\/?p=9786"]}]},{"@type":"BreadcrumbList","@id":"https:\/\/laprensacristiana.com\/?p=9786#breadcrumb","itemListElement":[{"@type":"ListItem","position":1,"name":"Portada","item":"https:\/\/laprensacristiana.com\/"},{"@type":"ListItem","position":2,"name":"El Salvador se prepara para combatir la plaga de langostas voladoras"}]},{"@type":"WebSite","@id":"https:\/\/laprensacristiana.com\/#website","url":"https:\/\/laprensacristiana.com\/","name":"La Prensa Cristiana","description":"Anunciando Las Buenas Nuevas","potentialAction":[{"@type":"SearchAction","target":{"@type":"EntryPoint","urlTemplate":"https:\/\/laprensacristiana.com\/?s={search_term_string}"},"query-input":"required name=search_term_string"}],"inLanguage":"es"},{"@type":"Person","@id":"https:\/\/laprensacristiana.com\/#\/schema\/person\/3e7d82c6bfd6b1fa67010f8f7cd5256e","name":"EDITOR","image":{"@type":"ImageObject","inLanguage":"es","@id":"https:\/\/laprensacristiana.com\/#\/schema\/person\/image\/","url":"https:\/\/secure.gravatar.com\/avatar\/72069dfb6c13772d9e8381e3638666d2?s=96&d=mm&r=g","contentUrl":"https:\/\/secure.gravatar.com\/avatar\/72069dfb6c13772d9e8381e3638666d2?s=96&d=mm&r=g","caption":"EDITOR"},"url":"https:\/\/laprensacristiana.com\/?author=3"}]}},"_links":{"self":[{"href":"https:\/\/laprensacristiana.com\/index.php?rest_route=\/wp\/v2\/posts\/9786"}],"collection":[{"href":"https:\/\/laprensacristiana.com\/index.php?rest_route=\/wp\/v2\/posts"}],"about":[{"href":"https:\/\/laprensacristiana.com\/index.php?rest_route=\/wp\/v2\/types\/post"}],"author":[{"embeddable":true,"href":"https:\/\/laprensacristiana.com\/index.php?rest_route=\/wp\/v2\/users\/3"}],"replies":[{"embeddable":true,"href":"https:\/\/laprensacristiana.com\/index.php?rest_route=%2Fwp%2Fv2%2Fcomments&post=9786"}],"version-history":[{"count":1,"href":"https:\/\/laprensacristiana.com\/index.php?rest_route=\/wp\/v2\/posts\/9786\/revisions"}],"predecessor-version":[{"id":9789,"href":"https:\/\/laprensacristiana.com\/index.php?rest_route=\/wp\/v2\/posts\/9786\/revisions\/9789"}],"wp:featuredmedia":[{"embeddable":true,"href":"https:\/\/laprensacristiana.com\/index.php?rest_route=\/wp\/v2\/media\/9787"}],"wp:attachment":[{"href":"https:\/\/laprensacristiana.com\/index.php?rest_route=%2Fwp%2Fv2%2Fmedia&parent=9786"}],"wp:term":[{"taxonomy":"category","embeddable":true,"href":"https:\/\/laprensacristiana.com\/index.php?rest_route=%2Fwp%2Fv2%2Fcategories&post=9786"},{"taxonomy":"post_tag","embeddable":true,"href":"https:\/\/laprensacristiana.com\/index.php?rest_route=%2Fwp%2Fv2%2Ftags&post=9786"}],"curies":[{"name":"wp","href":"https:\/\/api.w.org\/{rel}","templated":true}]}}