{"id":9802,"date":"2020-07-19T00:43:34","date_gmt":"2020-07-19T00:43:34","guid":{"rendered":"https:\/\/laprensacristiana.com\/?p=9802"},"modified":"2020-07-19T00:43:36","modified_gmt":"2020-07-19T00:43:36","slug":"despues-de-recuperarse-de-covid-19-pastores-de-iglesia-m-c-i-peniel-siguen-sirviendo","status":"publish","type":"post","link":"https:\/\/laprensacristiana.com\/?p=9802","title":{"rendered":"Despu\u00e9s de recuperarse de Covid-19 pastores de Iglesia M.C.I Peniel siguen sirviendo"},"content":{"rendered":"\n<p>Recientemente conocimos el testimonio del pastor Edwin Serpas y su esposa Liliana quienes fueron sanados de Covid-19, el pastor Serpas estubo ingresado en el Hospital Nacional San Rafael en Santa Tecla, con un cuadro de neumon\u00eda debido al virus, pero Dios le di\u00f3 una nueva oportunidad de vida.<\/p>\n\n\n\n<p>Est\u00e1 tarde los esposos Serpas junto a miembros de su congregaci\u00f3n Iglesia M.C.I Peniel visitaron comunidades para hacer entrega de&nbsp; alimentos, alcohol gel, mascarillas y galletas para los ni\u00f1os.<\/p>\n\n\n\n<p>\u00abNo podemos estar quietos, es parte de nuestro ADN en Cristo Jes\u00fas, llevar luz, palabra y fe, del Dios poderoso que nos volvi\u00f3 a dar vida\u00bb expres\u00f3 el pastor Edwin Serpas a trav\u00e9s de las redes sociales.<\/p>\n","protected":false},"excerpt":{"rendered":"<p>Recientemente conocimos el testimonio del pastor Edwin Serpas y su esposa Liliana quienes fueron sanados de Covid-19, el pastor Serpas estubo ingresado en el Hospital Nacional San Rafael en Santa Tecla, con un cuadro de neumon\u00eda debido al virus, pero Dios le di\u00f3 una nueva oportunidad de vida. Est\u00e1 tarde los esposos Serpas junto a [&hellip;]<\/p>\n","protected":false},"author":3,"featured_media":9803,"comment_status":"open","ping_status":"open","sticky":false,"template":"","format":"standard","meta":[],"categories":[56],"tags":[],"yoast_head":"<!-- This site is optimized with the Yoast SEO plugin v20.8 - https:\/\/yoast.com\/wordpress\/plugins\/seo\/ -->\n<title>Despu\u00e9s de recuperarse de Covid-19 pastores de Iglesia M.C.I Peniel siguen sirviendo - La Prensa Cristiana<\/title>\n<meta name=\"robots\" content=\"index, follow, max-snippet:-1, max-image-preview:large, max-video-preview:-1\" \/>\n<link rel=\"canonical\" href=\"https:\/\/laprensacristiana.com\/?p=9802\" \/>\n<meta property=\"og:locale\" content=\"es_ES\" \/>\n<meta property=\"og:type\" content=\"article\" \/>\n<meta property=\"og:title\" content=\"Despu\u00e9s de recuperarse de Covid-19 pastores de Iglesia M.C.I Peniel siguen sirviendo - La Prensa Cristiana\" \/>\n<meta property=\"og:description\" content=\"Recientemente conocimos el testimonio del pastor Edwin Serpas y su esposa Liliana quienes fueron sanados de Covid-19, el pastor Serpas estubo ingresado en el Hospital Nacional San Rafael en Santa Tecla, con un cuadro de neumon\u00eda debido al virus, pero Dios le di\u00f3 una nueva oportunidad de vida. Est\u00e1 tarde los esposos Serpas junto a [&hellip;]\" \/>\n<meta property=\"og:url\" content=\"https:\/\/laprensacristiana.com\/?p=9802\" \/>\n<meta property=\"og:site_name\" content=\"La Prensa Cristiana\" \/>\n<meta property=\"article:published_time\" content=\"2020-07-19T00:43:34+00:00\" \/>\n<meta property=\"article:modified_time\" content=\"2020-07-19T00:43:36+00:00\" \/>\n<meta property=\"og:image\" content=\"https:\/\/laprensacristiana.com\/wp-content\/uploads\/2020\/07\/IMG-20200718-WA0049.jpg\" \/>\n\t<meta property=\"og:image:width\" content=\"720\" \/>\n\t<meta property=\"og:image:height\" content=\"540\" \/>\n\t<meta property=\"og:image:type\" content=\"image\/jpeg\" \/>\n<meta name=\"author\" content=\"EDITOR\" \/>\n<meta name=\"twitter:card\" content=\"summary_large_image\" \/>\n<meta name=\"twitter:label1\" content=\"Escrito por\" \/>\n\t<meta name=\"twitter:data1\" content=\"EDITOR\" \/>\n\t<meta name=\"twitter:label2\" content=\"Tiempo de lectura\" \/>\n\t<meta name=\"twitter:data2\" content=\"1 minuto\" \/>\n<script type=\"application\/ld+json\" class=\"yoast-schema-graph\">{\"@context\":\"https:\/\/schema.org\",\"@graph\":[{\"@type\":\"WebPage\",\"@id\":\"https:\/\/laprensacristiana.com\/?p=9802\",\"url\":\"https:\/\/laprensacristiana.com\/?p=9802\",\"name\":\"Despu\u00e9s de recuperarse de Covid-19 pastores de Iglesia M.C.I Peniel siguen sirviendo - La Prensa Cristiana\",\"isPartOf\":{\"@id\":\"https:\/\/laprensacristiana.com\/#website\"},\"datePublished\":\"2020-07-19T00:43:34+00:00\",\"dateModified\":\"2020-07-19T00:43:36+00:00\",\"author\":{\"@id\":\"https:\/\/laprensacristiana.com\/#\/schema\/person\/3e7d82c6bfd6b1fa67010f8f7cd5256e\"},\"breadcrumb\":{\"@id\":\"https:\/\/laprensacristiana.com\/?p=9802#breadcrumb\"},\"inLanguage\":\"es\",\"potentialAction\":[{\"@type\":\"ReadAction\",\"target\":[\"https:\/\/laprensacristiana.com\/?p=9802\"]}]},{\"@type\":\"BreadcrumbList\",\"@id\":\"https:\/\/laprensacristiana.com\/?p=9802#breadcrumb\",\"itemListElement\":[{\"@type\":\"ListItem\",\"position\":1,\"name\":\"Portada\",\"item\":\"https:\/\/laprensacristiana.com\/\"},{\"@type\":\"ListItem\",\"position\":2,\"name\":\"Despu\u00e9s de recuperarse de Covid-19 pastores de Iglesia M.C.I Peniel siguen sirviendo\"}]},{\"@type\":\"WebSite\",\"@id\":\"https:\/\/laprensacristiana.com\/#website\",\"url\":\"https:\/\/laprensacristiana.com\/\",\"name\":\"La Prensa Cristiana\",\"description\":\"Anunciando Las Buenas Nuevas\",\"potentialAction\":[{\"@type\":\"SearchAction\",\"target\":{\"@type\":\"EntryPoint\",\"urlTemplate\":\"https:\/\/laprensacristiana.com\/?s={search_term_string}\"},\"query-input\":\"required name=search_term_string\"}],\"inLanguage\":\"es\"},{\"@type\":\"Person\",\"@id\":\"https:\/\/laprensacristiana.com\/#\/schema\/person\/3e7d82c6bfd6b1fa67010f8f7cd5256e\",\"name\":\"EDITOR\",\"image\":{\"@type\":\"ImageObject\",\"inLanguage\":\"es\",\"@id\":\"https:\/\/laprensacristiana.com\/#\/schema\/person\/image\/\",\"url\":\"https:\/\/secure.gravatar.com\/avatar\/72069dfb6c13772d9e8381e3638666d2?s=96&d=mm&r=g\",\"contentUrl\":\"https:\/\/secure.gravatar.com\/avatar\/72069dfb6c13772d9e8381e3638666d2?s=96&d=mm&r=g\",\"caption\":\"EDITOR\"},\"url\":\"https:\/\/laprensacristiana.com\/?author=3\"}]}<\/script>\n<!-- \/ Yoast SEO plugin. -->","yoast_head_json":{"title":"Despu\u00e9s de recuperarse de Covid-19 pastores de Iglesia M.C.I Peniel siguen sirviendo - La Prensa Cristiana","robots":{"index":"index","follow":"follow","max-snippet":"max-snippet:-1","max-image-preview":"max-image-preview:large","max-video-preview":"max-video-preview:-1"},"canonical":"https:\/\/laprensacristiana.com\/?p=9802","og_locale":"es_ES","og_type":"article","og_title":"Despu\u00e9s de recuperarse de Covid-19 pastores de Iglesia M.C.I Peniel siguen sirviendo - La Prensa Cristiana","og_description":"Recientemente conocimos el testimonio del pastor Edwin Serpas y su esposa Liliana quienes fueron sanados de Covid-19, el pastor Serpas estubo ingresado en el Hospital Nacional San Rafael en Santa Tecla, con un cuadro de neumon\u00eda debido al virus, pero Dios le di\u00f3 una nueva oportunidad de vida. Est\u00e1 tarde los esposos Serpas junto a [&hellip;]","og_url":"https:\/\/laprensacristiana.com\/?p=9802","og_site_name":"La Prensa Cristiana","article_published_time":"2020-07-19T00:43:34+00:00","article_modified_time":"2020-07-19T00:43:36+00:00","og_image":[{"width":720,"height":540,"url":"https:\/\/laprensacristiana.com\/wp-content\/uploads\/2020\/07\/IMG-20200718-WA0049.jpg","type":"image\/jpeg"}],"author":"EDITOR","twitter_card":"summary_large_image","twitter_misc":{"Escrito por":"EDITOR","Tiempo de lectura":"1 minuto"},"schema":{"@context":"https:\/\/schema.org","@graph":[{"@type":"WebPage","@id":"https:\/\/laprensacristiana.com\/?p=9802","url":"https:\/\/laprensacristiana.com\/?p=9802","name":"Despu\u00e9s de recuperarse de Covid-19 pastores de Iglesia M.C.I Peniel siguen sirviendo - La Prensa Cristiana","isPartOf":{"@id":"https:\/\/laprensacristiana.com\/#website"},"datePublished":"2020-07-19T00:43:34+00:00","dateModified":"2020-07-19T00:43:36+00:00","author":{"@id":"https:\/\/laprensacristiana.com\/#\/schema\/person\/3e7d82c6bfd6b1fa67010f8f7cd5256e"},"breadcrumb":{"@id":"https:\/\/laprensacristiana.com\/?p=9802#breadcrumb"},"inLanguage":"es","potentialAction":[{"@type":"ReadAction","target":["https:\/\/laprensacristiana.com\/?p=9802"]}]},{"@type":"BreadcrumbList","@id":"https:\/\/laprensacristiana.com\/?p=9802#breadcrumb","itemListElement":[{"@type":"ListItem","position":1,"name":"Portada","item":"https:\/\/laprensacristiana.com\/"},{"@type":"ListItem","position":2,"name":"Despu\u00e9s de recuperarse de Covid-19 pastores de Iglesia M.C.I Peniel siguen sirviendo"}]},{"@type":"WebSite","@id":"https:\/\/laprensacristiana.com\/#website","url":"https:\/\/laprensacristiana.com\/","name":"La Prensa Cristiana","description":"Anunciando Las Buenas Nuevas","potentialAction":[{"@type":"SearchAction","target":{"@type":"EntryPoint","urlTemplate":"https:\/\/laprensacristiana.com\/?s={search_term_string}"},"query-input":"required name=search_term_string"}],"inLanguage":"es"},{"@type":"Person","@id":"https:\/\/laprensacristiana.com\/#\/schema\/person\/3e7d82c6bfd6b1fa67010f8f7cd5256e","name":"EDITOR","image":{"@type":"ImageObject","inLanguage":"es","@id":"https:\/\/laprensacristiana.com\/#\/schema\/person\/image\/","url":"https:\/\/secure.gravatar.com\/avatar\/72069dfb6c13772d9e8381e3638666d2?s=96&d=mm&r=g","contentUrl":"https:\/\/secure.gravatar.com\/avatar\/72069dfb6c13772d9e8381e3638666d2?s=96&d=mm&r=g","caption":"EDITOR"},"url":"https:\/\/laprensacristiana.com\/?author=3"}]}},"_links":{"self":[{"href":"https:\/\/laprensacristiana.com\/index.php?rest_route=\/wp\/v2\/posts\/9802"}],"collection":[{"href":"https:\/\/laprensacristiana.com\/index.php?rest_route=\/wp\/v2\/posts"}],"about":[{"href":"https:\/\/laprensacristiana.com\/index.php?rest_route=\/wp\/v2\/types\/post"}],"author":[{"embeddable":true,"href":"https:\/\/laprensacristiana.com\/index.php?rest_route=\/wp\/v2\/users\/3"}],"replies":[{"embeddable":true,"href":"https:\/\/laprensacristiana.com\/index.php?rest_route=%2Fwp%2Fv2%2Fcomments&post=9802"}],"version-history":[{"count":1,"href":"https:\/\/laprensacristiana.com\/index.php?rest_route=\/wp\/v2\/posts\/9802\/revisions"}],"predecessor-version":[{"id":9804,"href":"https:\/\/laprensacristiana.com\/index.php?rest_route=\/wp\/v2\/posts\/9802\/revisions\/9804"}],"wp:featuredmedia":[{"embeddable":true,"href":"https:\/\/laprensacristiana.com\/index.php?rest_route=\/wp\/v2\/media\/9803"}],"wp:attachment":[{"href":"https:\/\/laprensacristiana.com\/index.php?rest_route=%2Fwp%2Fv2%2Fmedia&parent=9802"}],"wp:term":[{"taxonomy":"category","embeddable":true,"href":"https:\/\/laprensacristiana.com\/index.php?rest_route=%2Fwp%2Fv2%2Fcategories&post=9802"},{"taxonomy":"post_tag","embeddable":true,"href":"https:\/\/laprensacristiana.com\/index.php?rest_route=%2Fwp%2Fv2%2Ftags&post=9802"}],"curies":[{"name":"wp","href":"https:\/\/api.w.org\/{rel}","templated":true}]}}