{"id":9820,"date":"2020-07-24T15:16:59","date_gmt":"2020-07-24T15:16:59","guid":{"rendered":"https:\/\/laprensacristiana.com\/?p=9820"},"modified":"2020-07-24T15:17:02","modified_gmt":"2020-07-24T15:17:02","slug":"esto-va-a-doler","status":"publish","type":"post","link":"https:\/\/laprensacristiana.com\/?p=9820","title":{"rendered":"Esto va a doler&#8230;"},"content":{"rendered":"\n<p>\u00bfQu\u00e9 est\u00e1 pasando con los j\u00f3venes y ni\u00f1os de esta generaci\u00f3n? \u00bfPor qu\u00e9 tanto anarquismo, violencia, abusos, drogas, vicios, abortos y divorcios? \u00bfQui\u00e9n ha culpado: ellos o nosotros?<\/p>\n\n\n\n<p>Si usted es adulto, es decir, si tiene m\u00e0s de cuarenta a\u00f1os de edad, tendr\u00e1 que recordar algunos antecedentes de su generaci\u00f3n que son relevantes para saber qu\u00e9 mundo les hemos entregado a las futuras generaciones.&nbsp; Si usted tiene menos edad que esto, le contar\u00e9 en forma muy breve como era la vida en mis pa\u00ecs, en aquellos tiempos:<\/p>\n\n\n\n<p>Para ver televisi\u00f3n hab\u00eda que esperar hasta las cuatro de la tarde y verla en blanco y negro, si yo quer\u00eda cambiar un canal de televisi\u00f3n, ten\u00eda que levantarme de la cama y si no me levantaba a apagarla, se quedaba encendida toda la noche sin ning\u00fan programa, solo se ve\u00ecan estrellitas o un molesto sonido que no dejaba dormir.&nbsp; Para buscar una ilustraci\u00f3n de historia en mis deberes de la escuela, ten\u00eda que ir a la biblioteca y buscar la informaci\u00f3n yo solito. Nuestros zapatos cuando necesitaban arreglo, \u00edbamos al hombre que los arreglaba. Si necesitaba un pantal\u00f3n, me llevaban al sastre y me tomaban medidas. No exist\u00eda el cr\u00e9dito, por lo tanto, si quer\u00eda algo para m\u00ed, ten\u00eda que ahorrar.&nbsp; Las parejas no se casaban con todo lo que necesitaban y daban inicio a una vida compartida con un sinn\u00famero de desaf\u00edos por cumplir.<\/p>\n\n\n\n<p>Ustedes se preguntar\u00e1n qu\u00e9 tiene que ver esto con la nueva generaci\u00f3n. Pues tiene que ver mucho, porque eso form\u00f2 una generaci\u00f3n cuyos logros se basaban en el esfuerzo, en el concepto de espera y en la paciencia. Fue una generaci\u00f3n basada en el rigor, pero que siente que sufri\u00f3 mucho debido a la rigidez con la que fue educada.&nbsp; Esto condujo que inconscientemente intentaran facilitarle la vida a sus hijos.&nbsp;<\/p>\n\n\n\n<p>Hoy les ponen internet, Google y redes para que hagan sus deberes. Copy-paste. Esto es todo. Los j\u00f3venes de hoy ya no investigan, no estudian ni se esfuerzan para lograr sus metas. La impaciencia gobierna la existencia de nuestros ni\u00f1os.&nbsp; Si bien la ley que m\u00e0s tiende a aplicar el ser humano es la del menor esfuerzo, es asunto de mayor importancia notar que esta ley rige con propiedad y esplendor entre las nuevas generaciones. Y todo esto, gracias a la impaciencia. Nuestros hijos o nietos tienen poca tolerancia a la impaciencia, no saben aburrirse y hay que entretenerlos como si eso fuera un deber del adulto.&nbsp; A eso hay que sumarle la pereza o el fastidio que tambi\u00e9n los gobierna desde que amanecen hasta que se acuestan.&nbsp; No quieren esperar, lo quieren todo y de inmediato, se aburren pronto y necesitan cambiar r\u00e1pido de objetivo porque de otra manera no les interesa seguir esforz\u00e1ndose.&nbsp; Y, en medio de todo esto, est\u00e1n los padres que se sienten culpables porque no les pueden satisfacer sus demandas.&nbsp;<\/p>\n\n\n\n<p>Padres, una voz de alerta: les estamos haciendo la vida demasiado f\u00e1cil y, por si fuera poco, el sistema no nos ayuda en nada, todo es veloz, f\u00e1cil y, aparentemente, los mejores resultados se obtienen sin esfuerzo, no hay para qu\u00e9 esperar si por una c\u00f3moda cuota puedo conseguir el producto que quiero o en internet puedo obtener la informaci\u00f3n que necesito.<\/p>\n\n\n\n<p>Es la \u201cgeneraci\u00f3n on-off\u201d, todo lo prenden y lo apagan y esperan que el mundo funcione igual. Esto est\u00e1 generando que sus relaciones sean r\u00e1pidas, intensas en todo sentido y desechables como todo lo que los rodea: \u00bfQued\u00f3 embarazada la ni\u00f1a? que aborte. \u00bfSali\u00f3 mal la pareja? que se divorcie. \u00bfEl ni\u00f1o no quiere leche en el desayuno? Dele lo que pida. Parece que tengo una visi\u00f2n equivocada de los j\u00f3venes de hoy, pero la verdad no es as\u00ed, siento que es una generaci\u00f3n que tiene miedo a crecer, que teme ser como nosotros que estamos tan ocupados trabajando y trabajando que ya no hay tiempo para ellos. El dinero lo arregla todo, menos llenar sus corazones. Nuestros j\u00f3venes no tienen un ejemplo a seguir. No tienen la disciplina que necesitan para ser enderezados, no pueden confiar en que sus padres los corrijan y les ense\u00f1en los valores que la vida les exige. Ellos no quieren copiar a una generaci\u00f3n que, dicho por ellos mismos, no hace nada importante, solo cosas urgentes, que anda enojada siempre, que olvid\u00f3 sus ideales y que trabaja todo el d\u00eca sin saber por qu\u00e9.&nbsp;&nbsp; Esa es la realidad de esta generaci\u00f3n. Y los culpamos de rebeldes, de irresponsables, que no quieren esforzarse, que no quieren hacer nada bueno, y no nos damos cuenta que eso es precisamente lo que ellos opinan de nosotros los adultos.<\/p>\n\n\n\n<p>Entonces, \u00bfqui\u00e9n ha culpado? \u00bfEllos? \u00bfEl gobierno? \u00bfLa iglesia? No, pap\u00e1s, hemos culpado nosotros porque le hemos delegado a la sociedad la obligaci\u00f3n de educar, de disciplinar y ense\u00f1ar los valores eternos que nuestros hijos necesitan. Por algo dijo Dios: \u201cY ense\u00f1ar\u00e1s estas palabras a tus hijos cuando\u2026\u201d<\/p>\n\n\n\n<p>SOLI DEO GLORIA<\/p>\n","protected":false},"excerpt":{"rendered":"<p>\u00bfQu\u00e9 est\u00e1 pasando con los j\u00f3venes y ni\u00f1os de esta generaci\u00f3n? \u00bfPor qu\u00e9 tanto anarquismo, violencia, abusos, drogas, vicios, abortos y divorcios? \u00bfQui\u00e9n ha culpado: ellos o nosotros? Si usted es adulto, es decir, si tiene m\u00e0s de cuarenta a\u00f1os de edad, tendr\u00e1 que recordar algunos antecedentes de su generaci\u00f3n que son relevantes para saber [&hellip;]<\/p>\n","protected":false},"author":3,"featured_media":7949,"comment_status":"open","ping_status":"open","sticky":false,"template":"","format":"standard","meta":[],"categories":[36],"tags":[],"yoast_head":"<!-- This site is optimized with the Yoast SEO plugin v20.8 - https:\/\/yoast.com\/wordpress\/plugins\/seo\/ -->\n<title>Esto va a doler... - La Prensa Cristiana<\/title>\n<meta name=\"robots\" content=\"index, follow, max-snippet:-1, max-image-preview:large, max-video-preview:-1\" \/>\n<link rel=\"canonical\" href=\"https:\/\/laprensacristiana.com\/?p=9820\" \/>\n<meta property=\"og:locale\" content=\"es_ES\" \/>\n<meta property=\"og:type\" content=\"article\" \/>\n<meta property=\"og:title\" content=\"Esto va a doler... - La Prensa Cristiana\" \/>\n<meta property=\"og:description\" content=\"\u00bfQu\u00e9 est\u00e1 pasando con los j\u00f3venes y ni\u00f1os de esta generaci\u00f3n? \u00bfPor qu\u00e9 tanto anarquismo, violencia, abusos, drogas, vicios, abortos y divorcios? \u00bfQui\u00e9n ha culpado: ellos o nosotros? Si usted es adulto, es decir, si tiene m\u00e0s de cuarenta a\u00f1os de edad, tendr\u00e1 que recordar algunos antecedentes de su generaci\u00f3n que son relevantes para saber [&hellip;]\" \/>\n<meta property=\"og:url\" content=\"https:\/\/laprensacristiana.com\/?p=9820\" \/>\n<meta property=\"og:site_name\" content=\"La Prensa Cristiana\" \/>\n<meta property=\"article:published_time\" content=\"2020-07-24T15:16:59+00:00\" \/>\n<meta property=\"article:modified_time\" content=\"2020-07-24T15:17:02+00:00\" \/>\n<meta property=\"og:image\" content=\"https:\/\/laprensacristiana.com\/wp-content\/uploads\/2020\/01\/2017-11-23-PHOTO-00003245-1.jpg\" \/>\n\t<meta property=\"og:image:width\" content=\"1280\" \/>\n\t<meta property=\"og:image:height\" content=\"714\" \/>\n\t<meta property=\"og:image:type\" content=\"image\/jpeg\" \/>\n<meta name=\"author\" content=\"EDITOR\" \/>\n<meta name=\"twitter:card\" content=\"summary_large_image\" \/>\n<meta name=\"twitter:label1\" content=\"Escrito por\" \/>\n\t<meta name=\"twitter:data1\" content=\"EDITOR\" \/>\n\t<meta name=\"twitter:label2\" content=\"Tiempo de lectura\" \/>\n\t<meta name=\"twitter:data2\" content=\"4 minutos\" \/>\n<script type=\"application\/ld+json\" class=\"yoast-schema-graph\">{\"@context\":\"https:\/\/schema.org\",\"@graph\":[{\"@type\":\"WebPage\",\"@id\":\"https:\/\/laprensacristiana.com\/?p=9820\",\"url\":\"https:\/\/laprensacristiana.com\/?p=9820\",\"name\":\"Esto va a doler... - La Prensa Cristiana\",\"isPartOf\":{\"@id\":\"https:\/\/laprensacristiana.com\/#website\"},\"datePublished\":\"2020-07-24T15:16:59+00:00\",\"dateModified\":\"2020-07-24T15:17:02+00:00\",\"author\":{\"@id\":\"https:\/\/laprensacristiana.com\/#\/schema\/person\/3e7d82c6bfd6b1fa67010f8f7cd5256e\"},\"breadcrumb\":{\"@id\":\"https:\/\/laprensacristiana.com\/?p=9820#breadcrumb\"},\"inLanguage\":\"es\",\"potentialAction\":[{\"@type\":\"ReadAction\",\"target\":[\"https:\/\/laprensacristiana.com\/?p=9820\"]}]},{\"@type\":\"BreadcrumbList\",\"@id\":\"https:\/\/laprensacristiana.com\/?p=9820#breadcrumb\",\"itemListElement\":[{\"@type\":\"ListItem\",\"position\":1,\"name\":\"Portada\",\"item\":\"https:\/\/laprensacristiana.com\/\"},{\"@type\":\"ListItem\",\"position\":2,\"name\":\"Esto va a doler&#8230;\"}]},{\"@type\":\"WebSite\",\"@id\":\"https:\/\/laprensacristiana.com\/#website\",\"url\":\"https:\/\/laprensacristiana.com\/\",\"name\":\"La Prensa Cristiana\",\"description\":\"Anunciando Las Buenas Nuevas\",\"potentialAction\":[{\"@type\":\"SearchAction\",\"target\":{\"@type\":\"EntryPoint\",\"urlTemplate\":\"https:\/\/laprensacristiana.com\/?s={search_term_string}\"},\"query-input\":\"required name=search_term_string\"}],\"inLanguage\":\"es\"},{\"@type\":\"Person\",\"@id\":\"https:\/\/laprensacristiana.com\/#\/schema\/person\/3e7d82c6bfd6b1fa67010f8f7cd5256e\",\"name\":\"EDITOR\",\"image\":{\"@type\":\"ImageObject\",\"inLanguage\":\"es\",\"@id\":\"https:\/\/laprensacristiana.com\/#\/schema\/person\/image\/\",\"url\":\"https:\/\/secure.gravatar.com\/avatar\/72069dfb6c13772d9e8381e3638666d2?s=96&d=mm&r=g\",\"contentUrl\":\"https:\/\/secure.gravatar.com\/avatar\/72069dfb6c13772d9e8381e3638666d2?s=96&d=mm&r=g\",\"caption\":\"EDITOR\"},\"url\":\"https:\/\/laprensacristiana.com\/?author=3\"}]}<\/script>\n<!-- \/ Yoast SEO plugin. -->","yoast_head_json":{"title":"Esto va a doler... - La Prensa Cristiana","robots":{"index":"index","follow":"follow","max-snippet":"max-snippet:-1","max-image-preview":"max-image-preview:large","max-video-preview":"max-video-preview:-1"},"canonical":"https:\/\/laprensacristiana.com\/?p=9820","og_locale":"es_ES","og_type":"article","og_title":"Esto va a doler... - La Prensa Cristiana","og_description":"\u00bfQu\u00e9 est\u00e1 pasando con los j\u00f3venes y ni\u00f1os de esta generaci\u00f3n? \u00bfPor qu\u00e9 tanto anarquismo, violencia, abusos, drogas, vicios, abortos y divorcios? \u00bfQui\u00e9n ha culpado: ellos o nosotros? Si usted es adulto, es decir, si tiene m\u00e0s de cuarenta a\u00f1os de edad, tendr\u00e1 que recordar algunos antecedentes de su generaci\u00f3n que son relevantes para saber [&hellip;]","og_url":"https:\/\/laprensacristiana.com\/?p=9820","og_site_name":"La Prensa Cristiana","article_published_time":"2020-07-24T15:16:59+00:00","article_modified_time":"2020-07-24T15:17:02+00:00","og_image":[{"width":1280,"height":714,"url":"https:\/\/laprensacristiana.com\/wp-content\/uploads\/2020\/01\/2017-11-23-PHOTO-00003245-1.jpg","type":"image\/jpeg"}],"author":"EDITOR","twitter_card":"summary_large_image","twitter_misc":{"Escrito por":"EDITOR","Tiempo de lectura":"4 minutos"},"schema":{"@context":"https:\/\/schema.org","@graph":[{"@type":"WebPage","@id":"https:\/\/laprensacristiana.com\/?p=9820","url":"https:\/\/laprensacristiana.com\/?p=9820","name":"Esto va a doler... - La Prensa Cristiana","isPartOf":{"@id":"https:\/\/laprensacristiana.com\/#website"},"datePublished":"2020-07-24T15:16:59+00:00","dateModified":"2020-07-24T15:17:02+00:00","author":{"@id":"https:\/\/laprensacristiana.com\/#\/schema\/person\/3e7d82c6bfd6b1fa67010f8f7cd5256e"},"breadcrumb":{"@id":"https:\/\/laprensacristiana.com\/?p=9820#breadcrumb"},"inLanguage":"es","potentialAction":[{"@type":"ReadAction","target":["https:\/\/laprensacristiana.com\/?p=9820"]}]},{"@type":"BreadcrumbList","@id":"https:\/\/laprensacristiana.com\/?p=9820#breadcrumb","itemListElement":[{"@type":"ListItem","position":1,"name":"Portada","item":"https:\/\/laprensacristiana.com\/"},{"@type":"ListItem","position":2,"name":"Esto va a doler&#8230;"}]},{"@type":"WebSite","@id":"https:\/\/laprensacristiana.com\/#website","url":"https:\/\/laprensacristiana.com\/","name":"La Prensa Cristiana","description":"Anunciando Las Buenas Nuevas","potentialAction":[{"@type":"SearchAction","target":{"@type":"EntryPoint","urlTemplate":"https:\/\/laprensacristiana.com\/?s={search_term_string}"},"query-input":"required name=search_term_string"}],"inLanguage":"es"},{"@type":"Person","@id":"https:\/\/laprensacristiana.com\/#\/schema\/person\/3e7d82c6bfd6b1fa67010f8f7cd5256e","name":"EDITOR","image":{"@type":"ImageObject","inLanguage":"es","@id":"https:\/\/laprensacristiana.com\/#\/schema\/person\/image\/","url":"https:\/\/secure.gravatar.com\/avatar\/72069dfb6c13772d9e8381e3638666d2?s=96&d=mm&r=g","contentUrl":"https:\/\/secure.gravatar.com\/avatar\/72069dfb6c13772d9e8381e3638666d2?s=96&d=mm&r=g","caption":"EDITOR"},"url":"https:\/\/laprensacristiana.com\/?author=3"}]}},"_links":{"self":[{"href":"https:\/\/laprensacristiana.com\/index.php?rest_route=\/wp\/v2\/posts\/9820"}],"collection":[{"href":"https:\/\/laprensacristiana.com\/index.php?rest_route=\/wp\/v2\/posts"}],"about":[{"href":"https:\/\/laprensacristiana.com\/index.php?rest_route=\/wp\/v2\/types\/post"}],"author":[{"embeddable":true,"href":"https:\/\/laprensacristiana.com\/index.php?rest_route=\/wp\/v2\/users\/3"}],"replies":[{"embeddable":true,"href":"https:\/\/laprensacristiana.com\/index.php?rest_route=%2Fwp%2Fv2%2Fcomments&post=9820"}],"version-history":[{"count":1,"href":"https:\/\/laprensacristiana.com\/index.php?rest_route=\/wp\/v2\/posts\/9820\/revisions"}],"predecessor-version":[{"id":9821,"href":"https:\/\/laprensacristiana.com\/index.php?rest_route=\/wp\/v2\/posts\/9820\/revisions\/9821"}],"wp:featuredmedia":[{"embeddable":true,"href":"https:\/\/laprensacristiana.com\/index.php?rest_route=\/wp\/v2\/media\/7949"}],"wp:attachment":[{"href":"https:\/\/laprensacristiana.com\/index.php?rest_route=%2Fwp%2Fv2%2Fmedia&parent=9820"}],"wp:term":[{"taxonomy":"category","embeddable":true,"href":"https:\/\/laprensacristiana.com\/index.php?rest_route=%2Fwp%2Fv2%2Fcategories&post=9820"},{"taxonomy":"post_tag","embeddable":true,"href":"https:\/\/laprensacristiana.com\/index.php?rest_route=%2Fwp%2Fv2%2Ftags&post=9820"}],"curies":[{"name":"wp","href":"https:\/\/api.w.org\/{rel}","templated":true}]}}