{"id":9864,"date":"2020-07-29T20:27:39","date_gmt":"2020-07-29T20:27:39","guid":{"rendered":"https:\/\/laprensacristiana.com\/?p=9864"},"modified":"2020-07-29T20:27:41","modified_gmt":"2020-07-29T20:27:41","slug":"nombran-carretera-en-memoria-de-billy-graham","status":"publish","type":"post","link":"https:\/\/laprensacristiana.com\/?p=9864","title":{"rendered":"Nombran carretera en memoria de Billy Graham"},"content":{"rendered":"\n<p>El pasado 15 de julio el estado de Tennessee en Estados Unidos, nombr\u00f3 oficialmente&nbsp; el intercambio de la salida del 24 que se une a la Interestatal 26 de la autopista 321 de Estado Unidos&nbsp; en Johnson City, como el \u00abIntercambio en memoria de Billy Graham\u00bb.<\/p>\n\n\n\n<p>El reconocimiento fue recibido por su nieto Will Graham, frente a medios de comunicaci\u00f3n, dignatarios locales y&nbsp; asociados al ministerio, se descubri\u00f3 el letrero en honor al evangelista Billy Graham quien falleci\u00f3 el 21 de febrero de 2018.<\/p>\n\n\n\n<p>\u201cEra el hombre m\u00e1s humilde. Un hombre muy amable. Y era un hombre muy gentil \u00bb expres\u00f3 su nieto will Graham seg\u00fan el&nbsp; sitio oficial de Billy Graham Evangelistic Association.<\/p>\n\n\n\n<p>Anualmente&nbsp; la Legislaci\u00f3n General aprueba el nombramiento de carreteras, autopistas y puentes de Tennessee en honor a personas distinguidas.&nbsp;<\/p>\n\n\n\n<p>El Reverendo&nbsp; Billy Graham asesor\u00f3 a presidentes de los Estados Unidos y recibi\u00f3 muchos premios, incluida la medalla de oro del Congreso. Siendo recordado por su labor, llevamos el evangelio de Cristo a los rincones de la tierra.&nbsp;<\/p>\n\n\n\n<p>Este nombramiento se une a otras carreteras que llevan su nombre, c\u00f3mo la Billy Graham Parkway en Charlotte, Carolina del Norte (donde creci\u00f3), la autopista Billy Graham en Asheville, Carolina del Norte, y la avenida Billy Graham en Cleveland, Tennessee.<\/p>\n\n\n\n<figure class=\"wp-block-image size-large\"><img decoding=\"async\" loading=\"lazy\" width=\"1024\" height=\"682\" src=\"https:\/\/laprensacristiana.com\/wp-content\/uploads\/2020\/07\/WhatsApp-Image-2020-07-29-at-12.46.55-1024x682.jpeg\" alt=\"\" class=\"wp-image-9866\" srcset=\"https:\/\/laprensacristiana.com\/wp-content\/uploads\/2020\/07\/WhatsApp-Image-2020-07-29-at-12.46.55-1024x682.jpeg 1024w, https:\/\/laprensacristiana.com\/wp-content\/uploads\/2020\/07\/WhatsApp-Image-2020-07-29-at-12.46.55-300x200.jpeg 300w, https:\/\/laprensacristiana.com\/wp-content\/uploads\/2020\/07\/WhatsApp-Image-2020-07-29-at-12.46.55-768x512.jpeg 768w, https:\/\/laprensacristiana.com\/wp-content\/uploads\/2020\/07\/WhatsApp-Image-2020-07-29-at-12.46.55-696x464.jpeg 696w, https:\/\/laprensacristiana.com\/wp-content\/uploads\/2020\/07\/WhatsApp-Image-2020-07-29-at-12.46.55-1068x712.jpeg 1068w, https:\/\/laprensacristiana.com\/wp-content\/uploads\/2020\/07\/WhatsApp-Image-2020-07-29-at-12.46.55-600x400.jpeg 600w, https:\/\/laprensacristiana.com\/wp-content\/uploads\/2020\/07\/WhatsApp-Image-2020-07-29-at-12.46.55.jpeg 1280w\" sizes=\"(max-width: 1024px) 100vw, 1024px\" \/><figcaption>Imagen <a href=\"https:\/\/billygraham.org\/\">Asociaci\u00f3n Evangel\u00edstica Billy Graham<\/a><\/figcaption><\/figure>\n","protected":false},"excerpt":{"rendered":"<p>El pasado 15 de julio el estado de Tennessee en Estados Unidos, nombr\u00f3 oficialmente&nbsp; el intercambio de la salida del 24 que se une a la Interestatal 26 de la autopista 321 de Estado Unidos&nbsp; en Johnson City, como el \u00abIntercambio en memoria de Billy Graham\u00bb. El reconocimiento fue recibido por su nieto Will Graham, [&hellip;]<\/p>\n","protected":false},"author":3,"featured_media":9865,"comment_status":"open","ping_status":"open","sticky":false,"template":"","format":"standard","meta":[],"categories":[56],"tags":[],"yoast_head":"<!-- This site is optimized with the Yoast SEO plugin v20.8 - https:\/\/yoast.com\/wordpress\/plugins\/seo\/ -->\n<title>Nombran carretera en memoria de Billy Graham - La Prensa Cristiana<\/title>\n<meta name=\"robots\" content=\"index, follow, max-snippet:-1, max-image-preview:large, max-video-preview:-1\" \/>\n<link rel=\"canonical\" href=\"https:\/\/laprensacristiana.com\/?p=9864\" \/>\n<meta property=\"og:locale\" content=\"es_ES\" \/>\n<meta property=\"og:type\" content=\"article\" \/>\n<meta property=\"og:title\" content=\"Nombran carretera en memoria de Billy Graham - La Prensa Cristiana\" \/>\n<meta property=\"og:description\" content=\"El pasado 15 de julio el estado de Tennessee en Estados Unidos, nombr\u00f3 oficialmente&nbsp; el intercambio de la salida del 24 que se une a la Interestatal 26 de la autopista 321 de Estado Unidos&nbsp; en Johnson City, como el \u00abIntercambio en memoria de Billy Graham\u00bb. El reconocimiento fue recibido por su nieto Will Graham, [&hellip;]\" \/>\n<meta property=\"og:url\" content=\"https:\/\/laprensacristiana.com\/?p=9864\" \/>\n<meta property=\"og:site_name\" content=\"La Prensa Cristiana\" \/>\n<meta property=\"article:published_time\" content=\"2020-07-29T20:27:39+00:00\" \/>\n<meta property=\"article:modified_time\" content=\"2020-07-29T20:27:41+00:00\" \/>\n<meta property=\"og:image\" content=\"https:\/\/laprensacristiana.com\/wp-content\/uploads\/2020\/07\/WhatsApp-Image-2020-07-29-at-12.46.58.jpeg\" \/>\n\t<meta property=\"og:image:width\" content=\"1308\" \/>\n\t<meta property=\"og:image:height\" content=\"872\" \/>\n\t<meta property=\"og:image:type\" content=\"image\/jpeg\" \/>\n<meta name=\"author\" content=\"EDITOR\" \/>\n<meta name=\"twitter:card\" content=\"summary_large_image\" \/>\n<meta name=\"twitter:label1\" content=\"Escrito por\" \/>\n\t<meta name=\"twitter:data1\" content=\"EDITOR\" \/>\n\t<meta name=\"twitter:label2\" content=\"Tiempo de lectura\" \/>\n\t<meta name=\"twitter:data2\" content=\"1 minuto\" \/>\n<script type=\"application\/ld+json\" class=\"yoast-schema-graph\">{\"@context\":\"https:\/\/schema.org\",\"@graph\":[{\"@type\":\"WebPage\",\"@id\":\"https:\/\/laprensacristiana.com\/?p=9864\",\"url\":\"https:\/\/laprensacristiana.com\/?p=9864\",\"name\":\"Nombran carretera en memoria de Billy Graham - La Prensa Cristiana\",\"isPartOf\":{\"@id\":\"https:\/\/laprensacristiana.com\/#website\"},\"datePublished\":\"2020-07-29T20:27:39+00:00\",\"dateModified\":\"2020-07-29T20:27:41+00:00\",\"author\":{\"@id\":\"https:\/\/laprensacristiana.com\/#\/schema\/person\/3e7d82c6bfd6b1fa67010f8f7cd5256e\"},\"breadcrumb\":{\"@id\":\"https:\/\/laprensacristiana.com\/?p=9864#breadcrumb\"},\"inLanguage\":\"es\",\"potentialAction\":[{\"@type\":\"ReadAction\",\"target\":[\"https:\/\/laprensacristiana.com\/?p=9864\"]}]},{\"@type\":\"BreadcrumbList\",\"@id\":\"https:\/\/laprensacristiana.com\/?p=9864#breadcrumb\",\"itemListElement\":[{\"@type\":\"ListItem\",\"position\":1,\"name\":\"Portada\",\"item\":\"https:\/\/laprensacristiana.com\/\"},{\"@type\":\"ListItem\",\"position\":2,\"name\":\"Nombran carretera en memoria de Billy Graham\"}]},{\"@type\":\"WebSite\",\"@id\":\"https:\/\/laprensacristiana.com\/#website\",\"url\":\"https:\/\/laprensacristiana.com\/\",\"name\":\"La Prensa Cristiana\",\"description\":\"Anunciando Las Buenas Nuevas\",\"potentialAction\":[{\"@type\":\"SearchAction\",\"target\":{\"@type\":\"EntryPoint\",\"urlTemplate\":\"https:\/\/laprensacristiana.com\/?s={search_term_string}\"},\"query-input\":\"required name=search_term_string\"}],\"inLanguage\":\"es\"},{\"@type\":\"Person\",\"@id\":\"https:\/\/laprensacristiana.com\/#\/schema\/person\/3e7d82c6bfd6b1fa67010f8f7cd5256e\",\"name\":\"EDITOR\",\"image\":{\"@type\":\"ImageObject\",\"inLanguage\":\"es\",\"@id\":\"https:\/\/laprensacristiana.com\/#\/schema\/person\/image\/\",\"url\":\"https:\/\/secure.gravatar.com\/avatar\/72069dfb6c13772d9e8381e3638666d2?s=96&d=mm&r=g\",\"contentUrl\":\"https:\/\/secure.gravatar.com\/avatar\/72069dfb6c13772d9e8381e3638666d2?s=96&d=mm&r=g\",\"caption\":\"EDITOR\"},\"url\":\"https:\/\/laprensacristiana.com\/?author=3\"}]}<\/script>\n<!-- \/ Yoast SEO plugin. -->","yoast_head_json":{"title":"Nombran carretera en memoria de Billy Graham - La Prensa Cristiana","robots":{"index":"index","follow":"follow","max-snippet":"max-snippet:-1","max-image-preview":"max-image-preview:large","max-video-preview":"max-video-preview:-1"},"canonical":"https:\/\/laprensacristiana.com\/?p=9864","og_locale":"es_ES","og_type":"article","og_title":"Nombran carretera en memoria de Billy Graham - La Prensa Cristiana","og_description":"El pasado 15 de julio el estado de Tennessee en Estados Unidos, nombr\u00f3 oficialmente&nbsp; el intercambio de la salida del 24 que se une a la Interestatal 26 de la autopista 321 de Estado Unidos&nbsp; en Johnson City, como el \u00abIntercambio en memoria de Billy Graham\u00bb. El reconocimiento fue recibido por su nieto Will Graham, [&hellip;]","og_url":"https:\/\/laprensacristiana.com\/?p=9864","og_site_name":"La Prensa Cristiana","article_published_time":"2020-07-29T20:27:39+00:00","article_modified_time":"2020-07-29T20:27:41+00:00","og_image":[{"width":1308,"height":872,"url":"https:\/\/laprensacristiana.com\/wp-content\/uploads\/2020\/07\/WhatsApp-Image-2020-07-29-at-12.46.58.jpeg","type":"image\/jpeg"}],"author":"EDITOR","twitter_card":"summary_large_image","twitter_misc":{"Escrito por":"EDITOR","Tiempo de lectura":"1 minuto"},"schema":{"@context":"https:\/\/schema.org","@graph":[{"@type":"WebPage","@id":"https:\/\/laprensacristiana.com\/?p=9864","url":"https:\/\/laprensacristiana.com\/?p=9864","name":"Nombran carretera en memoria de Billy Graham - La Prensa Cristiana","isPartOf":{"@id":"https:\/\/laprensacristiana.com\/#website"},"datePublished":"2020-07-29T20:27:39+00:00","dateModified":"2020-07-29T20:27:41+00:00","author":{"@id":"https:\/\/laprensacristiana.com\/#\/schema\/person\/3e7d82c6bfd6b1fa67010f8f7cd5256e"},"breadcrumb":{"@id":"https:\/\/laprensacristiana.com\/?p=9864#breadcrumb"},"inLanguage":"es","potentialAction":[{"@type":"ReadAction","target":["https:\/\/laprensacristiana.com\/?p=9864"]}]},{"@type":"BreadcrumbList","@id":"https:\/\/laprensacristiana.com\/?p=9864#breadcrumb","itemListElement":[{"@type":"ListItem","position":1,"name":"Portada","item":"https:\/\/laprensacristiana.com\/"},{"@type":"ListItem","position":2,"name":"Nombran carretera en memoria de Billy Graham"}]},{"@type":"WebSite","@id":"https:\/\/laprensacristiana.com\/#website","url":"https:\/\/laprensacristiana.com\/","name":"La Prensa Cristiana","description":"Anunciando Las Buenas Nuevas","potentialAction":[{"@type":"SearchAction","target":{"@type":"EntryPoint","urlTemplate":"https:\/\/laprensacristiana.com\/?s={search_term_string}"},"query-input":"required name=search_term_string"}],"inLanguage":"es"},{"@type":"Person","@id":"https:\/\/laprensacristiana.com\/#\/schema\/person\/3e7d82c6bfd6b1fa67010f8f7cd5256e","name":"EDITOR","image":{"@type":"ImageObject","inLanguage":"es","@id":"https:\/\/laprensacristiana.com\/#\/schema\/person\/image\/","url":"https:\/\/secure.gravatar.com\/avatar\/72069dfb6c13772d9e8381e3638666d2?s=96&d=mm&r=g","contentUrl":"https:\/\/secure.gravatar.com\/avatar\/72069dfb6c13772d9e8381e3638666d2?s=96&d=mm&r=g","caption":"EDITOR"},"url":"https:\/\/laprensacristiana.com\/?author=3"}]}},"_links":{"self":[{"href":"https:\/\/laprensacristiana.com\/index.php?rest_route=\/wp\/v2\/posts\/9864"}],"collection":[{"href":"https:\/\/laprensacristiana.com\/index.php?rest_route=\/wp\/v2\/posts"}],"about":[{"href":"https:\/\/laprensacristiana.com\/index.php?rest_route=\/wp\/v2\/types\/post"}],"author":[{"embeddable":true,"href":"https:\/\/laprensacristiana.com\/index.php?rest_route=\/wp\/v2\/users\/3"}],"replies":[{"embeddable":true,"href":"https:\/\/laprensacristiana.com\/index.php?rest_route=%2Fwp%2Fv2%2Fcomments&post=9864"}],"version-history":[{"count":1,"href":"https:\/\/laprensacristiana.com\/index.php?rest_route=\/wp\/v2\/posts\/9864\/revisions"}],"predecessor-version":[{"id":9867,"href":"https:\/\/laprensacristiana.com\/index.php?rest_route=\/wp\/v2\/posts\/9864\/revisions\/9867"}],"wp:featuredmedia":[{"embeddable":true,"href":"https:\/\/laprensacristiana.com\/index.php?rest_route=\/wp\/v2\/media\/9865"}],"wp:attachment":[{"href":"https:\/\/laprensacristiana.com\/index.php?rest_route=%2Fwp%2Fv2%2Fmedia&parent=9864"}],"wp:term":[{"taxonomy":"category","embeddable":true,"href":"https:\/\/laprensacristiana.com\/index.php?rest_route=%2Fwp%2Fv2%2Fcategories&post=9864"},{"taxonomy":"post_tag","embeddable":true,"href":"https:\/\/laprensacristiana.com\/index.php?rest_route=%2Fwp%2Fv2%2Ftags&post=9864"}],"curies":[{"name":"wp","href":"https:\/\/api.w.org\/{rel}","templated":true}]}}