{"id":9868,"date":"2020-07-29T21:14:36","date_gmt":"2020-07-29T21:14:36","guid":{"rendered":"https:\/\/laprensacristiana.com\/?p=9868"},"modified":"2020-07-29T21:14:38","modified_gmt":"2020-07-29T21:14:38","slug":"nino-con-paralisis-cerebral-recibe-un-regalo-del-ministerio-operation-christmas-child","status":"publish","type":"post","link":"https:\/\/laprensacristiana.com\/?p=9868","title":{"rendered":"Ni\u00f1o con par\u00e1lisis cerebral recibe un regalo del ministerio Operation Christmas Child"},"content":{"rendered":"\n<p>El ministerio naci\u00f3 en 1993, cuando el presidente de Samaritan&#8217;s Purse, el evangelista Franklin Graham, recibi\u00f3 una llamada de un hombre en Inglaterra quien le preguntaba si estar\u00eda dispuesto a llenar cajas de zapatos con regalos para ni\u00f1os en la Bosnia devastada por la guerra.<\/p>\n\n\n\n<p>Seg\u00fan la p\u00e1gina web oficial de Operation Christmas Child, Franklin le pidi\u00f3 a su amigo el difunto Pastor Ross Rhoads de la Iglesia del Calvario de Charlotte que viera si pod\u00eda ayudar con la necesidad. Un domingo poco despu\u00e9s, el pastor Rhoads demostr\u00f3 a su congregaci\u00f3n c\u00f3mo llenar una caja de zapatos con regalos simples y los alent\u00f3 a que tambi\u00e9n incluyeran una carta para el ni\u00f1o. En pocas semanas, la iglesia ten\u00eda 11,000 cajas de zapatos alineadas en sus pasillos.<\/p>\n\n\n\n<p>Desde entonces todos los a\u00f1os , Samaritan&#8217;s Purse ha recolectado regalos de cajas de zapatos llenos de juguetes, \u00fatiles escolares y art\u00edculos de higiene para ni\u00f1os de todo el mundo, m\u00e1s de 178 millones de ni\u00f1os en m\u00e1s de 150 pa\u00edses han recibido una caja de zapatos. Operation Christmas Child, para muchos ni\u00f1os es su primer regalo, el ministerio no solo ofrece alegr\u00eda sino que tambi\u00e9n les brinda una expresi\u00f3n tangible del amor de Dios.<\/p>\n\n\n\n<p>Un ni\u00f1o originario de Kenia en \u00c1frica, recibi\u00f3 una caja de zapatos con regalos, abri\u00f3 la caja felizmente con sus pies que ahora son sus manos, para ver y tocar todo lo que hab\u00eda dentro.<\/p>\n\n\n\n<p>El ministerio invita a todo el que quiera ser parte de esta alegr\u00eda, comprando y donando estas cajas de zapatos llenas de regalos para ni\u00f1os en diferentes partes del mundo.<\/p>\n\n\n\n<figure class=\"wp-block-embed-youtube wp-block-embed is-type-video is-provider-youtube wp-embed-aspect-16-9 wp-has-aspect-ratio\"><div class=\"wp-block-embed__wrapper\">\n<iframe loading=\"lazy\" title=\"Ni\u00f1o con par\u00e1lisis cerebral recibe un regalo del ministerio Operation Christmas Child\" width=\"696\" height=\"392\" src=\"https:\/\/www.youtube.com\/embed\/qi1oCRKmQws?feature=oembed&#038;enablejsapi=1\" frameborder=\"0\" allow=\"accelerometer; autoplay; encrypted-media; gyroscope; picture-in-picture\" allowfullscreen><\/iframe>\n<\/div><\/figure>\n\n\n\n<p><\/p>\n","protected":false},"excerpt":{"rendered":"<p>El ministerio naci\u00f3 en 1993, cuando el presidente de Samaritan&#8217;s Purse, el evangelista Franklin Graham, recibi\u00f3 una llamada de un hombre en Inglaterra quien le preguntaba si estar\u00eda dispuesto a llenar cajas de zapatos con regalos para ni\u00f1os en la Bosnia devastada por la guerra. Seg\u00fan la p\u00e1gina web oficial de Operation Christmas Child, Franklin [&hellip;]<\/p>\n","protected":false},"author":3,"featured_media":9870,"comment_status":"open","ping_status":"open","sticky":false,"template":"","format":"standard","meta":[],"categories":[56],"tags":[],"yoast_head":"<!-- This site is optimized with the Yoast SEO plugin v20.8 - https:\/\/yoast.com\/wordpress\/plugins\/seo\/ -->\n<title>Ni\u00f1o con par\u00e1lisis cerebral recibe un regalo del ministerio Operation Christmas Child - La Prensa Cristiana<\/title>\n<meta name=\"robots\" content=\"index, follow, max-snippet:-1, max-image-preview:large, max-video-preview:-1\" \/>\n<link rel=\"canonical\" href=\"https:\/\/laprensacristiana.com\/?p=9868\" \/>\n<meta property=\"og:locale\" content=\"es_ES\" \/>\n<meta property=\"og:type\" content=\"article\" \/>\n<meta property=\"og:title\" content=\"Ni\u00f1o con par\u00e1lisis cerebral recibe un regalo del ministerio Operation Christmas Child - La Prensa Cristiana\" \/>\n<meta property=\"og:description\" content=\"El ministerio naci\u00f3 en 1993, cuando el presidente de Samaritan&#8217;s Purse, el evangelista Franklin Graham, recibi\u00f3 una llamada de un hombre en Inglaterra quien le preguntaba si estar\u00eda dispuesto a llenar cajas de zapatos con regalos para ni\u00f1os en la Bosnia devastada por la guerra. Seg\u00fan la p\u00e1gina web oficial de Operation Christmas Child, Franklin [&hellip;]\" \/>\n<meta property=\"og:url\" content=\"https:\/\/laprensacristiana.com\/?p=9868\" \/>\n<meta property=\"og:site_name\" content=\"La Prensa Cristiana\" \/>\n<meta property=\"article:published_time\" content=\"2020-07-29T21:14:36+00:00\" \/>\n<meta property=\"article:modified_time\" content=\"2020-07-29T21:14:38+00:00\" \/>\n<meta property=\"og:image\" content=\"https:\/\/laprensacristiana.com\/wp-content\/uploads\/2020\/07\/WhatsApp-Image-2020-07-29-at-15.11.19.jpeg\" \/>\n\t<meta property=\"og:image:width\" content=\"716\" \/>\n\t<meta property=\"og:image:height\" content=\"1280\" \/>\n\t<meta property=\"og:image:type\" content=\"image\/jpeg\" \/>\n<meta name=\"author\" content=\"EDITOR\" \/>\n<meta name=\"twitter:card\" content=\"summary_large_image\" \/>\n<meta name=\"twitter:label1\" content=\"Escrito por\" \/>\n\t<meta name=\"twitter:data1\" content=\"EDITOR\" \/>\n\t<meta name=\"twitter:label2\" content=\"Tiempo de lectura\" \/>\n\t<meta name=\"twitter:data2\" content=\"1 minuto\" \/>\n<script type=\"application\/ld+json\" class=\"yoast-schema-graph\">{\"@context\":\"https:\/\/schema.org\",\"@graph\":[{\"@type\":\"WebPage\",\"@id\":\"https:\/\/laprensacristiana.com\/?p=9868\",\"url\":\"https:\/\/laprensacristiana.com\/?p=9868\",\"name\":\"Ni\u00f1o con par\u00e1lisis cerebral recibe un regalo del ministerio Operation Christmas Child - La Prensa Cristiana\",\"isPartOf\":{\"@id\":\"https:\/\/laprensacristiana.com\/#website\"},\"datePublished\":\"2020-07-29T21:14:36+00:00\",\"dateModified\":\"2020-07-29T21:14:38+00:00\",\"author\":{\"@id\":\"https:\/\/laprensacristiana.com\/#\/schema\/person\/3e7d82c6bfd6b1fa67010f8f7cd5256e\"},\"breadcrumb\":{\"@id\":\"https:\/\/laprensacristiana.com\/?p=9868#breadcrumb\"},\"inLanguage\":\"es\",\"potentialAction\":[{\"@type\":\"ReadAction\",\"target\":[\"https:\/\/laprensacristiana.com\/?p=9868\"]}]},{\"@type\":\"BreadcrumbList\",\"@id\":\"https:\/\/laprensacristiana.com\/?p=9868#breadcrumb\",\"itemListElement\":[{\"@type\":\"ListItem\",\"position\":1,\"name\":\"Portada\",\"item\":\"https:\/\/laprensacristiana.com\/\"},{\"@type\":\"ListItem\",\"position\":2,\"name\":\"Ni\u00f1o con par\u00e1lisis cerebral recibe un regalo del ministerio Operation Christmas Child\"}]},{\"@type\":\"WebSite\",\"@id\":\"https:\/\/laprensacristiana.com\/#website\",\"url\":\"https:\/\/laprensacristiana.com\/\",\"name\":\"La Prensa Cristiana\",\"description\":\"Anunciando Las Buenas Nuevas\",\"potentialAction\":[{\"@type\":\"SearchAction\",\"target\":{\"@type\":\"EntryPoint\",\"urlTemplate\":\"https:\/\/laprensacristiana.com\/?s={search_term_string}\"},\"query-input\":\"required name=search_term_string\"}],\"inLanguage\":\"es\"},{\"@type\":\"Person\",\"@id\":\"https:\/\/laprensacristiana.com\/#\/schema\/person\/3e7d82c6bfd6b1fa67010f8f7cd5256e\",\"name\":\"EDITOR\",\"image\":{\"@type\":\"ImageObject\",\"inLanguage\":\"es\",\"@id\":\"https:\/\/laprensacristiana.com\/#\/schema\/person\/image\/\",\"url\":\"https:\/\/secure.gravatar.com\/avatar\/72069dfb6c13772d9e8381e3638666d2?s=96&d=mm&r=g\",\"contentUrl\":\"https:\/\/secure.gravatar.com\/avatar\/72069dfb6c13772d9e8381e3638666d2?s=96&d=mm&r=g\",\"caption\":\"EDITOR\"},\"url\":\"https:\/\/laprensacristiana.com\/?author=3\"}]}<\/script>\n<!-- \/ Yoast SEO plugin. -->","yoast_head_json":{"title":"Ni\u00f1o con par\u00e1lisis cerebral recibe un regalo del ministerio Operation Christmas Child - La Prensa Cristiana","robots":{"index":"index","follow":"follow","max-snippet":"max-snippet:-1","max-image-preview":"max-image-preview:large","max-video-preview":"max-video-preview:-1"},"canonical":"https:\/\/laprensacristiana.com\/?p=9868","og_locale":"es_ES","og_type":"article","og_title":"Ni\u00f1o con par\u00e1lisis cerebral recibe un regalo del ministerio Operation Christmas Child - La Prensa Cristiana","og_description":"El ministerio naci\u00f3 en 1993, cuando el presidente de Samaritan&#8217;s Purse, el evangelista Franklin Graham, recibi\u00f3 una llamada de un hombre en Inglaterra quien le preguntaba si estar\u00eda dispuesto a llenar cajas de zapatos con regalos para ni\u00f1os en la Bosnia devastada por la guerra. Seg\u00fan la p\u00e1gina web oficial de Operation Christmas Child, Franklin [&hellip;]","og_url":"https:\/\/laprensacristiana.com\/?p=9868","og_site_name":"La Prensa Cristiana","article_published_time":"2020-07-29T21:14:36+00:00","article_modified_time":"2020-07-29T21:14:38+00:00","og_image":[{"width":716,"height":1280,"url":"https:\/\/laprensacristiana.com\/wp-content\/uploads\/2020\/07\/WhatsApp-Image-2020-07-29-at-15.11.19.jpeg","type":"image\/jpeg"}],"author":"EDITOR","twitter_card":"summary_large_image","twitter_misc":{"Escrito por":"EDITOR","Tiempo de lectura":"1 minuto"},"schema":{"@context":"https:\/\/schema.org","@graph":[{"@type":"WebPage","@id":"https:\/\/laprensacristiana.com\/?p=9868","url":"https:\/\/laprensacristiana.com\/?p=9868","name":"Ni\u00f1o con par\u00e1lisis cerebral recibe un regalo del ministerio Operation Christmas Child - La Prensa Cristiana","isPartOf":{"@id":"https:\/\/laprensacristiana.com\/#website"},"datePublished":"2020-07-29T21:14:36+00:00","dateModified":"2020-07-29T21:14:38+00:00","author":{"@id":"https:\/\/laprensacristiana.com\/#\/schema\/person\/3e7d82c6bfd6b1fa67010f8f7cd5256e"},"breadcrumb":{"@id":"https:\/\/laprensacristiana.com\/?p=9868#breadcrumb"},"inLanguage":"es","potentialAction":[{"@type":"ReadAction","target":["https:\/\/laprensacristiana.com\/?p=9868"]}]},{"@type":"BreadcrumbList","@id":"https:\/\/laprensacristiana.com\/?p=9868#breadcrumb","itemListElement":[{"@type":"ListItem","position":1,"name":"Portada","item":"https:\/\/laprensacristiana.com\/"},{"@type":"ListItem","position":2,"name":"Ni\u00f1o con par\u00e1lisis cerebral recibe un regalo del ministerio Operation Christmas Child"}]},{"@type":"WebSite","@id":"https:\/\/laprensacristiana.com\/#website","url":"https:\/\/laprensacristiana.com\/","name":"La Prensa Cristiana","description":"Anunciando Las Buenas Nuevas","potentialAction":[{"@type":"SearchAction","target":{"@type":"EntryPoint","urlTemplate":"https:\/\/laprensacristiana.com\/?s={search_term_string}"},"query-input":"required name=search_term_string"}],"inLanguage":"es"},{"@type":"Person","@id":"https:\/\/laprensacristiana.com\/#\/schema\/person\/3e7d82c6bfd6b1fa67010f8f7cd5256e","name":"EDITOR","image":{"@type":"ImageObject","inLanguage":"es","@id":"https:\/\/laprensacristiana.com\/#\/schema\/person\/image\/","url":"https:\/\/secure.gravatar.com\/avatar\/72069dfb6c13772d9e8381e3638666d2?s=96&d=mm&r=g","contentUrl":"https:\/\/secure.gravatar.com\/avatar\/72069dfb6c13772d9e8381e3638666d2?s=96&d=mm&r=g","caption":"EDITOR"},"url":"https:\/\/laprensacristiana.com\/?author=3"}]}},"_links":{"self":[{"href":"https:\/\/laprensacristiana.com\/index.php?rest_route=\/wp\/v2\/posts\/9868"}],"collection":[{"href":"https:\/\/laprensacristiana.com\/index.php?rest_route=\/wp\/v2\/posts"}],"about":[{"href":"https:\/\/laprensacristiana.com\/index.php?rest_route=\/wp\/v2\/types\/post"}],"author":[{"embeddable":true,"href":"https:\/\/laprensacristiana.com\/index.php?rest_route=\/wp\/v2\/users\/3"}],"replies":[{"embeddable":true,"href":"https:\/\/laprensacristiana.com\/index.php?rest_route=%2Fwp%2Fv2%2Fcomments&post=9868"}],"version-history":[{"count":1,"href":"https:\/\/laprensacristiana.com\/index.php?rest_route=\/wp\/v2\/posts\/9868\/revisions"}],"predecessor-version":[{"id":9871,"href":"https:\/\/laprensacristiana.com\/index.php?rest_route=\/wp\/v2\/posts\/9868\/revisions\/9871"}],"wp:featuredmedia":[{"embeddable":true,"href":"https:\/\/laprensacristiana.com\/index.php?rest_route=\/wp\/v2\/media\/9870"}],"wp:attachment":[{"href":"https:\/\/laprensacristiana.com\/index.php?rest_route=%2Fwp%2Fv2%2Fmedia&parent=9868"}],"wp:term":[{"taxonomy":"category","embeddable":true,"href":"https:\/\/laprensacristiana.com\/index.php?rest_route=%2Fwp%2Fv2%2Fcategories&post=9868"},{"taxonomy":"post_tag","embeddable":true,"href":"https:\/\/laprensacristiana.com\/index.php?rest_route=%2Fwp%2Fv2%2Ftags&post=9868"}],"curies":[{"name":"wp","href":"https:\/\/api.w.org\/{rel}","templated":true}]}}