{"id":9878,"date":"2020-07-30T16:52:15","date_gmt":"2020-07-30T16:52:15","guid":{"rendered":"https:\/\/laprensacristiana.com\/?p=9878"},"modified":"2020-07-30T16:52:18","modified_gmt":"2020-07-30T16:52:18","slug":"la-asociacion-evangelistica-billy-graham-dara-una-conferencia-gratuita-para-pastores","status":"publish","type":"post","link":"https:\/\/laprensacristiana.com\/?p=9878","title":{"rendered":"La Asociaci\u00f3n Evangel\u00edstica Billy Graham  dar\u00e1 una conferencia gratuita para pastores"},"content":{"rendered":"\n<p>Este pr\u00f3ximo 31 de julio y s\u00e1bado 01 de agosto se trasmitir\u00e1n a las 10 AM, hora del este en Estado Unidos, la conferencia \u201cFidelidad Extrema, m\u00e1s all\u00e1 del COVID\u201d, una conferencia gratuita en espa\u00f1ol que se llevar\u00e1 a cabo virtualmente, con el&nbsp; prop\u00f3sito de alentar y equipar a pastores y l\u00edderes evang\u00e9licos en estos tiempos de extrema dificultad debido a la pandemia.<\/p>\n\n\n\n<p>El s\u00e1bado 1 de agosto ser\u00e1 incluido en el programa un concierto de adoraci\u00f3n con Marcos Witt, Christine D\u2019Clario y&nbsp; Miel San Marcos, a las 6:00. Los programas y el concierto de adoraci\u00f3n fueron grabados en el Museo Billy Graham en Charlotte, Carolina del Norte. Ambos ser\u00e1n transmitidos en la p\u00e1gina de Facebook Fidelidad Extrema y en l\u00ednea.<\/p>\n\n\n\n<p>Una de los factores por las que nace este tipo de&nbsp; conferencia en l\u00ednea&nbsp; se debe al alto \u00edndice de pastores brasile\u00f1os que se suicidan cada a\u00f1o.<\/p>\n\n\n\n<p>\u201cM\u00e1s cl\u00e9rigos se suicidan en este pa\u00eds que en cualquier otro, en gran parte porque nadie est\u00e1 pastoreando a los pastores. Est\u00e1n deprimidos, se sienten solos y est\u00e1n siendo retados en su teolog\u00eda [cristiana]. Algunos se preguntan por qu\u00e9 un Dios bueno permite tanto sufrimiento\u201d expres\u00f3 Chris Swanson, director de Proyectos Latinoamericanos para la Asociaci\u00f3n Evangel\u00edstica Billy Graham, seg\u00fan la p\u00e1gina web de Asociaci\u00f3n Evangel\u00edstica Billy Graham.<\/p>\n\n\n\n<p>Su deseo es alentar a los pastores y transmitir un mensaje para animarlos a seguir compartiendo el evangelio aun en medio de la prueba.<\/p>\n\n\n\n<figure class=\"wp-block-image size-large\"><img decoding=\"async\" loading=\"lazy\" width=\"960\" height=\"654\" src=\"https:\/\/laprensacristiana.com\/wp-content\/uploads\/2020\/07\/TS1_7323-960x654-1.jpg\" alt=\"\" class=\"wp-image-9874\" srcset=\"https:\/\/laprensacristiana.com\/wp-content\/uploads\/2020\/07\/TS1_7323-960x654-1.jpg 960w, https:\/\/laprensacristiana.com\/wp-content\/uploads\/2020\/07\/TS1_7323-960x654-1-300x204.jpg 300w, https:\/\/laprensacristiana.com\/wp-content\/uploads\/2020\/07\/TS1_7323-960x654-1-768x523.jpg 768w, https:\/\/laprensacristiana.com\/wp-content\/uploads\/2020\/07\/TS1_7323-960x654-1-218x150.jpg 218w, https:\/\/laprensacristiana.com\/wp-content\/uploads\/2020\/07\/TS1_7323-960x654-1-696x474.jpg 696w, https:\/\/laprensacristiana.com\/wp-content\/uploads\/2020\/07\/TS1_7323-960x654-1-600x409.jpg 600w\" sizes=\"(max-width: 960px) 100vw, 960px\" \/><figcaption>Imagen Asociaci\u00f3n Evangel\u00edstica Billy Graham<\/figcaption><\/figure>\n","protected":false},"excerpt":{"rendered":"<p>Este pr\u00f3ximo 31 de julio y s\u00e1bado 01 de agosto se trasmitir\u00e1n a las 10 AM, hora del este en Estado Unidos, la conferencia \u201cFidelidad Extrema, m\u00e1s all\u00e1 del COVID\u201d, una conferencia gratuita en espa\u00f1ol que se llevar\u00e1 a cabo virtualmente, con el&nbsp; prop\u00f3sito de alentar y equipar a pastores y l\u00edderes evang\u00e9licos en estos [&hellip;]<\/p>\n","protected":false},"author":3,"featured_media":9873,"comment_status":"open","ping_status":"open","sticky":false,"template":"","format":"standard","meta":[],"categories":[56],"tags":[],"yoast_head":"<!-- This site is optimized with the Yoast SEO plugin v20.8 - https:\/\/yoast.com\/wordpress\/plugins\/seo\/ -->\n<title>La Asociaci\u00f3n Evangel\u00edstica Billy Graham dar\u00e1 una conferencia gratuita para pastores - La Prensa Cristiana<\/title>\n<meta name=\"robots\" content=\"index, follow, max-snippet:-1, max-image-preview:large, max-video-preview:-1\" \/>\n<link rel=\"canonical\" href=\"https:\/\/laprensacristiana.com\/?p=9878\" \/>\n<meta property=\"og:locale\" content=\"es_ES\" \/>\n<meta property=\"og:type\" content=\"article\" \/>\n<meta property=\"og:title\" content=\"La Asociaci\u00f3n Evangel\u00edstica Billy Graham dar\u00e1 una conferencia gratuita para pastores - La Prensa Cristiana\" \/>\n<meta property=\"og:description\" content=\"Este pr\u00f3ximo 31 de julio y s\u00e1bado 01 de agosto se trasmitir\u00e1n a las 10 AM, hora del este en Estado Unidos, la conferencia \u201cFidelidad Extrema, m\u00e1s all\u00e1 del COVID\u201d, una conferencia gratuita en espa\u00f1ol que se llevar\u00e1 a cabo virtualmente, con el&nbsp; prop\u00f3sito de alentar y equipar a pastores y l\u00edderes evang\u00e9licos en estos [&hellip;]\" \/>\n<meta property=\"og:url\" content=\"https:\/\/laprensacristiana.com\/?p=9878\" \/>\n<meta property=\"og:site_name\" content=\"La Prensa Cristiana\" \/>\n<meta property=\"article:published_time\" content=\"2020-07-30T16:52:15+00:00\" \/>\n<meta property=\"article:modified_time\" content=\"2020-07-30T16:52:18+00:00\" \/>\n<meta property=\"og:image\" content=\"https:\/\/laprensacristiana.com\/wp-content\/uploads\/2020\/07\/TS1_6675-FeatureSpanish.png\" \/>\n\t<meta property=\"og:image:width\" content=\"712\" \/>\n\t<meta property=\"og:image:height\" content=\"475\" \/>\n\t<meta property=\"og:image:type\" content=\"image\/png\" \/>\n<meta name=\"author\" content=\"EDITOR\" \/>\n<meta name=\"twitter:card\" content=\"summary_large_image\" \/>\n<meta name=\"twitter:label1\" content=\"Escrito por\" \/>\n\t<meta name=\"twitter:data1\" content=\"EDITOR\" \/>\n\t<meta name=\"twitter:label2\" content=\"Tiempo de lectura\" \/>\n\t<meta name=\"twitter:data2\" content=\"1 minuto\" \/>\n<script type=\"application\/ld+json\" class=\"yoast-schema-graph\">{\"@context\":\"https:\/\/schema.org\",\"@graph\":[{\"@type\":\"WebPage\",\"@id\":\"https:\/\/laprensacristiana.com\/?p=9878\",\"url\":\"https:\/\/laprensacristiana.com\/?p=9878\",\"name\":\"La Asociaci\u00f3n Evangel\u00edstica Billy Graham dar\u00e1 una conferencia gratuita para pastores - La Prensa Cristiana\",\"isPartOf\":{\"@id\":\"https:\/\/laprensacristiana.com\/#website\"},\"datePublished\":\"2020-07-30T16:52:15+00:00\",\"dateModified\":\"2020-07-30T16:52:18+00:00\",\"author\":{\"@id\":\"https:\/\/laprensacristiana.com\/#\/schema\/person\/3e7d82c6bfd6b1fa67010f8f7cd5256e\"},\"breadcrumb\":{\"@id\":\"https:\/\/laprensacristiana.com\/?p=9878#breadcrumb\"},\"inLanguage\":\"es\",\"potentialAction\":[{\"@type\":\"ReadAction\",\"target\":[\"https:\/\/laprensacristiana.com\/?p=9878\"]}]},{\"@type\":\"BreadcrumbList\",\"@id\":\"https:\/\/laprensacristiana.com\/?p=9878#breadcrumb\",\"itemListElement\":[{\"@type\":\"ListItem\",\"position\":1,\"name\":\"Portada\",\"item\":\"https:\/\/laprensacristiana.com\/\"},{\"@type\":\"ListItem\",\"position\":2,\"name\":\"La Asociaci\u00f3n Evangel\u00edstica Billy Graham dar\u00e1 una conferencia gratuita para pastores\"}]},{\"@type\":\"WebSite\",\"@id\":\"https:\/\/laprensacristiana.com\/#website\",\"url\":\"https:\/\/laprensacristiana.com\/\",\"name\":\"La Prensa Cristiana\",\"description\":\"Anunciando Las Buenas Nuevas\",\"potentialAction\":[{\"@type\":\"SearchAction\",\"target\":{\"@type\":\"EntryPoint\",\"urlTemplate\":\"https:\/\/laprensacristiana.com\/?s={search_term_string}\"},\"query-input\":\"required name=search_term_string\"}],\"inLanguage\":\"es\"},{\"@type\":\"Person\",\"@id\":\"https:\/\/laprensacristiana.com\/#\/schema\/person\/3e7d82c6bfd6b1fa67010f8f7cd5256e\",\"name\":\"EDITOR\",\"image\":{\"@type\":\"ImageObject\",\"inLanguage\":\"es\",\"@id\":\"https:\/\/laprensacristiana.com\/#\/schema\/person\/image\/\",\"url\":\"https:\/\/secure.gravatar.com\/avatar\/72069dfb6c13772d9e8381e3638666d2?s=96&d=mm&r=g\",\"contentUrl\":\"https:\/\/secure.gravatar.com\/avatar\/72069dfb6c13772d9e8381e3638666d2?s=96&d=mm&r=g\",\"caption\":\"EDITOR\"},\"url\":\"https:\/\/laprensacristiana.com\/?author=3\"}]}<\/script>\n<!-- \/ Yoast SEO plugin. -->","yoast_head_json":{"title":"La Asociaci\u00f3n Evangel\u00edstica Billy Graham dar\u00e1 una conferencia gratuita para pastores - La Prensa Cristiana","robots":{"index":"index","follow":"follow","max-snippet":"max-snippet:-1","max-image-preview":"max-image-preview:large","max-video-preview":"max-video-preview:-1"},"canonical":"https:\/\/laprensacristiana.com\/?p=9878","og_locale":"es_ES","og_type":"article","og_title":"La Asociaci\u00f3n Evangel\u00edstica Billy Graham dar\u00e1 una conferencia gratuita para pastores - La Prensa Cristiana","og_description":"Este pr\u00f3ximo 31 de julio y s\u00e1bado 01 de agosto se trasmitir\u00e1n a las 10 AM, hora del este en Estado Unidos, la conferencia \u201cFidelidad Extrema, m\u00e1s all\u00e1 del COVID\u201d, una conferencia gratuita en espa\u00f1ol que se llevar\u00e1 a cabo virtualmente, con el&nbsp; prop\u00f3sito de alentar y equipar a pastores y l\u00edderes evang\u00e9licos en estos [&hellip;]","og_url":"https:\/\/laprensacristiana.com\/?p=9878","og_site_name":"La Prensa Cristiana","article_published_time":"2020-07-30T16:52:15+00:00","article_modified_time":"2020-07-30T16:52:18+00:00","og_image":[{"width":712,"height":475,"url":"https:\/\/laprensacristiana.com\/wp-content\/uploads\/2020\/07\/TS1_6675-FeatureSpanish.png","type":"image\/png"}],"author":"EDITOR","twitter_card":"summary_large_image","twitter_misc":{"Escrito por":"EDITOR","Tiempo de lectura":"1 minuto"},"schema":{"@context":"https:\/\/schema.org","@graph":[{"@type":"WebPage","@id":"https:\/\/laprensacristiana.com\/?p=9878","url":"https:\/\/laprensacristiana.com\/?p=9878","name":"La Asociaci\u00f3n Evangel\u00edstica Billy Graham dar\u00e1 una conferencia gratuita para pastores - La Prensa Cristiana","isPartOf":{"@id":"https:\/\/laprensacristiana.com\/#website"},"datePublished":"2020-07-30T16:52:15+00:00","dateModified":"2020-07-30T16:52:18+00:00","author":{"@id":"https:\/\/laprensacristiana.com\/#\/schema\/person\/3e7d82c6bfd6b1fa67010f8f7cd5256e"},"breadcrumb":{"@id":"https:\/\/laprensacristiana.com\/?p=9878#breadcrumb"},"inLanguage":"es","potentialAction":[{"@type":"ReadAction","target":["https:\/\/laprensacristiana.com\/?p=9878"]}]},{"@type":"BreadcrumbList","@id":"https:\/\/laprensacristiana.com\/?p=9878#breadcrumb","itemListElement":[{"@type":"ListItem","position":1,"name":"Portada","item":"https:\/\/laprensacristiana.com\/"},{"@type":"ListItem","position":2,"name":"La Asociaci\u00f3n Evangel\u00edstica Billy Graham dar\u00e1 una conferencia gratuita para pastores"}]},{"@type":"WebSite","@id":"https:\/\/laprensacristiana.com\/#website","url":"https:\/\/laprensacristiana.com\/","name":"La Prensa Cristiana","description":"Anunciando Las Buenas Nuevas","potentialAction":[{"@type":"SearchAction","target":{"@type":"EntryPoint","urlTemplate":"https:\/\/laprensacristiana.com\/?s={search_term_string}"},"query-input":"required name=search_term_string"}],"inLanguage":"es"},{"@type":"Person","@id":"https:\/\/laprensacristiana.com\/#\/schema\/person\/3e7d82c6bfd6b1fa67010f8f7cd5256e","name":"EDITOR","image":{"@type":"ImageObject","inLanguage":"es","@id":"https:\/\/laprensacristiana.com\/#\/schema\/person\/image\/","url":"https:\/\/secure.gravatar.com\/avatar\/72069dfb6c13772d9e8381e3638666d2?s=96&d=mm&r=g","contentUrl":"https:\/\/secure.gravatar.com\/avatar\/72069dfb6c13772d9e8381e3638666d2?s=96&d=mm&r=g","caption":"EDITOR"},"url":"https:\/\/laprensacristiana.com\/?author=3"}]}},"_links":{"self":[{"href":"https:\/\/laprensacristiana.com\/index.php?rest_route=\/wp\/v2\/posts\/9878"}],"collection":[{"href":"https:\/\/laprensacristiana.com\/index.php?rest_route=\/wp\/v2\/posts"}],"about":[{"href":"https:\/\/laprensacristiana.com\/index.php?rest_route=\/wp\/v2\/types\/post"}],"author":[{"embeddable":true,"href":"https:\/\/laprensacristiana.com\/index.php?rest_route=\/wp\/v2\/users\/3"}],"replies":[{"embeddable":true,"href":"https:\/\/laprensacristiana.com\/index.php?rest_route=%2Fwp%2Fv2%2Fcomments&post=9878"}],"version-history":[{"count":1,"href":"https:\/\/laprensacristiana.com\/index.php?rest_route=\/wp\/v2\/posts\/9878\/revisions"}],"predecessor-version":[{"id":9879,"href":"https:\/\/laprensacristiana.com\/index.php?rest_route=\/wp\/v2\/posts\/9878\/revisions\/9879"}],"wp:featuredmedia":[{"embeddable":true,"href":"https:\/\/laprensacristiana.com\/index.php?rest_route=\/wp\/v2\/media\/9873"}],"wp:attachment":[{"href":"https:\/\/laprensacristiana.com\/index.php?rest_route=%2Fwp%2Fv2%2Fmedia&parent=9878"}],"wp:term":[{"taxonomy":"category","embeddable":true,"href":"https:\/\/laprensacristiana.com\/index.php?rest_route=%2Fwp%2Fv2%2Fcategories&post=9878"},{"taxonomy":"post_tag","embeddable":true,"href":"https:\/\/laprensacristiana.com\/index.php?rest_route=%2Fwp%2Fv2%2Ftags&post=9878"}],"curies":[{"name":"wp","href":"https:\/\/api.w.org\/{rel}","templated":true}]}}