{"id":9882,"date":"2020-07-30T18:29:12","date_gmt":"2020-07-30T18:29:12","guid":{"rendered":"https:\/\/laprensacristiana.com\/?p=9882"},"modified":"2020-07-30T18:29:15","modified_gmt":"2020-07-30T18:29:15","slug":"04-de-septiembre-es-la-nueva-fecha-para-reapertura-de-iglesias","status":"publish","type":"post","link":"https:\/\/laprensacristiana.com\/?p=9882","title":{"rendered":"04 de Septiembre es la nueva fecha para reapertura de iglesias"},"content":{"rendered":"\n<p>El d\u00eda de ayer el presidente de la Republica de El Salvador anunci\u00f3 las nuevas fechas de reapertura de cada fase, actualmente El Salvador se mantiene en la fase n\u00famero uno de reapertura econ\u00f3mica, los contagios han ido en alza, sobrepasando los 400 contagios por d\u00eda.&nbsp;&nbsp;<\/p>\n\n\n\n<p>El decreto ejecutivo #32 establece las nuevas fechas, estando sujeto al desarrollo de la pandemia, hasta el d\u00eda de ayer los contagios contabilizados es de 16, 230 contagios y 439 personas fallecidas por el covid-19.<\/p>\n\n\n\n<p>La fase dos tendr\u00e1 inicio el pr\u00f3ximo 20 de agosto, la cual faculta la reapertura a industrias pl\u00e1sticas, de papel, cart\u00f3n, calzado, industria cosm\u00e9tica, industria manufacturera, industrias creativas, servicios profesionales, servicio empresarial, call center, bienes ra\u00edces, transporte colectivo, restaurantes y cafeter\u00edas, salir a caminar, escuelas de aviaci\u00f3n y centros comerciales.<\/p>\n\n\n\n<p>La fase tres en la que est\u00e1 incluida la reapertura de las iglesias se traslad\u00f3 para el 04 de septiembre, la iglesia deber\u00e1 esperar hasta esa fecha para poder congregarse f\u00edsicamente. Desde el inicio de la pandemia y cuando se decret\u00f3 cuarentena domiciliar, las iglesias optaron por reunirse de manera virtual, transmitiendo sus servicios en l\u00ednea, cada hogar se convirti\u00f3 en un templo.<\/p>\n\n\n\n<p>Comercio al por menor y mayor, salones de belleza y barber\u00edas sin cita, establecimientos para deporte sin contacto, gimnasios, centros de cuidado para adultos mayores y personas con discapacidad, HUB para llegada y salida de pasajeros tambi\u00e9n podr\u00e1n funcionar con protocolos de bioseguridad estrictos seg\u00fan lineamientos del Ministerio de Salud<\/p>\n\n\n\n<p>El gobierno tambi\u00e9n hace la invitaci\u00f3n a las empresas para que mantengan en teletrabajo aquellas actividades que puedan realizarse bajo esta modalidad, para reducir el riesgo de contagio.<\/p>\n","protected":false},"excerpt":{"rendered":"<p>El d\u00eda de ayer el presidente de la Republica de El Salvador anunci\u00f3 las nuevas fechas de reapertura de cada fase, actualmente El Salvador se mantiene en la fase n\u00famero uno de reapertura econ\u00f3mica, los contagios han ido en alza, sobrepasando los 400 contagios por d\u00eda.&nbsp;&nbsp; El decreto ejecutivo #32 establece las nuevas fechas, estando [&hellip;]<\/p>\n","protected":false},"author":3,"featured_media":9883,"comment_status":"open","ping_status":"open","sticky":false,"template":"","format":"standard","meta":[],"categories":[56],"tags":[],"yoast_head":"<!-- This site is optimized with the Yoast SEO plugin v20.8 - https:\/\/yoast.com\/wordpress\/plugins\/seo\/ -->\n<title>04 de Septiembre es la nueva fecha para reapertura de iglesias - La Prensa Cristiana<\/title>\n<meta name=\"robots\" content=\"index, follow, max-snippet:-1, max-image-preview:large, max-video-preview:-1\" \/>\n<link rel=\"canonical\" href=\"https:\/\/laprensacristiana.com\/?p=9882\" \/>\n<meta property=\"og:locale\" content=\"es_ES\" \/>\n<meta property=\"og:type\" content=\"article\" \/>\n<meta property=\"og:title\" content=\"04 de Septiembre es la nueva fecha para reapertura de iglesias - La Prensa Cristiana\" \/>\n<meta property=\"og:description\" content=\"El d\u00eda de ayer el presidente de la Republica de El Salvador anunci\u00f3 las nuevas fechas de reapertura de cada fase, actualmente El Salvador se mantiene en la fase n\u00famero uno de reapertura econ\u00f3mica, los contagios han ido en alza, sobrepasando los 400 contagios por d\u00eda.&nbsp;&nbsp; El decreto ejecutivo #32 establece las nuevas fechas, estando [&hellip;]\" \/>\n<meta property=\"og:url\" content=\"https:\/\/laprensacristiana.com\/?p=9882\" \/>\n<meta property=\"og:site_name\" content=\"La Prensa Cristiana\" \/>\n<meta property=\"article:published_time\" content=\"2020-07-30T18:29:12+00:00\" \/>\n<meta property=\"article:modified_time\" content=\"2020-07-30T18:29:15+00:00\" \/>\n<meta property=\"og:image\" content=\"https:\/\/laprensacristiana.com\/wp-content\/uploads\/2020\/07\/WhatsApp-Image-2020-07-30-at-12.27.51.jpeg\" \/>\n\t<meta property=\"og:image:width\" content=\"720\" \/>\n\t<meta property=\"og:image:height\" content=\"480\" \/>\n\t<meta property=\"og:image:type\" content=\"image\/jpeg\" \/>\n<meta name=\"author\" content=\"EDITOR\" \/>\n<meta name=\"twitter:card\" content=\"summary_large_image\" \/>\n<meta name=\"twitter:label1\" content=\"Escrito por\" \/>\n\t<meta name=\"twitter:data1\" content=\"EDITOR\" \/>\n\t<meta name=\"twitter:label2\" content=\"Tiempo de lectura\" \/>\n\t<meta name=\"twitter:data2\" content=\"1 minuto\" \/>\n<script type=\"application\/ld+json\" class=\"yoast-schema-graph\">{\"@context\":\"https:\/\/schema.org\",\"@graph\":[{\"@type\":\"WebPage\",\"@id\":\"https:\/\/laprensacristiana.com\/?p=9882\",\"url\":\"https:\/\/laprensacristiana.com\/?p=9882\",\"name\":\"04 de Septiembre es la nueva fecha para reapertura de iglesias - La Prensa Cristiana\",\"isPartOf\":{\"@id\":\"https:\/\/laprensacristiana.com\/#website\"},\"datePublished\":\"2020-07-30T18:29:12+00:00\",\"dateModified\":\"2020-07-30T18:29:15+00:00\",\"author\":{\"@id\":\"https:\/\/laprensacristiana.com\/#\/schema\/person\/3e7d82c6bfd6b1fa67010f8f7cd5256e\"},\"breadcrumb\":{\"@id\":\"https:\/\/laprensacristiana.com\/?p=9882#breadcrumb\"},\"inLanguage\":\"es\",\"potentialAction\":[{\"@type\":\"ReadAction\",\"target\":[\"https:\/\/laprensacristiana.com\/?p=9882\"]}]},{\"@type\":\"BreadcrumbList\",\"@id\":\"https:\/\/laprensacristiana.com\/?p=9882#breadcrumb\",\"itemListElement\":[{\"@type\":\"ListItem\",\"position\":1,\"name\":\"Portada\",\"item\":\"https:\/\/laprensacristiana.com\/\"},{\"@type\":\"ListItem\",\"position\":2,\"name\":\"04 de Septiembre es la nueva fecha para reapertura de iglesias\"}]},{\"@type\":\"WebSite\",\"@id\":\"https:\/\/laprensacristiana.com\/#website\",\"url\":\"https:\/\/laprensacristiana.com\/\",\"name\":\"La Prensa Cristiana\",\"description\":\"Anunciando Las Buenas Nuevas\",\"potentialAction\":[{\"@type\":\"SearchAction\",\"target\":{\"@type\":\"EntryPoint\",\"urlTemplate\":\"https:\/\/laprensacristiana.com\/?s={search_term_string}\"},\"query-input\":\"required name=search_term_string\"}],\"inLanguage\":\"es\"},{\"@type\":\"Person\",\"@id\":\"https:\/\/laprensacristiana.com\/#\/schema\/person\/3e7d82c6bfd6b1fa67010f8f7cd5256e\",\"name\":\"EDITOR\",\"image\":{\"@type\":\"ImageObject\",\"inLanguage\":\"es\",\"@id\":\"https:\/\/laprensacristiana.com\/#\/schema\/person\/image\/\",\"url\":\"https:\/\/secure.gravatar.com\/avatar\/72069dfb6c13772d9e8381e3638666d2?s=96&d=mm&r=g\",\"contentUrl\":\"https:\/\/secure.gravatar.com\/avatar\/72069dfb6c13772d9e8381e3638666d2?s=96&d=mm&r=g\",\"caption\":\"EDITOR\"},\"url\":\"https:\/\/laprensacristiana.com\/?author=3\"}]}<\/script>\n<!-- \/ Yoast SEO plugin. -->","yoast_head_json":{"title":"04 de Septiembre es la nueva fecha para reapertura de iglesias - La Prensa Cristiana","robots":{"index":"index","follow":"follow","max-snippet":"max-snippet:-1","max-image-preview":"max-image-preview:large","max-video-preview":"max-video-preview:-1"},"canonical":"https:\/\/laprensacristiana.com\/?p=9882","og_locale":"es_ES","og_type":"article","og_title":"04 de Septiembre es la nueva fecha para reapertura de iglesias - La Prensa Cristiana","og_description":"El d\u00eda de ayer el presidente de la Republica de El Salvador anunci\u00f3 las nuevas fechas de reapertura de cada fase, actualmente El Salvador se mantiene en la fase n\u00famero uno de reapertura econ\u00f3mica, los contagios han ido en alza, sobrepasando los 400 contagios por d\u00eda.&nbsp;&nbsp; El decreto ejecutivo #32 establece las nuevas fechas, estando [&hellip;]","og_url":"https:\/\/laprensacristiana.com\/?p=9882","og_site_name":"La Prensa Cristiana","article_published_time":"2020-07-30T18:29:12+00:00","article_modified_time":"2020-07-30T18:29:15+00:00","og_image":[{"width":720,"height":480,"url":"https:\/\/laprensacristiana.com\/wp-content\/uploads\/2020\/07\/WhatsApp-Image-2020-07-30-at-12.27.51.jpeg","type":"image\/jpeg"}],"author":"EDITOR","twitter_card":"summary_large_image","twitter_misc":{"Escrito por":"EDITOR","Tiempo de lectura":"1 minuto"},"schema":{"@context":"https:\/\/schema.org","@graph":[{"@type":"WebPage","@id":"https:\/\/laprensacristiana.com\/?p=9882","url":"https:\/\/laprensacristiana.com\/?p=9882","name":"04 de Septiembre es la nueva fecha para reapertura de iglesias - La Prensa Cristiana","isPartOf":{"@id":"https:\/\/laprensacristiana.com\/#website"},"datePublished":"2020-07-30T18:29:12+00:00","dateModified":"2020-07-30T18:29:15+00:00","author":{"@id":"https:\/\/laprensacristiana.com\/#\/schema\/person\/3e7d82c6bfd6b1fa67010f8f7cd5256e"},"breadcrumb":{"@id":"https:\/\/laprensacristiana.com\/?p=9882#breadcrumb"},"inLanguage":"es","potentialAction":[{"@type":"ReadAction","target":["https:\/\/laprensacristiana.com\/?p=9882"]}]},{"@type":"BreadcrumbList","@id":"https:\/\/laprensacristiana.com\/?p=9882#breadcrumb","itemListElement":[{"@type":"ListItem","position":1,"name":"Portada","item":"https:\/\/laprensacristiana.com\/"},{"@type":"ListItem","position":2,"name":"04 de Septiembre es la nueva fecha para reapertura de iglesias"}]},{"@type":"WebSite","@id":"https:\/\/laprensacristiana.com\/#website","url":"https:\/\/laprensacristiana.com\/","name":"La Prensa Cristiana","description":"Anunciando Las Buenas Nuevas","potentialAction":[{"@type":"SearchAction","target":{"@type":"EntryPoint","urlTemplate":"https:\/\/laprensacristiana.com\/?s={search_term_string}"},"query-input":"required name=search_term_string"}],"inLanguage":"es"},{"@type":"Person","@id":"https:\/\/laprensacristiana.com\/#\/schema\/person\/3e7d82c6bfd6b1fa67010f8f7cd5256e","name":"EDITOR","image":{"@type":"ImageObject","inLanguage":"es","@id":"https:\/\/laprensacristiana.com\/#\/schema\/person\/image\/","url":"https:\/\/secure.gravatar.com\/avatar\/72069dfb6c13772d9e8381e3638666d2?s=96&d=mm&r=g","contentUrl":"https:\/\/secure.gravatar.com\/avatar\/72069dfb6c13772d9e8381e3638666d2?s=96&d=mm&r=g","caption":"EDITOR"},"url":"https:\/\/laprensacristiana.com\/?author=3"}]}},"_links":{"self":[{"href":"https:\/\/laprensacristiana.com\/index.php?rest_route=\/wp\/v2\/posts\/9882"}],"collection":[{"href":"https:\/\/laprensacristiana.com\/index.php?rest_route=\/wp\/v2\/posts"}],"about":[{"href":"https:\/\/laprensacristiana.com\/index.php?rest_route=\/wp\/v2\/types\/post"}],"author":[{"embeddable":true,"href":"https:\/\/laprensacristiana.com\/index.php?rest_route=\/wp\/v2\/users\/3"}],"replies":[{"embeddable":true,"href":"https:\/\/laprensacristiana.com\/index.php?rest_route=%2Fwp%2Fv2%2Fcomments&post=9882"}],"version-history":[{"count":1,"href":"https:\/\/laprensacristiana.com\/index.php?rest_route=\/wp\/v2\/posts\/9882\/revisions"}],"predecessor-version":[{"id":9884,"href":"https:\/\/laprensacristiana.com\/index.php?rest_route=\/wp\/v2\/posts\/9882\/revisions\/9884"}],"wp:featuredmedia":[{"embeddable":true,"href":"https:\/\/laprensacristiana.com\/index.php?rest_route=\/wp\/v2\/media\/9883"}],"wp:attachment":[{"href":"https:\/\/laprensacristiana.com\/index.php?rest_route=%2Fwp%2Fv2%2Fmedia&parent=9882"}],"wp:term":[{"taxonomy":"category","embeddable":true,"href":"https:\/\/laprensacristiana.com\/index.php?rest_route=%2Fwp%2Fv2%2Fcategories&post=9882"},{"taxonomy":"post_tag","embeddable":true,"href":"https:\/\/laprensacristiana.com\/index.php?rest_route=%2Fwp%2Fv2%2Ftags&post=9882"}],"curies":[{"name":"wp","href":"https:\/\/api.w.org\/{rel}","templated":true}]}}