{"id":9899,"date":"2020-07-31T17:57:19","date_gmt":"2020-07-31T17:57:19","guid":{"rendered":"https:\/\/laprensacristiana.com\/?p=9899"},"modified":"2020-07-31T17:57:21","modified_gmt":"2020-07-31T17:57:21","slug":"somos-diferentes-parte-iii","status":"publish","type":"post","link":"https:\/\/laprensacristiana.com\/?p=9899","title":{"rendered":"Somos diferentes (Parte III)"},"content":{"rendered":"\n<p>Hay tantas diferencias entre el hombre y la mujer que podr\u00edamos escribir un libro sobre ellas, pero hoy quiero hacer un par de preguntas. \u00bfEn d\u00f3nde y cu\u00e1ndo se perdi\u00f3 la feminidad y la hombr\u00eda en las mujeres y los hombres? \u00bfQui\u00e9n tuvo la culpa? \u00bfLa escuela? \u00bfLa iglesia? \u00bfEl gobierno?<\/p>\n\n\n\n<p>Los padres.<\/p>\n\n\n\n<p>En mis tiempos, mi mam\u00e1 conoc\u00eda a los padres de mis amigos. Mis amigos eran los hijos de do\u00f1a Conchita, de do\u00f1a Martita y viceversa. Ella sab\u00eda donde viv\u00edan ellos. Conoc\u00edan su moral y sus costumbres. Me prohib\u00eda juntarme con ciertos ni\u00f1os que me pod\u00edan impulsar a hacer cosas malas. Me daban permiso para salir a jugar fuera de la casa solamente frente a ella y nunca, nunca me dieron permiso para ir a dormir a la casa de uno de ellos. Sus mam\u00e1s igual.<\/p>\n\n\n\n<p>Los que peinamos canas crecimos bajo el cuidado de nuestras madres. Hasta que vino la liberaci\u00f3n femenina y las mujeres perdieron su feminidad. Perdieron su maternidad puramente dicha. Ya no fueron madres, solo sustentadoras. Salieron a la calle y absorbieron la cultura feminista de sus oficinas, f\u00e1bricas y trabajos. Ya no usaron vestidos de flores ni de colores con un precioso cinto a la cintura. Asistieron a la Universidad y se encontraron con una cultura que no supieron manejar. La cultura las manej\u00f3 a ellas. Y sus hijos fueron puestos bajo el cuidado del kindergarten.&nbsp; Sus madres fueron mujeres que no los dieron a luz. Ellas escucharon sus primeras palabras y disfrutaron sus primeros pasos. Los ni\u00f1os se despersonalizaron de su entorno familiar y ya no supieron qui\u00e9nes eran sus verdaderos padres y qu\u00e9 costumbres adoptar. All\u00ed se form\u00f3 la primera generaci\u00f3n de las \u201cmadres\u201d de hoy en d\u00eda.<\/p>\n\n\n\n<p>Los padres abandonaron su oficio de maestro, tutor, compa\u00f1ero de juegos de sus varones y dejaron de ser modelos para ellos. Sus hijos necesitaban imitar a alguien y lo primero que vieron fue a una mujer que los limpiaba, los acunaba y los mimaba. Se volvieron como ellas y se destap\u00f3 el homosexualismo. Esos varones perdieron su identidad e imitaron lo que vieron doce horas al d\u00eda. Es la generaci\u00f3n de \u201chombres\u201d de hoy. Se depilan, muchos son amanerados o afeminados porque no hubo un verdadero hombre que los modelara. Se perdi\u00f3 la masculinidad y eso ha provocado un caos de identidad que hoy sufrimos los pastores que tratamos de ense\u00f1ar que el hombre debe ser hombre a la imagen de Dios y la mujer debe ser mujer a la idea de Dios. Que fue hecha para ayudar al hombre a convertirse en lo que Dios desea que \u00e9l sea. Todo eso se perdi\u00f3 cuando se perdieron los valores cristianos en el hogar. As\u00ed de sencillo. Y Dios no est\u00e1 contento con eso, quiz\u00e1 esta pandemia es un aviso del Se\u00f1or para hacer volver el coraz\u00f3n de los padres a los hijos y el coraz\u00f3n de los hijos a los padres.<\/p>\n\n\n\n<p>Las mujeres, con todo respeto, necesitan hacer un examen interno de su rol que han jugado hasta antes de marzo en la vida de sus hijos. A quienes les ha entregado el privilegio de criarlos, de darles forma e instruirlos para que su futuro sea provisorio y libre de conflictos de personalidad en lo posible. Ustedes, madres, necesitan reflexionar qu\u00e9 han hecho de sus hijos, si han suplido su necesidad de cari\u00f1o, cari\u00f1o que solo ustedes pueden dar al hijo y que nadie m\u00e1s logra hacerlo porque solo ustedes los tuvieron en sus vientres por nueve meses y los dieron a luz con dolor. Necesitan analizar con seriedad qu\u00e9 papel han jugado en sus vidas internas, si realmente han sabido cumplir con la funci\u00f3n que el Creador les asign\u00f3 en la formaci\u00f3n de los valores infantiles y juveniles de sus hijos varones para que desde ya aprendan a respetar a la mujer y ser verdaderos hombres dignos de tal nombre.<\/p>\n\n\n\n<p>Los padres, por separado, necesitan examinar sus actuaciones personales con sus hijas para que aprendan a ser femeninas en toda la extensi\u00f3n de la palabra, a tener sus cosas de ni\u00f1a, a hablar, actuar y vestirse como ni\u00f1as para que cuando salgan a la sociedad, no busquen en otras fuentes la raz\u00f3n de sus sentimientos internos. Ustedes, pap\u00e1s, deben ense\u00f1arle a su ni\u00f1a que el amor debe llegar y no buscarlo. Que ella, como mujercita merece el mejor trato posible para que nunca vaya a ser golpeada ni abusada por alg\u00fan ignorante de que su hijita no es un vaso de barro en donde cualquiera puede escupir sus miserias. Ense\u00f1arle que la mujer es un vaso fr\u00e1gil que necesita ser protegida, cuidada y consentida como tal y no al contrario. Que todo su cuerpecito ha sido hecho por Dios para dar ternura, para dar cuidado y ser necesaria en la vida y la formaci\u00f3n del ser humano. Que as\u00ed como desde ni\u00f1a puede cuidar sus mu\u00f1ecas, cuando sea madre as\u00ed deber\u00e1 cuidar a sus propios hijos.<\/p>\n\n\n\n<p>\u00bfCu\u00e1l es la raz\u00f3n entonces de la violencia contra la mujer? Que ella cree que el hombre que la golpea la ama porque esa es su manera de demostrarle su amor.&nbsp; Quiz\u00e1 porque desde ni\u00f1a le ense\u00f1aron el adagio popular: \u201cQuien te ama te aporrea\u201d. No pap\u00e1. No sea ingrato. Comp\u00f3rtese como un verdadero padre de sus hijos de ambos sexos.&nbsp; Dios le pedir\u00e1 cuentas de su paternidad.<\/p>\n\n\n\n<p>SOLI DEO GLORIA<\/p>\n","protected":false},"excerpt":{"rendered":"<p>Hay tantas diferencias entre el hombre y la mujer que podr\u00edamos escribir un libro sobre ellas, pero hoy quiero hacer un par de preguntas. \u00bfEn d\u00f3nde y cu\u00e1ndo se perdi\u00f3 la feminidad y la hombr\u00eda en las mujeres y los hombres? \u00bfQui\u00e9n tuvo la culpa? \u00bfLa escuela? \u00bfLa iglesia? \u00bfEl gobierno? Los padres. En mis [&hellip;]<\/p>\n","protected":false},"author":3,"featured_media":6421,"comment_status":"open","ping_status":"open","sticky":false,"template":"","format":"standard","meta":[],"categories":[36],"tags":[],"yoast_head":"<!-- This site is optimized with the Yoast SEO plugin v20.8 - https:\/\/yoast.com\/wordpress\/plugins\/seo\/ -->\n<title>Somos diferentes (Parte III) - La Prensa Cristiana<\/title>\n<meta name=\"robots\" content=\"index, follow, max-snippet:-1, max-image-preview:large, max-video-preview:-1\" \/>\n<link rel=\"canonical\" href=\"https:\/\/laprensacristiana.com\/?p=9899\" \/>\n<meta property=\"og:locale\" content=\"es_ES\" \/>\n<meta property=\"og:type\" content=\"article\" \/>\n<meta property=\"og:title\" content=\"Somos diferentes (Parte III) - La Prensa Cristiana\" \/>\n<meta property=\"og:description\" content=\"Hay tantas diferencias entre el hombre y la mujer que podr\u00edamos escribir un libro sobre ellas, pero hoy quiero hacer un par de preguntas. \u00bfEn d\u00f3nde y cu\u00e1ndo se perdi\u00f3 la feminidad y la hombr\u00eda en las mujeres y los hombres? \u00bfQui\u00e9n tuvo la culpa? \u00bfLa escuela? \u00bfLa iglesia? \u00bfEl gobierno? Los padres. En mis [&hellip;]\" \/>\n<meta property=\"og:url\" content=\"https:\/\/laprensacristiana.com\/?p=9899\" \/>\n<meta property=\"og:site_name\" content=\"La Prensa Cristiana\" \/>\n<meta property=\"article:published_time\" content=\"2020-07-31T17:57:19+00:00\" \/>\n<meta property=\"article:modified_time\" content=\"2020-07-31T17:57:21+00:00\" \/>\n<meta property=\"og:image\" content=\"https:\/\/laprensacristiana.com\/wp-content\/uploads\/2019\/09\/2017-11-23-PHOTO-00003245-1.jpg\" \/>\n\t<meta property=\"og:image:width\" content=\"1280\" \/>\n\t<meta property=\"og:image:height\" content=\"714\" \/>\n\t<meta property=\"og:image:type\" content=\"image\/jpeg\" \/>\n<meta name=\"author\" content=\"EDITOR\" \/>\n<meta name=\"twitter:card\" content=\"summary_large_image\" \/>\n<meta name=\"twitter:label1\" content=\"Escrito por\" \/>\n\t<meta name=\"twitter:data1\" content=\"EDITOR\" \/>\n\t<meta name=\"twitter:label2\" content=\"Tiempo de lectura\" \/>\n\t<meta name=\"twitter:data2\" content=\"5 minutos\" \/>\n<script type=\"application\/ld+json\" class=\"yoast-schema-graph\">{\"@context\":\"https:\/\/schema.org\",\"@graph\":[{\"@type\":\"WebPage\",\"@id\":\"https:\/\/laprensacristiana.com\/?p=9899\",\"url\":\"https:\/\/laprensacristiana.com\/?p=9899\",\"name\":\"Somos diferentes (Parte III) - La Prensa Cristiana\",\"isPartOf\":{\"@id\":\"https:\/\/laprensacristiana.com\/#website\"},\"datePublished\":\"2020-07-31T17:57:19+00:00\",\"dateModified\":\"2020-07-31T17:57:21+00:00\",\"author\":{\"@id\":\"https:\/\/laprensacristiana.com\/#\/schema\/person\/3e7d82c6bfd6b1fa67010f8f7cd5256e\"},\"breadcrumb\":{\"@id\":\"https:\/\/laprensacristiana.com\/?p=9899#breadcrumb\"},\"inLanguage\":\"es\",\"potentialAction\":[{\"@type\":\"ReadAction\",\"target\":[\"https:\/\/laprensacristiana.com\/?p=9899\"]}]},{\"@type\":\"BreadcrumbList\",\"@id\":\"https:\/\/laprensacristiana.com\/?p=9899#breadcrumb\",\"itemListElement\":[{\"@type\":\"ListItem\",\"position\":1,\"name\":\"Portada\",\"item\":\"https:\/\/laprensacristiana.com\/\"},{\"@type\":\"ListItem\",\"position\":2,\"name\":\"Somos diferentes (Parte III)\"}]},{\"@type\":\"WebSite\",\"@id\":\"https:\/\/laprensacristiana.com\/#website\",\"url\":\"https:\/\/laprensacristiana.com\/\",\"name\":\"La Prensa Cristiana\",\"description\":\"Anunciando Las Buenas Nuevas\",\"potentialAction\":[{\"@type\":\"SearchAction\",\"target\":{\"@type\":\"EntryPoint\",\"urlTemplate\":\"https:\/\/laprensacristiana.com\/?s={search_term_string}\"},\"query-input\":\"required name=search_term_string\"}],\"inLanguage\":\"es\"},{\"@type\":\"Person\",\"@id\":\"https:\/\/laprensacristiana.com\/#\/schema\/person\/3e7d82c6bfd6b1fa67010f8f7cd5256e\",\"name\":\"EDITOR\",\"image\":{\"@type\":\"ImageObject\",\"inLanguage\":\"es\",\"@id\":\"https:\/\/laprensacristiana.com\/#\/schema\/person\/image\/\",\"url\":\"https:\/\/secure.gravatar.com\/avatar\/72069dfb6c13772d9e8381e3638666d2?s=96&d=mm&r=g\",\"contentUrl\":\"https:\/\/secure.gravatar.com\/avatar\/72069dfb6c13772d9e8381e3638666d2?s=96&d=mm&r=g\",\"caption\":\"EDITOR\"},\"url\":\"https:\/\/laprensacristiana.com\/?author=3\"}]}<\/script>\n<!-- \/ Yoast SEO plugin. -->","yoast_head_json":{"title":"Somos diferentes (Parte III) - La Prensa Cristiana","robots":{"index":"index","follow":"follow","max-snippet":"max-snippet:-1","max-image-preview":"max-image-preview:large","max-video-preview":"max-video-preview:-1"},"canonical":"https:\/\/laprensacristiana.com\/?p=9899","og_locale":"es_ES","og_type":"article","og_title":"Somos diferentes (Parte III) - La Prensa Cristiana","og_description":"Hay tantas diferencias entre el hombre y la mujer que podr\u00edamos escribir un libro sobre ellas, pero hoy quiero hacer un par de preguntas. \u00bfEn d\u00f3nde y cu\u00e1ndo se perdi\u00f3 la feminidad y la hombr\u00eda en las mujeres y los hombres? \u00bfQui\u00e9n tuvo la culpa? \u00bfLa escuela? \u00bfLa iglesia? \u00bfEl gobierno? Los padres. En mis [&hellip;]","og_url":"https:\/\/laprensacristiana.com\/?p=9899","og_site_name":"La Prensa Cristiana","article_published_time":"2020-07-31T17:57:19+00:00","article_modified_time":"2020-07-31T17:57:21+00:00","og_image":[{"width":1280,"height":714,"url":"https:\/\/laprensacristiana.com\/wp-content\/uploads\/2019\/09\/2017-11-23-PHOTO-00003245-1.jpg","type":"image\/jpeg"}],"author":"EDITOR","twitter_card":"summary_large_image","twitter_misc":{"Escrito por":"EDITOR","Tiempo de lectura":"5 minutos"},"schema":{"@context":"https:\/\/schema.org","@graph":[{"@type":"WebPage","@id":"https:\/\/laprensacristiana.com\/?p=9899","url":"https:\/\/laprensacristiana.com\/?p=9899","name":"Somos diferentes (Parte III) - La Prensa Cristiana","isPartOf":{"@id":"https:\/\/laprensacristiana.com\/#website"},"datePublished":"2020-07-31T17:57:19+00:00","dateModified":"2020-07-31T17:57:21+00:00","author":{"@id":"https:\/\/laprensacristiana.com\/#\/schema\/person\/3e7d82c6bfd6b1fa67010f8f7cd5256e"},"breadcrumb":{"@id":"https:\/\/laprensacristiana.com\/?p=9899#breadcrumb"},"inLanguage":"es","potentialAction":[{"@type":"ReadAction","target":["https:\/\/laprensacristiana.com\/?p=9899"]}]},{"@type":"BreadcrumbList","@id":"https:\/\/laprensacristiana.com\/?p=9899#breadcrumb","itemListElement":[{"@type":"ListItem","position":1,"name":"Portada","item":"https:\/\/laprensacristiana.com\/"},{"@type":"ListItem","position":2,"name":"Somos diferentes (Parte III)"}]},{"@type":"WebSite","@id":"https:\/\/laprensacristiana.com\/#website","url":"https:\/\/laprensacristiana.com\/","name":"La Prensa Cristiana","description":"Anunciando Las Buenas Nuevas","potentialAction":[{"@type":"SearchAction","target":{"@type":"EntryPoint","urlTemplate":"https:\/\/laprensacristiana.com\/?s={search_term_string}"},"query-input":"required name=search_term_string"}],"inLanguage":"es"},{"@type":"Person","@id":"https:\/\/laprensacristiana.com\/#\/schema\/person\/3e7d82c6bfd6b1fa67010f8f7cd5256e","name":"EDITOR","image":{"@type":"ImageObject","inLanguage":"es","@id":"https:\/\/laprensacristiana.com\/#\/schema\/person\/image\/","url":"https:\/\/secure.gravatar.com\/avatar\/72069dfb6c13772d9e8381e3638666d2?s=96&d=mm&r=g","contentUrl":"https:\/\/secure.gravatar.com\/avatar\/72069dfb6c13772d9e8381e3638666d2?s=96&d=mm&r=g","caption":"EDITOR"},"url":"https:\/\/laprensacristiana.com\/?author=3"}]}},"_links":{"self":[{"href":"https:\/\/laprensacristiana.com\/index.php?rest_route=\/wp\/v2\/posts\/9899"}],"collection":[{"href":"https:\/\/laprensacristiana.com\/index.php?rest_route=\/wp\/v2\/posts"}],"about":[{"href":"https:\/\/laprensacristiana.com\/index.php?rest_route=\/wp\/v2\/types\/post"}],"author":[{"embeddable":true,"href":"https:\/\/laprensacristiana.com\/index.php?rest_route=\/wp\/v2\/users\/3"}],"replies":[{"embeddable":true,"href":"https:\/\/laprensacristiana.com\/index.php?rest_route=%2Fwp%2Fv2%2Fcomments&post=9899"}],"version-history":[{"count":1,"href":"https:\/\/laprensacristiana.com\/index.php?rest_route=\/wp\/v2\/posts\/9899\/revisions"}],"predecessor-version":[{"id":9900,"href":"https:\/\/laprensacristiana.com\/index.php?rest_route=\/wp\/v2\/posts\/9899\/revisions\/9900"}],"wp:featuredmedia":[{"embeddable":true,"href":"https:\/\/laprensacristiana.com\/index.php?rest_route=\/wp\/v2\/media\/6421"}],"wp:attachment":[{"href":"https:\/\/laprensacristiana.com\/index.php?rest_route=%2Fwp%2Fv2%2Fmedia&parent=9899"}],"wp:term":[{"taxonomy":"category","embeddable":true,"href":"https:\/\/laprensacristiana.com\/index.php?rest_route=%2Fwp%2Fv2%2Fcategories&post=9899"},{"taxonomy":"post_tag","embeddable":true,"href":"https:\/\/laprensacristiana.com\/index.php?rest_route=%2Fwp%2Fv2%2Ftags&post=9899"}],"curies":[{"name":"wp","href":"https:\/\/api.w.org\/{rel}","templated":true}]}}