{"id":9908,"date":"2020-07-31T21:25:20","date_gmt":"2020-07-31T21:25:20","guid":{"rendered":"https:\/\/laprensacristiana.com\/?p=9908"},"modified":"2020-07-31T21:25:23","modified_gmt":"2020-07-31T21:25:23","slug":"pandemias-desde-una-perspectiva-escatologica","status":"publish","type":"post","link":"https:\/\/laprensacristiana.com\/?p=9908","title":{"rendered":"Pandemias desde una perspectiva escatol\u00f3gica"},"content":{"rendered":"\n<p>A ra\u00edz de la pandemia generada por el COVID-19, uno de los temas que ha vuelto a la mente del pueblo evang\u00e9lico es la pronta venida de nuestro Se\u00f1or Jesucristo y los eventos previos a su retorno.<\/p>\n\n\n\n<p>El estudio de las cosas por venir o futuras, se le conoce como <strong>Escatolog\u00eda<\/strong> y a la luz de ella podemos preguntarnos \u00bfSon las pandemias, pestes y enfermedades una se\u00f1al de los \u00faltimos tiempos?<\/p>\n\n\n\n<p>En <strong>Mateo 24.3, <\/strong>vemos como los disc\u00edpulos del Se\u00f1or Jes\u00fas lo interrogaron sobr\u00e9 la se\u00f1ales que podr\u00edan esperar, antes del fin de los tiempos: <em>\u201cY estando \u00e9l sentado en el monte de los Olivos, los disc\u00edpulos se le acercaron aparte, diciendo: Dinos, \u00bfcu\u00e1ndo ser\u00e1n estas cosas, y qu\u00e9 se\u00f1al habr\u00e1 de tu venida, y del fin del siglo?\u201d<\/em> \u00c9l respondi\u00f3 entre otras cosas: <em>\u201cPorque se levantar\u00e1 naci\u00f3n contra naci\u00f3n, y reino contra reino; <u>y habr\u00e1 pestes, y hambres, y terremotos en diferentes lugares<\/u>. Y todo esto ser\u00e1 principio de dolores.\u201d<\/em> (<strong>Mateo 24.7-8<\/strong>)<\/p>\n\n\n\n<p>En A<strong>pocalipsis 6.7-8<\/strong> tambi\u00e9n leemos: <em>\u201cCuando el Cordero rompi\u00f3 el cuarto sello, o\u00ed que el cuarto ser viviente dec\u00eda: \u00ab \u00a1Ven!\u00bb. Levant\u00e9 la vista y vi un caballo de color verde p\u00e1lido. El jinete se llamaba Muerte y su compa\u00f1ero era la Tumba. A estos dos se les dio autoridad sobre <u>una cuarta parte de la tierra<\/u>, para matar con <u>espada<\/u>, con <u>hambre<\/u> y con <u>enfermedad<\/u> y con <u>animales salvajes<\/u>.\u201d<\/em> \u00bfQu\u00e9 significa que se les dio autoridad sobre una cuarta parte de la tierra? \u00bfQuiere decir que el 25% de poblaci\u00f3n mundial morir\u00e1 como efecto de la ruptura del cuarto sello?<\/p>\n\n\n\n<p>Hagamos un peque\u00f1o ejercicio. Actualmente somos m\u00e1s 7.7 billones de habitantes en el mundo y mueren en promedio diario 161,375 personas en todo el planeta (ya con el efecto del COVID-19 y otras causas que se incluyen adem\u00e1s de las enfermedades), es decir que al final del 2020 es probable que el 0.8% de la poblaci\u00f3n mundial haya fallecido, hablamos de un aproximado de 60 millones de personas por m\u00faltiples causas. (Los n\u00fameros presentados en este p\u00e1rrafo son proyecciones generales sobre la base de la p\u00e1gina: <a href=\"https:\/\/www.worldometers.info\/es\/\">https:\/\/www.worldometers.info\/es\/<\/a>) Al cierre de este art\u00edculo, las muertes por coronavirus representan el 0.007% de la poblaci\u00f3n mundial. \u00bfQu\u00e9 tendr\u00eda que pasar para que la muerte se haga presente en semejante escalada del 25% de la poblaci\u00f3n mundial? \u00bfCu\u00e1les ser\u00edan los efectos de semejante cat\u00e1strofe?<\/p>\n\n\n\n<p>Si la pandemia del COVID-19 ha generado los efectos que actualmente vemos en todo el mundo, \u00bfqu\u00e9 impacto causar\u00e1 el hecho que se junten varias causas y conmocionen a la humanidad?<\/p>\n\n\n\n<p>Por lo anterior, podemos decir desde la perspectiva b\u00edblica que las pandemias, las enfermedades, junto con otros acontecimientos son parte de las se\u00f1ales escatol\u00f3gicas, pero desde este \u00e1ngulo llama la atenci\u00f3n su impacto en el mundo y como actuar\u00e1n en conjunto con otros factores para cegar una cantidad incalculable de vidas humanas. \u00a1Esto es lamentable, pero somos advertidos para estar preparados!<\/p>\n\n\n\n<p>Es por eso por lo que el llamado para los creyentes es a estar enterados de lo que nos espera, a estar atentos y poner manos a la obra en las cosas que debemos ocuparnos: El cumplimiento de la misi\u00f3n que nos ha confiado Nuestro Se\u00f1or ac\u00e1 en la tierra.<\/p>\n\n\n\n<p>Para los no creyentes, el llamado es a apercibirse, a creer y arrepentirse para tener la esperanza de la vida eterna, que solamente Jes\u00fas nos puede dar.<\/p>\n\n\n\n<p>Mauricio Castell\u00f3n<\/p>\n\n\n\n<p>Presidente Alianza Evang\u00e9lica<\/p>\n\n\n\n<p>Pastor Iglesia Bautista Miramonte.<\/p>\n","protected":false},"excerpt":{"rendered":"<p>A ra\u00edz de la pandemia generada por el COVID-19, uno de los temas que ha vuelto a la mente del pueblo evang\u00e9lico es la pronta venida de nuestro Se\u00f1or Jesucristo y los eventos previos a su retorno. El estudio de las cosas por venir o futuras, se le conoce como Escatolog\u00eda y a la luz [&hellip;]<\/p>\n","protected":false},"author":3,"featured_media":4963,"comment_status":"open","ping_status":"open","sticky":false,"template":"","format":"standard","meta":[],"categories":[23],"tags":[],"yoast_head":"<!-- This site is optimized with the Yoast SEO plugin v20.8 - https:\/\/yoast.com\/wordpress\/plugins\/seo\/ -->\n<title>Pandemias desde una perspectiva escatol\u00f3gica - La Prensa Cristiana<\/title>\n<meta name=\"robots\" content=\"index, follow, max-snippet:-1, max-image-preview:large, max-video-preview:-1\" \/>\n<link rel=\"canonical\" href=\"https:\/\/laprensacristiana.com\/?p=9908\" \/>\n<meta property=\"og:locale\" content=\"es_ES\" \/>\n<meta property=\"og:type\" content=\"article\" \/>\n<meta property=\"og:title\" content=\"Pandemias desde una perspectiva escatol\u00f3gica - La Prensa Cristiana\" \/>\n<meta property=\"og:description\" content=\"A ra\u00edz de la pandemia generada por el COVID-19, uno de los temas que ha vuelto a la mente del pueblo evang\u00e9lico es la pronta venida de nuestro Se\u00f1or Jesucristo y los eventos previos a su retorno. El estudio de las cosas por venir o futuras, se le conoce como Escatolog\u00eda y a la luz [&hellip;]\" \/>\n<meta property=\"og:url\" content=\"https:\/\/laprensacristiana.com\/?p=9908\" \/>\n<meta property=\"og:site_name\" content=\"La Prensa Cristiana\" \/>\n<meta property=\"article:published_time\" content=\"2020-07-31T21:25:20+00:00\" \/>\n<meta property=\"article:modified_time\" content=\"2020-07-31T21:25:23+00:00\" \/>\n<meta property=\"og:image\" content=\"https:\/\/laprensacristiana.com\/wp-content\/uploads\/2019\/01\/OPINION-CASTELLON.jpg\" \/>\n\t<meta property=\"og:image:width\" content=\"1369\" \/>\n\t<meta property=\"og:image:height\" content=\"693\" \/>\n\t<meta property=\"og:image:type\" content=\"image\/jpeg\" \/>\n<meta name=\"author\" content=\"EDITOR\" \/>\n<meta name=\"twitter:card\" content=\"summary_large_image\" \/>\n<meta name=\"twitter:label1\" content=\"Escrito por\" \/>\n\t<meta name=\"twitter:data1\" content=\"EDITOR\" \/>\n\t<meta name=\"twitter:label2\" content=\"Tiempo de lectura\" \/>\n\t<meta name=\"twitter:data2\" content=\"3 minutos\" \/>\n<script type=\"application\/ld+json\" class=\"yoast-schema-graph\">{\"@context\":\"https:\/\/schema.org\",\"@graph\":[{\"@type\":\"WebPage\",\"@id\":\"https:\/\/laprensacristiana.com\/?p=9908\",\"url\":\"https:\/\/laprensacristiana.com\/?p=9908\",\"name\":\"Pandemias desde una perspectiva escatol\u00f3gica - La Prensa Cristiana\",\"isPartOf\":{\"@id\":\"https:\/\/laprensacristiana.com\/#website\"},\"datePublished\":\"2020-07-31T21:25:20+00:00\",\"dateModified\":\"2020-07-31T21:25:23+00:00\",\"author\":{\"@id\":\"https:\/\/laprensacristiana.com\/#\/schema\/person\/3e7d82c6bfd6b1fa67010f8f7cd5256e\"},\"breadcrumb\":{\"@id\":\"https:\/\/laprensacristiana.com\/?p=9908#breadcrumb\"},\"inLanguage\":\"es\",\"potentialAction\":[{\"@type\":\"ReadAction\",\"target\":[\"https:\/\/laprensacristiana.com\/?p=9908\"]}]},{\"@type\":\"BreadcrumbList\",\"@id\":\"https:\/\/laprensacristiana.com\/?p=9908#breadcrumb\",\"itemListElement\":[{\"@type\":\"ListItem\",\"position\":1,\"name\":\"Portada\",\"item\":\"https:\/\/laprensacristiana.com\/\"},{\"@type\":\"ListItem\",\"position\":2,\"name\":\"Pandemias desde una perspectiva escatol\u00f3gica\"}]},{\"@type\":\"WebSite\",\"@id\":\"https:\/\/laprensacristiana.com\/#website\",\"url\":\"https:\/\/laprensacristiana.com\/\",\"name\":\"La Prensa Cristiana\",\"description\":\"Anunciando Las Buenas Nuevas\",\"potentialAction\":[{\"@type\":\"SearchAction\",\"target\":{\"@type\":\"EntryPoint\",\"urlTemplate\":\"https:\/\/laprensacristiana.com\/?s={search_term_string}\"},\"query-input\":\"required name=search_term_string\"}],\"inLanguage\":\"es\"},{\"@type\":\"Person\",\"@id\":\"https:\/\/laprensacristiana.com\/#\/schema\/person\/3e7d82c6bfd6b1fa67010f8f7cd5256e\",\"name\":\"EDITOR\",\"image\":{\"@type\":\"ImageObject\",\"inLanguage\":\"es\",\"@id\":\"https:\/\/laprensacristiana.com\/#\/schema\/person\/image\/\",\"url\":\"https:\/\/secure.gravatar.com\/avatar\/72069dfb6c13772d9e8381e3638666d2?s=96&d=mm&r=g\",\"contentUrl\":\"https:\/\/secure.gravatar.com\/avatar\/72069dfb6c13772d9e8381e3638666d2?s=96&d=mm&r=g\",\"caption\":\"EDITOR\"},\"url\":\"https:\/\/laprensacristiana.com\/?author=3\"}]}<\/script>\n<!-- \/ Yoast SEO plugin. -->","yoast_head_json":{"title":"Pandemias desde una perspectiva escatol\u00f3gica - La Prensa Cristiana","robots":{"index":"index","follow":"follow","max-snippet":"max-snippet:-1","max-image-preview":"max-image-preview:large","max-video-preview":"max-video-preview:-1"},"canonical":"https:\/\/laprensacristiana.com\/?p=9908","og_locale":"es_ES","og_type":"article","og_title":"Pandemias desde una perspectiva escatol\u00f3gica - La Prensa Cristiana","og_description":"A ra\u00edz de la pandemia generada por el COVID-19, uno de los temas que ha vuelto a la mente del pueblo evang\u00e9lico es la pronta venida de nuestro Se\u00f1or Jesucristo y los eventos previos a su retorno. El estudio de las cosas por venir o futuras, se le conoce como Escatolog\u00eda y a la luz [&hellip;]","og_url":"https:\/\/laprensacristiana.com\/?p=9908","og_site_name":"La Prensa Cristiana","article_published_time":"2020-07-31T21:25:20+00:00","article_modified_time":"2020-07-31T21:25:23+00:00","og_image":[{"width":1369,"height":693,"url":"https:\/\/laprensacristiana.com\/wp-content\/uploads\/2019\/01\/OPINION-CASTELLON.jpg","type":"image\/jpeg"}],"author":"EDITOR","twitter_card":"summary_large_image","twitter_misc":{"Escrito por":"EDITOR","Tiempo de lectura":"3 minutos"},"schema":{"@context":"https:\/\/schema.org","@graph":[{"@type":"WebPage","@id":"https:\/\/laprensacristiana.com\/?p=9908","url":"https:\/\/laprensacristiana.com\/?p=9908","name":"Pandemias desde una perspectiva escatol\u00f3gica - La Prensa Cristiana","isPartOf":{"@id":"https:\/\/laprensacristiana.com\/#website"},"datePublished":"2020-07-31T21:25:20+00:00","dateModified":"2020-07-31T21:25:23+00:00","author":{"@id":"https:\/\/laprensacristiana.com\/#\/schema\/person\/3e7d82c6bfd6b1fa67010f8f7cd5256e"},"breadcrumb":{"@id":"https:\/\/laprensacristiana.com\/?p=9908#breadcrumb"},"inLanguage":"es","potentialAction":[{"@type":"ReadAction","target":["https:\/\/laprensacristiana.com\/?p=9908"]}]},{"@type":"BreadcrumbList","@id":"https:\/\/laprensacristiana.com\/?p=9908#breadcrumb","itemListElement":[{"@type":"ListItem","position":1,"name":"Portada","item":"https:\/\/laprensacristiana.com\/"},{"@type":"ListItem","position":2,"name":"Pandemias desde una perspectiva escatol\u00f3gica"}]},{"@type":"WebSite","@id":"https:\/\/laprensacristiana.com\/#website","url":"https:\/\/laprensacristiana.com\/","name":"La Prensa Cristiana","description":"Anunciando Las Buenas Nuevas","potentialAction":[{"@type":"SearchAction","target":{"@type":"EntryPoint","urlTemplate":"https:\/\/laprensacristiana.com\/?s={search_term_string}"},"query-input":"required name=search_term_string"}],"inLanguage":"es"},{"@type":"Person","@id":"https:\/\/laprensacristiana.com\/#\/schema\/person\/3e7d82c6bfd6b1fa67010f8f7cd5256e","name":"EDITOR","image":{"@type":"ImageObject","inLanguage":"es","@id":"https:\/\/laprensacristiana.com\/#\/schema\/person\/image\/","url":"https:\/\/secure.gravatar.com\/avatar\/72069dfb6c13772d9e8381e3638666d2?s=96&d=mm&r=g","contentUrl":"https:\/\/secure.gravatar.com\/avatar\/72069dfb6c13772d9e8381e3638666d2?s=96&d=mm&r=g","caption":"EDITOR"},"url":"https:\/\/laprensacristiana.com\/?author=3"}]}},"_links":{"self":[{"href":"https:\/\/laprensacristiana.com\/index.php?rest_route=\/wp\/v2\/posts\/9908"}],"collection":[{"href":"https:\/\/laprensacristiana.com\/index.php?rest_route=\/wp\/v2\/posts"}],"about":[{"href":"https:\/\/laprensacristiana.com\/index.php?rest_route=\/wp\/v2\/types\/post"}],"author":[{"embeddable":true,"href":"https:\/\/laprensacristiana.com\/index.php?rest_route=\/wp\/v2\/users\/3"}],"replies":[{"embeddable":true,"href":"https:\/\/laprensacristiana.com\/index.php?rest_route=%2Fwp%2Fv2%2Fcomments&post=9908"}],"version-history":[{"count":1,"href":"https:\/\/laprensacristiana.com\/index.php?rest_route=\/wp\/v2\/posts\/9908\/revisions"}],"predecessor-version":[{"id":9909,"href":"https:\/\/laprensacristiana.com\/index.php?rest_route=\/wp\/v2\/posts\/9908\/revisions\/9909"}],"wp:featuredmedia":[{"embeddable":true,"href":"https:\/\/laprensacristiana.com\/index.php?rest_route=\/wp\/v2\/media\/4963"}],"wp:attachment":[{"href":"https:\/\/laprensacristiana.com\/index.php?rest_route=%2Fwp%2Fv2%2Fmedia&parent=9908"}],"wp:term":[{"taxonomy":"category","embeddable":true,"href":"https:\/\/laprensacristiana.com\/index.php?rest_route=%2Fwp%2Fv2%2Fcategories&post=9908"},{"taxonomy":"post_tag","embeddable":true,"href":"https:\/\/laprensacristiana.com\/index.php?rest_route=%2Fwp%2Fv2%2Ftags&post=9908"}],"curies":[{"name":"wp","href":"https:\/\/api.w.org\/{rel}","templated":true}]}}