{"id":9910,"date":"2020-07-31T21:56:53","date_gmt":"2020-07-31T21:56:53","guid":{"rendered":"https:\/\/laprensacristiana.com\/?p=9910"},"modified":"2020-07-31T21:56:56","modified_gmt":"2020-07-31T21:56:56","slug":"juntos-somos-vida-una-iniciativa-de-alianza-evangelica-de-el-salvador-y-urban-strategies-para-capacitar-iglesias","status":"publish","type":"post","link":"https:\/\/laprensacristiana.com\/?p=9910","title":{"rendered":"\u201cJuntos somos vida\u201d una iniciativa de Alianza Evang\u00e9lica de El Salvador y Urban Strategies para capacitar iglesias"},"content":{"rendered":"\n<p>Esta ma\u00f1ana se llev\u00f3 a cabo la conferencia de prensa v\u00eda Zoom para dar a conocer \u201cJuntos somos vida\u201d una campa\u00f1a que nace para capacitar a las iglesias y sus l\u00edderes con el fin de convertirlas en un verdadero centro de protecci\u00f3n de la vida de la comunidad.&nbsp;<\/p>\n\n\n\n<p>Su misi\u00f3n es brindar insumos y herramientas para&nbsp; que las comunidades de fe, para que puedan proteger la vida en sus distintas manifestaciones, ante la amenaza del COVID-19.<\/p>\n\n\n\n<p>La conferencia de prensa fue dirigida&nbsp; por el presidente de Alianza Evang\u00e9lica de El Salvador, Mauricio Castell\u00f3n, y el representante de Urban Strategies, David Enrique Mart\u00ednez.<\/p>\n\n\n\n<p>\u201cNecesitamos acompa\u00f1ar a la iglesia evang\u00e9lica y la poblaci\u00f3n salvadore\u00f1a en general en esta fase de reapertura, de tal manera que nosotros podemos desde esta perspectiva, ser un agente que suma, que contribuya, no solamente a traer un mensaje de esperanza y consuelo, sino tambi\u00e9n a hacer modelo\u201d expres\u00f3 Mauricio Castell\u00f3n pastor y presidente de Alianza Evang\u00e9lica de El Salvador.<\/p>\n\n\n\n<p>A trav\u00e9s de la plataforma digital www.juntosomosvidasv.com, se estar\u00e1n compartiendo materiales descargables para las iglesias y sus l\u00edderes relacionado a la educaci\u00f3n y prevenci\u00f3n del covid 19, dando herramientas para la reapertura que est\u00e1 programada para el pr\u00f3ximo 4 de septiembre y durante dure esta pandemia.<\/p>\n\n\n\n<p>\u201cEsta campa\u00f1a tiene buenas intenciones, ha sido creada con el prop\u00f3sito de hacer que la iglesia juegue un papel m\u00e1s importante en estos momentos de la pandemia, todos los d\u00edas estamos escuchando malas noticias, pero creemos que la iglesia debe ser portadora de buenas noticias, a parte del evangelio tenemos la oportunidad de impactar a muchas personas en nuestras comunidades\u201d expres\u00f3 el representante de Urban Strategies, David Enrique Mart\u00ednez.<\/p>\n\n\n\n<p>Se espera que esta sea una campa\u00f1a colaborativa se mantenga por un a\u00f1o, se pretende abordar temas como la ansiedad, la depresi\u00f3n y el manejo para el \u00e1rea pastoral, generando igualmente contenido para las familias evang\u00e9licas, brindando informaci\u00f3n fidedigna.<\/p>\n","protected":false},"excerpt":{"rendered":"<p>Esta ma\u00f1ana se llev\u00f3 a cabo la conferencia de prensa v\u00eda Zoom para dar a conocer \u201cJuntos somos vida\u201d una campa\u00f1a que nace para capacitar a las iglesias y sus l\u00edderes con el fin de convertirlas en un verdadero centro de protecci\u00f3n de la vida de la comunidad.&nbsp; Su misi\u00f3n es brindar insumos y herramientas [&hellip;]<\/p>\n","protected":false},"author":3,"featured_media":9911,"comment_status":"open","ping_status":"open","sticky":false,"template":"","format":"standard","meta":[],"categories":[56],"tags":[],"yoast_head":"<!-- This site is optimized with the Yoast SEO plugin v20.8 - https:\/\/yoast.com\/wordpress\/plugins\/seo\/ -->\n<title>\u201cJuntos somos vida\u201d una iniciativa de Alianza Evang\u00e9lica de El Salvador y Urban Strategies para capacitar iglesias - La Prensa Cristiana<\/title>\n<meta name=\"robots\" content=\"index, follow, max-snippet:-1, max-image-preview:large, max-video-preview:-1\" \/>\n<link rel=\"canonical\" href=\"https:\/\/laprensacristiana.com\/?p=9910\" \/>\n<meta property=\"og:locale\" content=\"es_ES\" \/>\n<meta property=\"og:type\" content=\"article\" \/>\n<meta property=\"og:title\" content=\"\u201cJuntos somos vida\u201d una iniciativa de Alianza Evang\u00e9lica de El Salvador y Urban Strategies para capacitar iglesias - La Prensa Cristiana\" \/>\n<meta property=\"og:description\" content=\"Esta ma\u00f1ana se llev\u00f3 a cabo la conferencia de prensa v\u00eda Zoom para dar a conocer \u201cJuntos somos vida\u201d una campa\u00f1a que nace para capacitar a las iglesias y sus l\u00edderes con el fin de convertirlas en un verdadero centro de protecci\u00f3n de la vida de la comunidad.&nbsp; Su misi\u00f3n es brindar insumos y herramientas [&hellip;]\" \/>\n<meta property=\"og:url\" content=\"https:\/\/laprensacristiana.com\/?p=9910\" \/>\n<meta property=\"og:site_name\" content=\"La Prensa Cristiana\" \/>\n<meta property=\"article:published_time\" content=\"2020-07-31T21:56:53+00:00\" \/>\n<meta property=\"article:modified_time\" content=\"2020-07-31T21:56:56+00:00\" \/>\n<meta property=\"og:image\" content=\"https:\/\/laprensacristiana.com\/wp-content\/uploads\/2020\/07\/WhatsApp-Image-2020-07-31-at-15.06.52.jpeg\" \/>\n\t<meta property=\"og:image:width\" content=\"1280\" \/>\n\t<meta property=\"og:image:height\" content=\"640\" \/>\n\t<meta property=\"og:image:type\" content=\"image\/jpeg\" \/>\n<meta name=\"author\" content=\"EDITOR\" \/>\n<meta name=\"twitter:card\" content=\"summary_large_image\" \/>\n<meta name=\"twitter:label1\" content=\"Escrito por\" \/>\n\t<meta name=\"twitter:data1\" content=\"EDITOR\" \/>\n\t<meta name=\"twitter:label2\" content=\"Tiempo de lectura\" \/>\n\t<meta name=\"twitter:data2\" content=\"2 minutos\" \/>\n<script type=\"application\/ld+json\" class=\"yoast-schema-graph\">{\"@context\":\"https:\/\/schema.org\",\"@graph\":[{\"@type\":\"WebPage\",\"@id\":\"https:\/\/laprensacristiana.com\/?p=9910\",\"url\":\"https:\/\/laprensacristiana.com\/?p=9910\",\"name\":\"\u201cJuntos somos vida\u201d una iniciativa de Alianza Evang\u00e9lica de El Salvador y Urban Strategies para capacitar iglesias - La Prensa Cristiana\",\"isPartOf\":{\"@id\":\"https:\/\/laprensacristiana.com\/#website\"},\"datePublished\":\"2020-07-31T21:56:53+00:00\",\"dateModified\":\"2020-07-31T21:56:56+00:00\",\"author\":{\"@id\":\"https:\/\/laprensacristiana.com\/#\/schema\/person\/3e7d82c6bfd6b1fa67010f8f7cd5256e\"},\"breadcrumb\":{\"@id\":\"https:\/\/laprensacristiana.com\/?p=9910#breadcrumb\"},\"inLanguage\":\"es\",\"potentialAction\":[{\"@type\":\"ReadAction\",\"target\":[\"https:\/\/laprensacristiana.com\/?p=9910\"]}]},{\"@type\":\"BreadcrumbList\",\"@id\":\"https:\/\/laprensacristiana.com\/?p=9910#breadcrumb\",\"itemListElement\":[{\"@type\":\"ListItem\",\"position\":1,\"name\":\"Portada\",\"item\":\"https:\/\/laprensacristiana.com\/\"},{\"@type\":\"ListItem\",\"position\":2,\"name\":\"\u201cJuntos somos vida\u201d una iniciativa de Alianza Evang\u00e9lica de El Salvador y Urban Strategies para capacitar iglesias\"}]},{\"@type\":\"WebSite\",\"@id\":\"https:\/\/laprensacristiana.com\/#website\",\"url\":\"https:\/\/laprensacristiana.com\/\",\"name\":\"La Prensa Cristiana\",\"description\":\"Anunciando Las Buenas Nuevas\",\"potentialAction\":[{\"@type\":\"SearchAction\",\"target\":{\"@type\":\"EntryPoint\",\"urlTemplate\":\"https:\/\/laprensacristiana.com\/?s={search_term_string}\"},\"query-input\":\"required name=search_term_string\"}],\"inLanguage\":\"es\"},{\"@type\":\"Person\",\"@id\":\"https:\/\/laprensacristiana.com\/#\/schema\/person\/3e7d82c6bfd6b1fa67010f8f7cd5256e\",\"name\":\"EDITOR\",\"image\":{\"@type\":\"ImageObject\",\"inLanguage\":\"es\",\"@id\":\"https:\/\/laprensacristiana.com\/#\/schema\/person\/image\/\",\"url\":\"https:\/\/secure.gravatar.com\/avatar\/72069dfb6c13772d9e8381e3638666d2?s=96&d=mm&r=g\",\"contentUrl\":\"https:\/\/secure.gravatar.com\/avatar\/72069dfb6c13772d9e8381e3638666d2?s=96&d=mm&r=g\",\"caption\":\"EDITOR\"},\"url\":\"https:\/\/laprensacristiana.com\/?author=3\"}]}<\/script>\n<!-- \/ Yoast SEO plugin. -->","yoast_head_json":{"title":"\u201cJuntos somos vida\u201d una iniciativa de Alianza Evang\u00e9lica de El Salvador y Urban Strategies para capacitar iglesias - La Prensa Cristiana","robots":{"index":"index","follow":"follow","max-snippet":"max-snippet:-1","max-image-preview":"max-image-preview:large","max-video-preview":"max-video-preview:-1"},"canonical":"https:\/\/laprensacristiana.com\/?p=9910","og_locale":"es_ES","og_type":"article","og_title":"\u201cJuntos somos vida\u201d una iniciativa de Alianza Evang\u00e9lica de El Salvador y Urban Strategies para capacitar iglesias - La Prensa Cristiana","og_description":"Esta ma\u00f1ana se llev\u00f3 a cabo la conferencia de prensa v\u00eda Zoom para dar a conocer \u201cJuntos somos vida\u201d una campa\u00f1a que nace para capacitar a las iglesias y sus l\u00edderes con el fin de convertirlas en un verdadero centro de protecci\u00f3n de la vida de la comunidad.&nbsp; Su misi\u00f3n es brindar insumos y herramientas [&hellip;]","og_url":"https:\/\/laprensacristiana.com\/?p=9910","og_site_name":"La Prensa Cristiana","article_published_time":"2020-07-31T21:56:53+00:00","article_modified_time":"2020-07-31T21:56:56+00:00","og_image":[{"width":1280,"height":640,"url":"https:\/\/laprensacristiana.com\/wp-content\/uploads\/2020\/07\/WhatsApp-Image-2020-07-31-at-15.06.52.jpeg","type":"image\/jpeg"}],"author":"EDITOR","twitter_card":"summary_large_image","twitter_misc":{"Escrito por":"EDITOR","Tiempo de lectura":"2 minutos"},"schema":{"@context":"https:\/\/schema.org","@graph":[{"@type":"WebPage","@id":"https:\/\/laprensacristiana.com\/?p=9910","url":"https:\/\/laprensacristiana.com\/?p=9910","name":"\u201cJuntos somos vida\u201d una iniciativa de Alianza Evang\u00e9lica de El Salvador y Urban Strategies para capacitar iglesias - La Prensa Cristiana","isPartOf":{"@id":"https:\/\/laprensacristiana.com\/#website"},"datePublished":"2020-07-31T21:56:53+00:00","dateModified":"2020-07-31T21:56:56+00:00","author":{"@id":"https:\/\/laprensacristiana.com\/#\/schema\/person\/3e7d82c6bfd6b1fa67010f8f7cd5256e"},"breadcrumb":{"@id":"https:\/\/laprensacristiana.com\/?p=9910#breadcrumb"},"inLanguage":"es","potentialAction":[{"@type":"ReadAction","target":["https:\/\/laprensacristiana.com\/?p=9910"]}]},{"@type":"BreadcrumbList","@id":"https:\/\/laprensacristiana.com\/?p=9910#breadcrumb","itemListElement":[{"@type":"ListItem","position":1,"name":"Portada","item":"https:\/\/laprensacristiana.com\/"},{"@type":"ListItem","position":2,"name":"\u201cJuntos somos vida\u201d una iniciativa de Alianza Evang\u00e9lica de El Salvador y Urban Strategies para capacitar iglesias"}]},{"@type":"WebSite","@id":"https:\/\/laprensacristiana.com\/#website","url":"https:\/\/laprensacristiana.com\/","name":"La Prensa Cristiana","description":"Anunciando Las Buenas Nuevas","potentialAction":[{"@type":"SearchAction","target":{"@type":"EntryPoint","urlTemplate":"https:\/\/laprensacristiana.com\/?s={search_term_string}"},"query-input":"required name=search_term_string"}],"inLanguage":"es"},{"@type":"Person","@id":"https:\/\/laprensacristiana.com\/#\/schema\/person\/3e7d82c6bfd6b1fa67010f8f7cd5256e","name":"EDITOR","image":{"@type":"ImageObject","inLanguage":"es","@id":"https:\/\/laprensacristiana.com\/#\/schema\/person\/image\/","url":"https:\/\/secure.gravatar.com\/avatar\/72069dfb6c13772d9e8381e3638666d2?s=96&d=mm&r=g","contentUrl":"https:\/\/secure.gravatar.com\/avatar\/72069dfb6c13772d9e8381e3638666d2?s=96&d=mm&r=g","caption":"EDITOR"},"url":"https:\/\/laprensacristiana.com\/?author=3"}]}},"_links":{"self":[{"href":"https:\/\/laprensacristiana.com\/index.php?rest_route=\/wp\/v2\/posts\/9910"}],"collection":[{"href":"https:\/\/laprensacristiana.com\/index.php?rest_route=\/wp\/v2\/posts"}],"about":[{"href":"https:\/\/laprensacristiana.com\/index.php?rest_route=\/wp\/v2\/types\/post"}],"author":[{"embeddable":true,"href":"https:\/\/laprensacristiana.com\/index.php?rest_route=\/wp\/v2\/users\/3"}],"replies":[{"embeddable":true,"href":"https:\/\/laprensacristiana.com\/index.php?rest_route=%2Fwp%2Fv2%2Fcomments&post=9910"}],"version-history":[{"count":1,"href":"https:\/\/laprensacristiana.com\/index.php?rest_route=\/wp\/v2\/posts\/9910\/revisions"}],"predecessor-version":[{"id":9912,"href":"https:\/\/laprensacristiana.com\/index.php?rest_route=\/wp\/v2\/posts\/9910\/revisions\/9912"}],"wp:featuredmedia":[{"embeddable":true,"href":"https:\/\/laprensacristiana.com\/index.php?rest_route=\/wp\/v2\/media\/9911"}],"wp:attachment":[{"href":"https:\/\/laprensacristiana.com\/index.php?rest_route=%2Fwp%2Fv2%2Fmedia&parent=9910"}],"wp:term":[{"taxonomy":"category","embeddable":true,"href":"https:\/\/laprensacristiana.com\/index.php?rest_route=%2Fwp%2Fv2%2Fcategories&post=9910"},{"taxonomy":"post_tag","embeddable":true,"href":"https:\/\/laprensacristiana.com\/index.php?rest_route=%2Fwp%2Fv2%2Ftags&post=9910"}],"curies":[{"name":"wp","href":"https:\/\/api.w.org\/{rel}","templated":true}]}}