{"id":9919,"date":"2020-08-03T17:55:41","date_gmt":"2020-08-03T17:55:41","guid":{"rendered":"https:\/\/laprensacristiana.com\/?p=9919"},"modified":"2020-08-03T17:55:44","modified_gmt":"2020-08-03T17:55:44","slug":"oracion-movil-en-barranquilla","status":"publish","type":"post","link":"https:\/\/laprensacristiana.com\/?p=9919","title":{"rendered":"Oraci\u00f3n m\u00f3vil en Barranquilla"},"content":{"rendered":"\n<p>El pastor Carlos Osorio forma parte del ministerio de hombres Legendarios, busca motivar a los hombres para despertar en ellos el prop\u00f3sito para el que fueron dise\u00f1ados, para este ministerio el var\u00f3n fue dise\u00f1ado para dar lo mejor de s\u00ed mismo a su familia y naci\u00f3n.<\/p>\n\n\n\n<p>Como parte de esta proyecci\u00f3n Legendarios en medio de las limitaciones de la pandemia ha dise\u00f1ado un plan de oraci\u00f3n m\u00f3vil en el que recorren las calles de Barranquilla en Colombia para orar y llevar animo a las familias.<\/p>\n\n\n\n<p>Los hombres que se unen a este ministerio participan en diferentes actividades en su comunidad, por ejemplo, en este caso de pandemia&nbsp; un ej\u00e9rcito de hombres recorren las calles para interceder y pedir sanidad, visitan las afueras de los hospitales como parte de su recorrido para alentar a las personas que sufren diferentes enfermedades y los que batallan contra el covid-19.<\/p>\n","protected":false},"excerpt":{"rendered":"<p>El pastor Carlos Osorio forma parte del ministerio de hombres Legendarios, busca motivar a los hombres para despertar en ellos el prop\u00f3sito para el que fueron dise\u00f1ados, para este ministerio el var\u00f3n fue dise\u00f1ado para dar lo mejor de s\u00ed mismo a su familia y naci\u00f3n. Como parte de esta proyecci\u00f3n Legendarios en medio de [&hellip;]<\/p>\n","protected":false},"author":3,"featured_media":9920,"comment_status":"open","ping_status":"open","sticky":false,"template":"","format":"standard","meta":[],"categories":[56],"tags":[],"yoast_head":"<!-- This site is optimized with the Yoast SEO plugin v20.8 - https:\/\/yoast.com\/wordpress\/plugins\/seo\/ -->\n<title>Oraci\u00f3n m\u00f3vil en Barranquilla - La Prensa Cristiana<\/title>\n<meta name=\"robots\" content=\"index, follow, max-snippet:-1, max-image-preview:large, max-video-preview:-1\" \/>\n<link rel=\"canonical\" href=\"https:\/\/laprensacristiana.com\/?p=9919\" \/>\n<meta property=\"og:locale\" content=\"es_ES\" \/>\n<meta property=\"og:type\" content=\"article\" \/>\n<meta property=\"og:title\" content=\"Oraci\u00f3n m\u00f3vil en Barranquilla - La Prensa Cristiana\" \/>\n<meta property=\"og:description\" content=\"El pastor Carlos Osorio forma parte del ministerio de hombres Legendarios, busca motivar a los hombres para despertar en ellos el prop\u00f3sito para el que fueron dise\u00f1ados, para este ministerio el var\u00f3n fue dise\u00f1ado para dar lo mejor de s\u00ed mismo a su familia y naci\u00f3n. Como parte de esta proyecci\u00f3n Legendarios en medio de [&hellip;]\" \/>\n<meta property=\"og:url\" content=\"https:\/\/laprensacristiana.com\/?p=9919\" \/>\n<meta property=\"og:site_name\" content=\"La Prensa Cristiana\" \/>\n<meta property=\"article:published_time\" content=\"2020-08-03T17:55:41+00:00\" \/>\n<meta property=\"article:modified_time\" content=\"2020-08-03T17:55:44+00:00\" \/>\n<meta property=\"og:image\" content=\"https:\/\/laprensacristiana.com\/wp-content\/uploads\/2020\/08\/WhatsApp-Image-2020-08-03-at-11.34.18.jpeg\" \/>\n\t<meta property=\"og:image:width\" content=\"1080\" \/>\n\t<meta property=\"og:image:height\" content=\"810\" \/>\n\t<meta property=\"og:image:type\" content=\"image\/jpeg\" \/>\n<meta name=\"author\" content=\"EDITOR\" \/>\n<meta name=\"twitter:card\" content=\"summary_large_image\" \/>\n<meta name=\"twitter:label1\" content=\"Escrito por\" \/>\n\t<meta name=\"twitter:data1\" content=\"EDITOR\" \/>\n\t<meta name=\"twitter:label2\" content=\"Tiempo de lectura\" \/>\n\t<meta name=\"twitter:data2\" content=\"1 minuto\" \/>\n<script type=\"application\/ld+json\" class=\"yoast-schema-graph\">{\"@context\":\"https:\/\/schema.org\",\"@graph\":[{\"@type\":\"WebPage\",\"@id\":\"https:\/\/laprensacristiana.com\/?p=9919\",\"url\":\"https:\/\/laprensacristiana.com\/?p=9919\",\"name\":\"Oraci\u00f3n m\u00f3vil en Barranquilla - La Prensa Cristiana\",\"isPartOf\":{\"@id\":\"https:\/\/laprensacristiana.com\/#website\"},\"datePublished\":\"2020-08-03T17:55:41+00:00\",\"dateModified\":\"2020-08-03T17:55:44+00:00\",\"author\":{\"@id\":\"https:\/\/laprensacristiana.com\/#\/schema\/person\/3e7d82c6bfd6b1fa67010f8f7cd5256e\"},\"breadcrumb\":{\"@id\":\"https:\/\/laprensacristiana.com\/?p=9919#breadcrumb\"},\"inLanguage\":\"es\",\"potentialAction\":[{\"@type\":\"ReadAction\",\"target\":[\"https:\/\/laprensacristiana.com\/?p=9919\"]}]},{\"@type\":\"BreadcrumbList\",\"@id\":\"https:\/\/laprensacristiana.com\/?p=9919#breadcrumb\",\"itemListElement\":[{\"@type\":\"ListItem\",\"position\":1,\"name\":\"Portada\",\"item\":\"https:\/\/laprensacristiana.com\/\"},{\"@type\":\"ListItem\",\"position\":2,\"name\":\"Oraci\u00f3n m\u00f3vil en Barranquilla\"}]},{\"@type\":\"WebSite\",\"@id\":\"https:\/\/laprensacristiana.com\/#website\",\"url\":\"https:\/\/laprensacristiana.com\/\",\"name\":\"La Prensa Cristiana\",\"description\":\"Anunciando Las Buenas Nuevas\",\"potentialAction\":[{\"@type\":\"SearchAction\",\"target\":{\"@type\":\"EntryPoint\",\"urlTemplate\":\"https:\/\/laprensacristiana.com\/?s={search_term_string}\"},\"query-input\":\"required name=search_term_string\"}],\"inLanguage\":\"es\"},{\"@type\":\"Person\",\"@id\":\"https:\/\/laprensacristiana.com\/#\/schema\/person\/3e7d82c6bfd6b1fa67010f8f7cd5256e\",\"name\":\"EDITOR\",\"image\":{\"@type\":\"ImageObject\",\"inLanguage\":\"es\",\"@id\":\"https:\/\/laprensacristiana.com\/#\/schema\/person\/image\/\",\"url\":\"https:\/\/secure.gravatar.com\/avatar\/72069dfb6c13772d9e8381e3638666d2?s=96&d=mm&r=g\",\"contentUrl\":\"https:\/\/secure.gravatar.com\/avatar\/72069dfb6c13772d9e8381e3638666d2?s=96&d=mm&r=g\",\"caption\":\"EDITOR\"},\"url\":\"https:\/\/laprensacristiana.com\/?author=3\"}]}<\/script>\n<!-- \/ Yoast SEO plugin. -->","yoast_head_json":{"title":"Oraci\u00f3n m\u00f3vil en Barranquilla - La Prensa Cristiana","robots":{"index":"index","follow":"follow","max-snippet":"max-snippet:-1","max-image-preview":"max-image-preview:large","max-video-preview":"max-video-preview:-1"},"canonical":"https:\/\/laprensacristiana.com\/?p=9919","og_locale":"es_ES","og_type":"article","og_title":"Oraci\u00f3n m\u00f3vil en Barranquilla - La Prensa Cristiana","og_description":"El pastor Carlos Osorio forma parte del ministerio de hombres Legendarios, busca motivar a los hombres para despertar en ellos el prop\u00f3sito para el que fueron dise\u00f1ados, para este ministerio el var\u00f3n fue dise\u00f1ado para dar lo mejor de s\u00ed mismo a su familia y naci\u00f3n. Como parte de esta proyecci\u00f3n Legendarios en medio de [&hellip;]","og_url":"https:\/\/laprensacristiana.com\/?p=9919","og_site_name":"La Prensa Cristiana","article_published_time":"2020-08-03T17:55:41+00:00","article_modified_time":"2020-08-03T17:55:44+00:00","og_image":[{"width":1080,"height":810,"url":"https:\/\/laprensacristiana.com\/wp-content\/uploads\/2020\/08\/WhatsApp-Image-2020-08-03-at-11.34.18.jpeg","type":"image\/jpeg"}],"author":"EDITOR","twitter_card":"summary_large_image","twitter_misc":{"Escrito por":"EDITOR","Tiempo de lectura":"1 minuto"},"schema":{"@context":"https:\/\/schema.org","@graph":[{"@type":"WebPage","@id":"https:\/\/laprensacristiana.com\/?p=9919","url":"https:\/\/laprensacristiana.com\/?p=9919","name":"Oraci\u00f3n m\u00f3vil en Barranquilla - La Prensa Cristiana","isPartOf":{"@id":"https:\/\/laprensacristiana.com\/#website"},"datePublished":"2020-08-03T17:55:41+00:00","dateModified":"2020-08-03T17:55:44+00:00","author":{"@id":"https:\/\/laprensacristiana.com\/#\/schema\/person\/3e7d82c6bfd6b1fa67010f8f7cd5256e"},"breadcrumb":{"@id":"https:\/\/laprensacristiana.com\/?p=9919#breadcrumb"},"inLanguage":"es","potentialAction":[{"@type":"ReadAction","target":["https:\/\/laprensacristiana.com\/?p=9919"]}]},{"@type":"BreadcrumbList","@id":"https:\/\/laprensacristiana.com\/?p=9919#breadcrumb","itemListElement":[{"@type":"ListItem","position":1,"name":"Portada","item":"https:\/\/laprensacristiana.com\/"},{"@type":"ListItem","position":2,"name":"Oraci\u00f3n m\u00f3vil en Barranquilla"}]},{"@type":"WebSite","@id":"https:\/\/laprensacristiana.com\/#website","url":"https:\/\/laprensacristiana.com\/","name":"La Prensa Cristiana","description":"Anunciando Las Buenas Nuevas","potentialAction":[{"@type":"SearchAction","target":{"@type":"EntryPoint","urlTemplate":"https:\/\/laprensacristiana.com\/?s={search_term_string}"},"query-input":"required name=search_term_string"}],"inLanguage":"es"},{"@type":"Person","@id":"https:\/\/laprensacristiana.com\/#\/schema\/person\/3e7d82c6bfd6b1fa67010f8f7cd5256e","name":"EDITOR","image":{"@type":"ImageObject","inLanguage":"es","@id":"https:\/\/laprensacristiana.com\/#\/schema\/person\/image\/","url":"https:\/\/secure.gravatar.com\/avatar\/72069dfb6c13772d9e8381e3638666d2?s=96&d=mm&r=g","contentUrl":"https:\/\/secure.gravatar.com\/avatar\/72069dfb6c13772d9e8381e3638666d2?s=96&d=mm&r=g","caption":"EDITOR"},"url":"https:\/\/laprensacristiana.com\/?author=3"}]}},"_links":{"self":[{"href":"https:\/\/laprensacristiana.com\/index.php?rest_route=\/wp\/v2\/posts\/9919"}],"collection":[{"href":"https:\/\/laprensacristiana.com\/index.php?rest_route=\/wp\/v2\/posts"}],"about":[{"href":"https:\/\/laprensacristiana.com\/index.php?rest_route=\/wp\/v2\/types\/post"}],"author":[{"embeddable":true,"href":"https:\/\/laprensacristiana.com\/index.php?rest_route=\/wp\/v2\/users\/3"}],"replies":[{"embeddable":true,"href":"https:\/\/laprensacristiana.com\/index.php?rest_route=%2Fwp%2Fv2%2Fcomments&post=9919"}],"version-history":[{"count":1,"href":"https:\/\/laprensacristiana.com\/index.php?rest_route=\/wp\/v2\/posts\/9919\/revisions"}],"predecessor-version":[{"id":9921,"href":"https:\/\/laprensacristiana.com\/index.php?rest_route=\/wp\/v2\/posts\/9919\/revisions\/9921"}],"wp:featuredmedia":[{"embeddable":true,"href":"https:\/\/laprensacristiana.com\/index.php?rest_route=\/wp\/v2\/media\/9920"}],"wp:attachment":[{"href":"https:\/\/laprensacristiana.com\/index.php?rest_route=%2Fwp%2Fv2%2Fmedia&parent=9919"}],"wp:term":[{"taxonomy":"category","embeddable":true,"href":"https:\/\/laprensacristiana.com\/index.php?rest_route=%2Fwp%2Fv2%2Fcategories&post=9919"},{"taxonomy":"post_tag","embeddable":true,"href":"https:\/\/laprensacristiana.com\/index.php?rest_route=%2Fwp%2Fv2%2Ftags&post=9919"}],"curies":[{"name":"wp","href":"https:\/\/api.w.org\/{rel}","templated":true}]}}