{"id":9925,"date":"2020-08-03T18:34:06","date_gmt":"2020-08-03T18:34:06","guid":{"rendered":"https:\/\/laprensacristiana.com\/?p=9925"},"modified":"2020-08-04T03:09:06","modified_gmt":"2020-08-04T03:09:06","slug":"pastora-marleny-pereira-es-sanada-de-covid-19-y-testifica-con-los-mas-necesitados","status":"publish","type":"post","link":"https:\/\/laprensacristiana.com\/?p=9925","title":{"rendered":"Pastora Marleny Pereira es sanada de Covid-19 y testifica con los m\u00e1s necesitados"},"content":{"rendered":"\n<p>La pastora Marleny Pereira del Ministerio Granito de Mostaza,  ha estados unos d\u00edas ausente de su trabajo de ayuda al pr\u00f3jimo, esto debido a que contrajo el virus de Covid-19.<\/p>\n\n\n\n<p>Recientemente ha compartido su testimonio a trav\u00e9s de redes sociales y en grupos virtuales de pastores de como Dios ha tenido misericordia de su vida y le ha sanado.<\/p>\n\n\n\n<p>La pastora esta pr\u00f3xima ha retomar su ayuda al pr\u00f3jimo ya libre de todo virus, con su ministerio Granitos de Mostaza con la misma intensidad que lo hab\u00eda estado desarrollando con anterioridad, llegando a comunidades y personas con alto grado de necesidad en el marco de la pandemia. <\/p>\n\n\n\n<p>Al final de esta nota la pastora Pereira glorifica a Dios por la victoria que ha obtenido ante este proceso. <\/p>\n\n\n\n<p><\/p>\n\n\n\n<figure class=\"wp-block-image size-large\"><img decoding=\"async\" loading=\"lazy\" width=\"768\" height=\"1024\" src=\"https:\/\/laprensacristiana.com\/wp-content\/uploads\/2020\/08\/WhatsApp-Image-2020-08-03-at-12.23.13-1-768x1024.jpeg\" alt=\"\" class=\"wp-image-9927\" srcset=\"https:\/\/laprensacristiana.com\/wp-content\/uploads\/2020\/08\/WhatsApp-Image-2020-08-03-at-12.23.13-1-768x1024.jpeg 768w, https:\/\/laprensacristiana.com\/wp-content\/uploads\/2020\/08\/WhatsApp-Image-2020-08-03-at-12.23.13-1-225x300.jpeg 225w, https:\/\/laprensacristiana.com\/wp-content\/uploads\/2020\/08\/WhatsApp-Image-2020-08-03-at-12.23.13-1-696x928.jpeg 696w, https:\/\/laprensacristiana.com\/wp-content\/uploads\/2020\/08\/WhatsApp-Image-2020-08-03-at-12.23.13-1-600x800.jpeg 600w, https:\/\/laprensacristiana.com\/wp-content\/uploads\/2020\/08\/WhatsApp-Image-2020-08-03-at-12.23.13-1.jpeg 960w\" sizes=\"(max-width: 768px) 100vw, 768px\" \/><figcaption>Foto de referencia de donaciones anteriores. <\/figcaption><\/figure>\n","protected":false},"excerpt":{"rendered":"<p>La pastora Marleny Pereira del Ministerio Granito de Mostaza, ha estados unos d\u00edas ausente de su trabajo de ayuda al pr\u00f3jimo, esto debido a que contrajo el virus de Covid-19. Recientemente ha compartido su testimonio a trav\u00e9s de redes sociales y en grupos virtuales de pastores de como Dios ha tenido misericordia de su vida [&hellip;]<\/p>\n","protected":false},"author":3,"featured_media":9926,"comment_status":"open","ping_status":"open","sticky":false,"template":"","format":"standard","meta":[],"categories":[56],"tags":[],"yoast_head":"<!-- This site is optimized with the Yoast SEO plugin v20.8 - https:\/\/yoast.com\/wordpress\/plugins\/seo\/ -->\n<title>Pastora Marleny Pereira es sanada de Covid-19 y testifica con los m\u00e1s necesitados - La Prensa Cristiana<\/title>\n<meta name=\"robots\" content=\"index, follow, max-snippet:-1, max-image-preview:large, max-video-preview:-1\" \/>\n<link rel=\"canonical\" href=\"https:\/\/laprensacristiana.com\/?p=9925\" \/>\n<meta property=\"og:locale\" content=\"es_ES\" \/>\n<meta property=\"og:type\" content=\"article\" \/>\n<meta property=\"og:title\" content=\"Pastora Marleny Pereira es sanada de Covid-19 y testifica con los m\u00e1s necesitados - La Prensa Cristiana\" \/>\n<meta property=\"og:description\" content=\"La pastora Marleny Pereira del Ministerio Granito de Mostaza, ha estados unos d\u00edas ausente de su trabajo de ayuda al pr\u00f3jimo, esto debido a que contrajo el virus de Covid-19. Recientemente ha compartido su testimonio a trav\u00e9s de redes sociales y en grupos virtuales de pastores de como Dios ha tenido misericordia de su vida [&hellip;]\" \/>\n<meta property=\"og:url\" content=\"https:\/\/laprensacristiana.com\/?p=9925\" \/>\n<meta property=\"og:site_name\" content=\"La Prensa Cristiana\" \/>\n<meta property=\"article:published_time\" content=\"2020-08-03T18:34:06+00:00\" \/>\n<meta property=\"article:modified_time\" content=\"2020-08-04T03:09:06+00:00\" \/>\n<meta property=\"og:image\" content=\"https:\/\/laprensacristiana.com\/wp-content\/uploads\/2020\/08\/WhatsApp-Image-2020-08-03-at-12.23.13.jpeg\" \/>\n\t<meta property=\"og:image:width\" content=\"1280\" \/>\n\t<meta property=\"og:image:height\" content=\"960\" \/>\n\t<meta property=\"og:image:type\" content=\"image\/jpeg\" \/>\n<meta name=\"author\" content=\"EDITOR\" \/>\n<meta name=\"twitter:card\" content=\"summary_large_image\" \/>\n<meta name=\"twitter:label1\" content=\"Escrito por\" \/>\n\t<meta name=\"twitter:data1\" content=\"EDITOR\" \/>\n\t<meta name=\"twitter:label2\" content=\"Tiempo de lectura\" \/>\n\t<meta name=\"twitter:data2\" content=\"1 minuto\" \/>\n<script type=\"application\/ld+json\" class=\"yoast-schema-graph\">{\"@context\":\"https:\/\/schema.org\",\"@graph\":[{\"@type\":\"WebPage\",\"@id\":\"https:\/\/laprensacristiana.com\/?p=9925\",\"url\":\"https:\/\/laprensacristiana.com\/?p=9925\",\"name\":\"Pastora Marleny Pereira es sanada de Covid-19 y testifica con los m\u00e1s necesitados - La Prensa Cristiana\",\"isPartOf\":{\"@id\":\"https:\/\/laprensacristiana.com\/#website\"},\"datePublished\":\"2020-08-03T18:34:06+00:00\",\"dateModified\":\"2020-08-04T03:09:06+00:00\",\"author\":{\"@id\":\"https:\/\/laprensacristiana.com\/#\/schema\/person\/3e7d82c6bfd6b1fa67010f8f7cd5256e\"},\"breadcrumb\":{\"@id\":\"https:\/\/laprensacristiana.com\/?p=9925#breadcrumb\"},\"inLanguage\":\"es\",\"potentialAction\":[{\"@type\":\"ReadAction\",\"target\":[\"https:\/\/laprensacristiana.com\/?p=9925\"]}]},{\"@type\":\"BreadcrumbList\",\"@id\":\"https:\/\/laprensacristiana.com\/?p=9925#breadcrumb\",\"itemListElement\":[{\"@type\":\"ListItem\",\"position\":1,\"name\":\"Portada\",\"item\":\"https:\/\/laprensacristiana.com\/\"},{\"@type\":\"ListItem\",\"position\":2,\"name\":\"Pastora Marleny Pereira es sanada de Covid-19 y testifica con los m\u00e1s necesitados\"}]},{\"@type\":\"WebSite\",\"@id\":\"https:\/\/laprensacristiana.com\/#website\",\"url\":\"https:\/\/laprensacristiana.com\/\",\"name\":\"La Prensa Cristiana\",\"description\":\"Anunciando Las Buenas Nuevas\",\"potentialAction\":[{\"@type\":\"SearchAction\",\"target\":{\"@type\":\"EntryPoint\",\"urlTemplate\":\"https:\/\/laprensacristiana.com\/?s={search_term_string}\"},\"query-input\":\"required name=search_term_string\"}],\"inLanguage\":\"es\"},{\"@type\":\"Person\",\"@id\":\"https:\/\/laprensacristiana.com\/#\/schema\/person\/3e7d82c6bfd6b1fa67010f8f7cd5256e\",\"name\":\"EDITOR\",\"image\":{\"@type\":\"ImageObject\",\"inLanguage\":\"es\",\"@id\":\"https:\/\/laprensacristiana.com\/#\/schema\/person\/image\/\",\"url\":\"https:\/\/secure.gravatar.com\/avatar\/72069dfb6c13772d9e8381e3638666d2?s=96&d=mm&r=g\",\"contentUrl\":\"https:\/\/secure.gravatar.com\/avatar\/72069dfb6c13772d9e8381e3638666d2?s=96&d=mm&r=g\",\"caption\":\"EDITOR\"},\"url\":\"https:\/\/laprensacristiana.com\/?author=3\"}]}<\/script>\n<!-- \/ Yoast SEO plugin. -->","yoast_head_json":{"title":"Pastora Marleny Pereira es sanada de Covid-19 y testifica con los m\u00e1s necesitados - La Prensa Cristiana","robots":{"index":"index","follow":"follow","max-snippet":"max-snippet:-1","max-image-preview":"max-image-preview:large","max-video-preview":"max-video-preview:-1"},"canonical":"https:\/\/laprensacristiana.com\/?p=9925","og_locale":"es_ES","og_type":"article","og_title":"Pastora Marleny Pereira es sanada de Covid-19 y testifica con los m\u00e1s necesitados - La Prensa Cristiana","og_description":"La pastora Marleny Pereira del Ministerio Granito de Mostaza, ha estados unos d\u00edas ausente de su trabajo de ayuda al pr\u00f3jimo, esto debido a que contrajo el virus de Covid-19. Recientemente ha compartido su testimonio a trav\u00e9s de redes sociales y en grupos virtuales de pastores de como Dios ha tenido misericordia de su vida [&hellip;]","og_url":"https:\/\/laprensacristiana.com\/?p=9925","og_site_name":"La Prensa Cristiana","article_published_time":"2020-08-03T18:34:06+00:00","article_modified_time":"2020-08-04T03:09:06+00:00","og_image":[{"width":1280,"height":960,"url":"https:\/\/laprensacristiana.com\/wp-content\/uploads\/2020\/08\/WhatsApp-Image-2020-08-03-at-12.23.13.jpeg","type":"image\/jpeg"}],"author":"EDITOR","twitter_card":"summary_large_image","twitter_misc":{"Escrito por":"EDITOR","Tiempo de lectura":"1 minuto"},"schema":{"@context":"https:\/\/schema.org","@graph":[{"@type":"WebPage","@id":"https:\/\/laprensacristiana.com\/?p=9925","url":"https:\/\/laprensacristiana.com\/?p=9925","name":"Pastora Marleny Pereira es sanada de Covid-19 y testifica con los m\u00e1s necesitados - La Prensa Cristiana","isPartOf":{"@id":"https:\/\/laprensacristiana.com\/#website"},"datePublished":"2020-08-03T18:34:06+00:00","dateModified":"2020-08-04T03:09:06+00:00","author":{"@id":"https:\/\/laprensacristiana.com\/#\/schema\/person\/3e7d82c6bfd6b1fa67010f8f7cd5256e"},"breadcrumb":{"@id":"https:\/\/laprensacristiana.com\/?p=9925#breadcrumb"},"inLanguage":"es","potentialAction":[{"@type":"ReadAction","target":["https:\/\/laprensacristiana.com\/?p=9925"]}]},{"@type":"BreadcrumbList","@id":"https:\/\/laprensacristiana.com\/?p=9925#breadcrumb","itemListElement":[{"@type":"ListItem","position":1,"name":"Portada","item":"https:\/\/laprensacristiana.com\/"},{"@type":"ListItem","position":2,"name":"Pastora Marleny Pereira es sanada de Covid-19 y testifica con los m\u00e1s necesitados"}]},{"@type":"WebSite","@id":"https:\/\/laprensacristiana.com\/#website","url":"https:\/\/laprensacristiana.com\/","name":"La Prensa Cristiana","description":"Anunciando Las Buenas Nuevas","potentialAction":[{"@type":"SearchAction","target":{"@type":"EntryPoint","urlTemplate":"https:\/\/laprensacristiana.com\/?s={search_term_string}"},"query-input":"required name=search_term_string"}],"inLanguage":"es"},{"@type":"Person","@id":"https:\/\/laprensacristiana.com\/#\/schema\/person\/3e7d82c6bfd6b1fa67010f8f7cd5256e","name":"EDITOR","image":{"@type":"ImageObject","inLanguage":"es","@id":"https:\/\/laprensacristiana.com\/#\/schema\/person\/image\/","url":"https:\/\/secure.gravatar.com\/avatar\/72069dfb6c13772d9e8381e3638666d2?s=96&d=mm&r=g","contentUrl":"https:\/\/secure.gravatar.com\/avatar\/72069dfb6c13772d9e8381e3638666d2?s=96&d=mm&r=g","caption":"EDITOR"},"url":"https:\/\/laprensacristiana.com\/?author=3"}]}},"_links":{"self":[{"href":"https:\/\/laprensacristiana.com\/index.php?rest_route=\/wp\/v2\/posts\/9925"}],"collection":[{"href":"https:\/\/laprensacristiana.com\/index.php?rest_route=\/wp\/v2\/posts"}],"about":[{"href":"https:\/\/laprensacristiana.com\/index.php?rest_route=\/wp\/v2\/types\/post"}],"author":[{"embeddable":true,"href":"https:\/\/laprensacristiana.com\/index.php?rest_route=\/wp\/v2\/users\/3"}],"replies":[{"embeddable":true,"href":"https:\/\/laprensacristiana.com\/index.php?rest_route=%2Fwp%2Fv2%2Fcomments&post=9925"}],"version-history":[{"count":2,"href":"https:\/\/laprensacristiana.com\/index.php?rest_route=\/wp\/v2\/posts\/9925\/revisions"}],"predecessor-version":[{"id":9940,"href":"https:\/\/laprensacristiana.com\/index.php?rest_route=\/wp\/v2\/posts\/9925\/revisions\/9940"}],"wp:featuredmedia":[{"embeddable":true,"href":"https:\/\/laprensacristiana.com\/index.php?rest_route=\/wp\/v2\/media\/9926"}],"wp:attachment":[{"href":"https:\/\/laprensacristiana.com\/index.php?rest_route=%2Fwp%2Fv2%2Fmedia&parent=9925"}],"wp:term":[{"taxonomy":"category","embeddable":true,"href":"https:\/\/laprensacristiana.com\/index.php?rest_route=%2Fwp%2Fv2%2Fcategories&post=9925"},{"taxonomy":"post_tag","embeddable":true,"href":"https:\/\/laprensacristiana.com\/index.php?rest_route=%2Fwp%2Fv2%2Ftags&post=9925"}],"curies":[{"name":"wp","href":"https:\/\/api.w.org\/{rel}","templated":true}]}}