{"id":9935,"date":"2020-08-03T20:50:39","date_gmt":"2020-08-03T20:50:39","guid":{"rendered":"https:\/\/laprensacristiana.com\/?p=9935"},"modified":"2020-08-03T20:50:42","modified_gmt":"2020-08-03T20:50:42","slug":"pablo-rosales-recupera-su-fanpage","status":"publish","type":"post","link":"https:\/\/laprensacristiana.com\/?p=9935","title":{"rendered":"Pablo Rosales recupera su Fanpage"},"content":{"rendered":"\n<p>Al cantante y pastor Pablo Rosales le fue jaqueada su cuenta de facebook&nbsp; la semana pasada, el contenido que comparte a trav\u00e9s de sus redes ha generado pol\u00e9mica desde hace un tiempo, habla abiertamente sobre temas como el aborto, la homosexualidad y el contenido musical y de entretenimiento que las grandes industrias comparte con la ni\u00f1ez y juventud, debido a esto su canal fue cerrado en la plataforma de YouTube hace un a\u00f1o.<\/p>\n\n\n\n<p>Durante esta pandemia Pablo inicio \u201cCuarentena con Dios\u201d un tiempo de intercesi\u00f3n y adoraci\u00f3n, que se transmite una hora todos los d\u00edas a trav\u00e9s de sus redes sociales y canal de YouTube, llegando y edificando a muchos j\u00f3venes y personas.<\/p>\n\n\n\n<p>\u201cMe siento muy bendecido de haberla recuperado, Dios ha sido bueno, es un trabajo de 10 a\u00f1os, en los \u00faltimos dos a\u00f1os me siento orgulloso del trabajo que hicimos aqu\u00ed que fue predicar y proteger a la familia\u201d expres\u00f3 Pablo Rosales muy emocionado el d\u00eda de ayer en su transmisi\u00f3n 140 de \u201cCuarentena con Dios\u201d.<\/p>\n","protected":false},"excerpt":{"rendered":"<p>Al cantante y pastor Pablo Rosales le fue jaqueada su cuenta de facebook&nbsp; la semana pasada, el contenido que comparte a trav\u00e9s de sus redes ha generado pol\u00e9mica desde hace un tiempo, habla abiertamente sobre temas como el aborto, la homosexualidad y el contenido musical y de entretenimiento que las grandes industrias comparte con la [&hellip;]<\/p>\n","protected":false},"author":3,"featured_media":9936,"comment_status":"open","ping_status":"open","sticky":false,"template":"","format":"standard","meta":[],"categories":[56],"tags":[],"yoast_head":"<!-- This site is optimized with the Yoast SEO plugin v20.8 - https:\/\/yoast.com\/wordpress\/plugins\/seo\/ -->\n<title>Pablo Rosales recupera su Fanpage - La Prensa Cristiana<\/title>\n<meta name=\"robots\" content=\"index, follow, max-snippet:-1, max-image-preview:large, max-video-preview:-1\" \/>\n<link rel=\"canonical\" href=\"https:\/\/laprensacristiana.com\/?p=9935\" \/>\n<meta property=\"og:locale\" content=\"es_ES\" \/>\n<meta property=\"og:type\" content=\"article\" \/>\n<meta property=\"og:title\" content=\"Pablo Rosales recupera su Fanpage - La Prensa Cristiana\" \/>\n<meta property=\"og:description\" content=\"Al cantante y pastor Pablo Rosales le fue jaqueada su cuenta de facebook&nbsp; la semana pasada, el contenido que comparte a trav\u00e9s de sus redes ha generado pol\u00e9mica desde hace un tiempo, habla abiertamente sobre temas como el aborto, la homosexualidad y el contenido musical y de entretenimiento que las grandes industrias comparte con la [&hellip;]\" \/>\n<meta property=\"og:url\" content=\"https:\/\/laprensacristiana.com\/?p=9935\" \/>\n<meta property=\"og:site_name\" content=\"La Prensa Cristiana\" \/>\n<meta property=\"article:published_time\" content=\"2020-08-03T20:50:39+00:00\" \/>\n<meta property=\"article:modified_time\" content=\"2020-08-03T20:50:42+00:00\" \/>\n<meta property=\"og:image\" content=\"https:\/\/laprensacristiana.com\/wp-content\/uploads\/2020\/08\/WhatsApp-Image-2020-08-03-at-12.04.20.jpeg\" \/>\n\t<meta property=\"og:image:width\" content=\"714\" \/>\n\t<meta property=\"og:image:height\" content=\"407\" \/>\n\t<meta property=\"og:image:type\" content=\"image\/jpeg\" \/>\n<meta name=\"author\" content=\"EDITOR\" \/>\n<meta name=\"twitter:card\" content=\"summary_large_image\" \/>\n<meta name=\"twitter:label1\" content=\"Escrito por\" \/>\n\t<meta name=\"twitter:data1\" content=\"EDITOR\" \/>\n\t<meta name=\"twitter:label2\" content=\"Tiempo de lectura\" \/>\n\t<meta name=\"twitter:data2\" content=\"1 minuto\" \/>\n<script type=\"application\/ld+json\" class=\"yoast-schema-graph\">{\"@context\":\"https:\/\/schema.org\",\"@graph\":[{\"@type\":\"WebPage\",\"@id\":\"https:\/\/laprensacristiana.com\/?p=9935\",\"url\":\"https:\/\/laprensacristiana.com\/?p=9935\",\"name\":\"Pablo Rosales recupera su Fanpage - La Prensa Cristiana\",\"isPartOf\":{\"@id\":\"https:\/\/laprensacristiana.com\/#website\"},\"datePublished\":\"2020-08-03T20:50:39+00:00\",\"dateModified\":\"2020-08-03T20:50:42+00:00\",\"author\":{\"@id\":\"https:\/\/laprensacristiana.com\/#\/schema\/person\/3e7d82c6bfd6b1fa67010f8f7cd5256e\"},\"breadcrumb\":{\"@id\":\"https:\/\/laprensacristiana.com\/?p=9935#breadcrumb\"},\"inLanguage\":\"es\",\"potentialAction\":[{\"@type\":\"ReadAction\",\"target\":[\"https:\/\/laprensacristiana.com\/?p=9935\"]}]},{\"@type\":\"BreadcrumbList\",\"@id\":\"https:\/\/laprensacristiana.com\/?p=9935#breadcrumb\",\"itemListElement\":[{\"@type\":\"ListItem\",\"position\":1,\"name\":\"Portada\",\"item\":\"https:\/\/laprensacristiana.com\/\"},{\"@type\":\"ListItem\",\"position\":2,\"name\":\"Pablo Rosales recupera su Fanpage\"}]},{\"@type\":\"WebSite\",\"@id\":\"https:\/\/laprensacristiana.com\/#website\",\"url\":\"https:\/\/laprensacristiana.com\/\",\"name\":\"La Prensa Cristiana\",\"description\":\"Anunciando Las Buenas Nuevas\",\"potentialAction\":[{\"@type\":\"SearchAction\",\"target\":{\"@type\":\"EntryPoint\",\"urlTemplate\":\"https:\/\/laprensacristiana.com\/?s={search_term_string}\"},\"query-input\":\"required name=search_term_string\"}],\"inLanguage\":\"es\"},{\"@type\":\"Person\",\"@id\":\"https:\/\/laprensacristiana.com\/#\/schema\/person\/3e7d82c6bfd6b1fa67010f8f7cd5256e\",\"name\":\"EDITOR\",\"image\":{\"@type\":\"ImageObject\",\"inLanguage\":\"es\",\"@id\":\"https:\/\/laprensacristiana.com\/#\/schema\/person\/image\/\",\"url\":\"https:\/\/secure.gravatar.com\/avatar\/72069dfb6c13772d9e8381e3638666d2?s=96&d=mm&r=g\",\"contentUrl\":\"https:\/\/secure.gravatar.com\/avatar\/72069dfb6c13772d9e8381e3638666d2?s=96&d=mm&r=g\",\"caption\":\"EDITOR\"},\"url\":\"https:\/\/laprensacristiana.com\/?author=3\"}]}<\/script>\n<!-- \/ Yoast SEO plugin. -->","yoast_head_json":{"title":"Pablo Rosales recupera su Fanpage - La Prensa Cristiana","robots":{"index":"index","follow":"follow","max-snippet":"max-snippet:-1","max-image-preview":"max-image-preview:large","max-video-preview":"max-video-preview:-1"},"canonical":"https:\/\/laprensacristiana.com\/?p=9935","og_locale":"es_ES","og_type":"article","og_title":"Pablo Rosales recupera su Fanpage - La Prensa Cristiana","og_description":"Al cantante y pastor Pablo Rosales le fue jaqueada su cuenta de facebook&nbsp; la semana pasada, el contenido que comparte a trav\u00e9s de sus redes ha generado pol\u00e9mica desde hace un tiempo, habla abiertamente sobre temas como el aborto, la homosexualidad y el contenido musical y de entretenimiento que las grandes industrias comparte con la [&hellip;]","og_url":"https:\/\/laprensacristiana.com\/?p=9935","og_site_name":"La Prensa Cristiana","article_published_time":"2020-08-03T20:50:39+00:00","article_modified_time":"2020-08-03T20:50:42+00:00","og_image":[{"width":714,"height":407,"url":"https:\/\/laprensacristiana.com\/wp-content\/uploads\/2020\/08\/WhatsApp-Image-2020-08-03-at-12.04.20.jpeg","type":"image\/jpeg"}],"author":"EDITOR","twitter_card":"summary_large_image","twitter_misc":{"Escrito por":"EDITOR","Tiempo de lectura":"1 minuto"},"schema":{"@context":"https:\/\/schema.org","@graph":[{"@type":"WebPage","@id":"https:\/\/laprensacristiana.com\/?p=9935","url":"https:\/\/laprensacristiana.com\/?p=9935","name":"Pablo Rosales recupera su Fanpage - La Prensa Cristiana","isPartOf":{"@id":"https:\/\/laprensacristiana.com\/#website"},"datePublished":"2020-08-03T20:50:39+00:00","dateModified":"2020-08-03T20:50:42+00:00","author":{"@id":"https:\/\/laprensacristiana.com\/#\/schema\/person\/3e7d82c6bfd6b1fa67010f8f7cd5256e"},"breadcrumb":{"@id":"https:\/\/laprensacristiana.com\/?p=9935#breadcrumb"},"inLanguage":"es","potentialAction":[{"@type":"ReadAction","target":["https:\/\/laprensacristiana.com\/?p=9935"]}]},{"@type":"BreadcrumbList","@id":"https:\/\/laprensacristiana.com\/?p=9935#breadcrumb","itemListElement":[{"@type":"ListItem","position":1,"name":"Portada","item":"https:\/\/laprensacristiana.com\/"},{"@type":"ListItem","position":2,"name":"Pablo Rosales recupera su Fanpage"}]},{"@type":"WebSite","@id":"https:\/\/laprensacristiana.com\/#website","url":"https:\/\/laprensacristiana.com\/","name":"La Prensa Cristiana","description":"Anunciando Las Buenas Nuevas","potentialAction":[{"@type":"SearchAction","target":{"@type":"EntryPoint","urlTemplate":"https:\/\/laprensacristiana.com\/?s={search_term_string}"},"query-input":"required name=search_term_string"}],"inLanguage":"es"},{"@type":"Person","@id":"https:\/\/laprensacristiana.com\/#\/schema\/person\/3e7d82c6bfd6b1fa67010f8f7cd5256e","name":"EDITOR","image":{"@type":"ImageObject","inLanguage":"es","@id":"https:\/\/laprensacristiana.com\/#\/schema\/person\/image\/","url":"https:\/\/secure.gravatar.com\/avatar\/72069dfb6c13772d9e8381e3638666d2?s=96&d=mm&r=g","contentUrl":"https:\/\/secure.gravatar.com\/avatar\/72069dfb6c13772d9e8381e3638666d2?s=96&d=mm&r=g","caption":"EDITOR"},"url":"https:\/\/laprensacristiana.com\/?author=3"}]}},"_links":{"self":[{"href":"https:\/\/laprensacristiana.com\/index.php?rest_route=\/wp\/v2\/posts\/9935"}],"collection":[{"href":"https:\/\/laprensacristiana.com\/index.php?rest_route=\/wp\/v2\/posts"}],"about":[{"href":"https:\/\/laprensacristiana.com\/index.php?rest_route=\/wp\/v2\/types\/post"}],"author":[{"embeddable":true,"href":"https:\/\/laprensacristiana.com\/index.php?rest_route=\/wp\/v2\/users\/3"}],"replies":[{"embeddable":true,"href":"https:\/\/laprensacristiana.com\/index.php?rest_route=%2Fwp%2Fv2%2Fcomments&post=9935"}],"version-history":[{"count":1,"href":"https:\/\/laprensacristiana.com\/index.php?rest_route=\/wp\/v2\/posts\/9935\/revisions"}],"predecessor-version":[{"id":9937,"href":"https:\/\/laprensacristiana.com\/index.php?rest_route=\/wp\/v2\/posts\/9935\/revisions\/9937"}],"wp:featuredmedia":[{"embeddable":true,"href":"https:\/\/laprensacristiana.com\/index.php?rest_route=\/wp\/v2\/media\/9936"}],"wp:attachment":[{"href":"https:\/\/laprensacristiana.com\/index.php?rest_route=%2Fwp%2Fv2%2Fmedia&parent=9935"}],"wp:term":[{"taxonomy":"category","embeddable":true,"href":"https:\/\/laprensacristiana.com\/index.php?rest_route=%2Fwp%2Fv2%2Fcategories&post=9935"},{"taxonomy":"post_tag","embeddable":true,"href":"https:\/\/laprensacristiana.com\/index.php?rest_route=%2Fwp%2Fv2%2Ftags&post=9935"}],"curies":[{"name":"wp","href":"https:\/\/api.w.org\/{rel}","templated":true}]}}