{"id":9964,"date":"2020-08-07T16:21:21","date_gmt":"2020-08-07T16:21:21","guid":{"rendered":"https:\/\/laprensacristiana.com\/?p=9964"},"modified":"2020-08-07T16:21:26","modified_gmt":"2020-08-07T16:21:26","slug":"diario-de-cuarentena-de-un-pastor","status":"publish","type":"post","link":"https:\/\/laprensacristiana.com\/?p=9964","title":{"rendered":"Diario de cuarentena de un pastor"},"content":{"rendered":"\n<p>A mediados del mes de marzo la vida como la conoc\u00edamos los salvadore\u00f1os y el mundo entero (algunos antes, otros despu\u00e9s) dio un giro de 180 grados, a cada quien desde su funci\u00f3n nos toc\u00f3 comenzar a luchar en una guerra que no dio se\u00f1ales previas, ni mucho menos conoc\u00edamos su alcance, una pandemia lleg\u00f3 de manera abrupta y estrepitosa, bajo la visualizaci\u00f3n de ese escenario surge la interrogante \u00bfY Ahora qu\u00e9?<br>Cada persona tiene un prop\u00f3sito \u00fanico y especial, una tarea que cumplir, sin importar su contexto, las emociones se desbordan e inclinan la balanza hacia sentimientos negativos como el temor, la depresi\u00f3n, la ansiedad y otras expresiones que ponen un peso dif\u00edcil de sostener y mucho menos nos permite avanzar. Nos corresponde ser repartidores de esperanza, no solo de palabra sino tambi\u00e9n de acciones.<br>En pocos d\u00edas era el momento para ayudar al m\u00e1s necesitado, con un grupo de colegas pastores, encabezamos una iniciativa que lleva por nombre \u201cPr\u00f3ximo Paso\u201d, a trav\u00e9s del cual llevamos a cabo iniciativas de oraci\u00f3n en los diferentes municipios del pa\u00eds en conjunto con la Polic\u00eda Nacional Civil, habilitamos un centro de recolecci\u00f3n de alimentos para canalizarlos a las personas que ante la falta de ingresos entraron en escasez, ante la llegada de las tormentas Amanda y Cristobal se entregaron diversos insumos a albergues y familias que las lluvias los dejaron sin techo o la condici\u00f3n de vulnerabilidad de su vivienda no les facilitaba su retorno. \u00bfC\u00f3mo se ejecutan todas estas acciones? Los recursos son para compartir, es lo que predicamos pero tambi\u00e9n practicamos, es la mejor forma de vivir el evangelio de Jes\u00fas, Kemuel una iglesia Levantada por Dios est\u00e1 conformada por un amplio grupo de personas que tienen un coraz\u00f3n noble, dispuesto a extender la mano a aquel que m\u00e1s lo necesita, pero esto solo es el reflejo del ADN de los salvadore\u00f1os, trabajadores, solidarios, llenos de empat\u00eda.<br>Hay personas que su necesidad es de atenci\u00f3n, de un consejo, acompa\u00f1amiento en un proceso, respaldo en una crisis de enfermedad, orientaci\u00f3n familiar, no perdamos la oportunidad de ser instrumentos de paz y catalizadores de alegr\u00eda para otros.<br>Se han cumplido m\u00e1s de 140 d\u00edas desde la \u00faltima vez que tuvimos la oportunidad de vernos con muchas personas, pero hemos aprendido a reunirnos de manera virtual, con reuniones circunst\u00e1nciales para repartir comida, asistir a un sepelio, reaccionar a alguna situaci\u00f3n emergente. Etc.<br>Algunas lecciones que esta cuarentena nos est\u00e1 dejando son:<\/p>\n\n\n\n<ol><li>Cuando se anunci\u00f3 la suspensi\u00f3n de actividades de toda \u00edndole, la Iglesia Cristiana Evang\u00e9lica muy respetuosa de las instituciones consider\u00f3 prudente acompa\u00f1ar estas decisiones por motivos de salud y de sentido com\u00fan. Para quienes no era habitual el ir a una iglesia probablemente no es relevante el reunirse, cantar, adorar, recibir palabra, y crecer en Fe Cristiana; para la gran mayor\u00eda m\u00e1s que una costumbre, es una necesidad. Y esto es clave NO perder el seguir teniendo en nuestro coraz\u00f3n esa necesidad.<\/li><li>La Iglesia Cristiana Evang\u00e9lica moviliza de manera org\u00e1nica casi 3 millones de personas todos los domingos en El Salvador, pero m\u00e1s que n\u00fameros, somos personas que por misericordia asistimos como un acto de gratitud a Dios. Les invito a no dejar de congregarse, en este momento por redes sociales. Como dice el ap\u00f3stol Pablo: No dejemos de congregarnos, como acostumbran hacerlo algunos, sino anim\u00e9monos unos a otros. Hebreos 10:25.<\/li><li>No niego que la situaci\u00f3n de la Iglesia, como la de otras organizaciones o sectores de la sociedad en cuanto a lo financiero es dur\u00edsima, un claro reflejo de la situaci\u00f3n en general, sin embargo hemos tratado de reinventarnos y no dejar de hacer lo m\u00e1s importante: predicar la palabra De Dios.<\/li><li>Muchos han replanteado su vida, se volvieron emprendedores, renovaron sus sue\u00f1os, le dieron nueva importancia a la familia, no se han rendido. Y la iglesia tampoco lo har\u00e1.<\/li><li>Honro a aquellos que en estos d\u00edas han partido a la presencia De Dios y a los que han despedido de manera tan surreal a sus seres queridos. Uno de los momento m\u00e1s dif\u00edciles de mi vida pastoral es haber acompa\u00f1ado en sepelios a personas cuyos familiares fallecieron de Covid-19, es desgarrador la soledad, la agon\u00eda y la frustraci\u00f3n de los pocos familiares que se les permite asistir.<\/li><li>Cuando volveremos a encontrarnos, solo Dios lo sabe, sin embargo por ning\u00fan motivo bajemos la guardia en nuestra Fe y compromiso con Dios, d\u00eda a d\u00eda, mes a mes. Dios tiene el control. Seamos m\u00e1s Hacedores de la palabra que nunca, menos de nosotros y m\u00e1s de aquel que nos llam\u00f3 de las tinieblas a su luz admirable. Animo, ya falta poco.<br>No son 140 largos d\u00edas de Crisis, son 120 d\u00edas m\u00e1s de batallas ganadas.<\/li><\/ol>\n","protected":false},"excerpt":{"rendered":"<p>A mediados del mes de marzo la vida como la conoc\u00edamos los salvadore\u00f1os y el mundo entero (algunos antes, otros despu\u00e9s) dio un giro de 180 grados, a cada quien desde su funci\u00f3n nos toc\u00f3 comenzar a luchar en una guerra que no dio se\u00f1ales previas, ni mucho menos conoc\u00edamos su alcance, una pandemia lleg\u00f3 [&hellip;]<\/p>\n","protected":false},"author":3,"featured_media":9965,"comment_status":"open","ping_status":"open","sticky":false,"template":"","format":"standard","meta":[],"categories":[23],"tags":[],"yoast_head":"<!-- This site is optimized with the Yoast SEO plugin v20.8 - https:\/\/yoast.com\/wordpress\/plugins\/seo\/ -->\n<title>Diario de cuarentena de un pastor - La Prensa Cristiana<\/title>\n<meta name=\"robots\" content=\"index, follow, max-snippet:-1, max-image-preview:large, max-video-preview:-1\" \/>\n<link rel=\"canonical\" href=\"https:\/\/laprensacristiana.com\/?p=9964\" \/>\n<meta property=\"og:locale\" content=\"es_ES\" \/>\n<meta property=\"og:type\" content=\"article\" \/>\n<meta property=\"og:title\" content=\"Diario de cuarentena de un pastor - La Prensa Cristiana\" \/>\n<meta property=\"og:description\" content=\"A mediados del mes de marzo la vida como la conoc\u00edamos los salvadore\u00f1os y el mundo entero (algunos antes, otros despu\u00e9s) dio un giro de 180 grados, a cada quien desde su funci\u00f3n nos toc\u00f3 comenzar a luchar en una guerra que no dio se\u00f1ales previas, ni mucho menos conoc\u00edamos su alcance, una pandemia lleg\u00f3 [&hellip;]\" \/>\n<meta property=\"og:url\" content=\"https:\/\/laprensacristiana.com\/?p=9964\" \/>\n<meta property=\"og:site_name\" content=\"La Prensa Cristiana\" \/>\n<meta property=\"article:published_time\" content=\"2020-08-07T16:21:21+00:00\" \/>\n<meta property=\"article:modified_time\" content=\"2020-08-07T16:21:26+00:00\" \/>\n<meta property=\"og:image\" content=\"https:\/\/laprensacristiana.com\/wp-content\/uploads\/2020\/08\/IMG-20200806-WA0055.jpg\" \/>\n\t<meta property=\"og:image:width\" content=\"776\" \/>\n\t<meta property=\"og:image:height\" content=\"393\" \/>\n\t<meta property=\"og:image:type\" content=\"image\/jpeg\" \/>\n<meta name=\"author\" content=\"EDITOR\" \/>\n<meta name=\"twitter:card\" content=\"summary_large_image\" \/>\n<meta name=\"twitter:label1\" content=\"Escrito por\" \/>\n\t<meta name=\"twitter:data1\" content=\"EDITOR\" \/>\n\t<meta name=\"twitter:label2\" content=\"Tiempo de lectura\" \/>\n\t<meta name=\"twitter:data2\" content=\"4 minutos\" \/>\n<script type=\"application\/ld+json\" class=\"yoast-schema-graph\">{\"@context\":\"https:\/\/schema.org\",\"@graph\":[{\"@type\":\"WebPage\",\"@id\":\"https:\/\/laprensacristiana.com\/?p=9964\",\"url\":\"https:\/\/laprensacristiana.com\/?p=9964\",\"name\":\"Diario de cuarentena de un pastor - La Prensa Cristiana\",\"isPartOf\":{\"@id\":\"https:\/\/laprensacristiana.com\/#website\"},\"datePublished\":\"2020-08-07T16:21:21+00:00\",\"dateModified\":\"2020-08-07T16:21:26+00:00\",\"author\":{\"@id\":\"https:\/\/laprensacristiana.com\/#\/schema\/person\/3e7d82c6bfd6b1fa67010f8f7cd5256e\"},\"breadcrumb\":{\"@id\":\"https:\/\/laprensacristiana.com\/?p=9964#breadcrumb\"},\"inLanguage\":\"es\",\"potentialAction\":[{\"@type\":\"ReadAction\",\"target\":[\"https:\/\/laprensacristiana.com\/?p=9964\"]}]},{\"@type\":\"BreadcrumbList\",\"@id\":\"https:\/\/laprensacristiana.com\/?p=9964#breadcrumb\",\"itemListElement\":[{\"@type\":\"ListItem\",\"position\":1,\"name\":\"Portada\",\"item\":\"https:\/\/laprensacristiana.com\/\"},{\"@type\":\"ListItem\",\"position\":2,\"name\":\"Diario de cuarentena de un pastor\"}]},{\"@type\":\"WebSite\",\"@id\":\"https:\/\/laprensacristiana.com\/#website\",\"url\":\"https:\/\/laprensacristiana.com\/\",\"name\":\"La Prensa Cristiana\",\"description\":\"Anunciando Las Buenas Nuevas\",\"potentialAction\":[{\"@type\":\"SearchAction\",\"target\":{\"@type\":\"EntryPoint\",\"urlTemplate\":\"https:\/\/laprensacristiana.com\/?s={search_term_string}\"},\"query-input\":\"required name=search_term_string\"}],\"inLanguage\":\"es\"},{\"@type\":\"Person\",\"@id\":\"https:\/\/laprensacristiana.com\/#\/schema\/person\/3e7d82c6bfd6b1fa67010f8f7cd5256e\",\"name\":\"EDITOR\",\"image\":{\"@type\":\"ImageObject\",\"inLanguage\":\"es\",\"@id\":\"https:\/\/laprensacristiana.com\/#\/schema\/person\/image\/\",\"url\":\"https:\/\/secure.gravatar.com\/avatar\/72069dfb6c13772d9e8381e3638666d2?s=96&d=mm&r=g\",\"contentUrl\":\"https:\/\/secure.gravatar.com\/avatar\/72069dfb6c13772d9e8381e3638666d2?s=96&d=mm&r=g\",\"caption\":\"EDITOR\"},\"url\":\"https:\/\/laprensacristiana.com\/?author=3\"}]}<\/script>\n<!-- \/ Yoast SEO plugin. -->","yoast_head_json":{"title":"Diario de cuarentena de un pastor - La Prensa Cristiana","robots":{"index":"index","follow":"follow","max-snippet":"max-snippet:-1","max-image-preview":"max-image-preview:large","max-video-preview":"max-video-preview:-1"},"canonical":"https:\/\/laprensacristiana.com\/?p=9964","og_locale":"es_ES","og_type":"article","og_title":"Diario de cuarentena de un pastor - La Prensa Cristiana","og_description":"A mediados del mes de marzo la vida como la conoc\u00edamos los salvadore\u00f1os y el mundo entero (algunos antes, otros despu\u00e9s) dio un giro de 180 grados, a cada quien desde su funci\u00f3n nos toc\u00f3 comenzar a luchar en una guerra que no dio se\u00f1ales previas, ni mucho menos conoc\u00edamos su alcance, una pandemia lleg\u00f3 [&hellip;]","og_url":"https:\/\/laprensacristiana.com\/?p=9964","og_site_name":"La Prensa Cristiana","article_published_time":"2020-08-07T16:21:21+00:00","article_modified_time":"2020-08-07T16:21:26+00:00","og_image":[{"width":776,"height":393,"url":"https:\/\/laprensacristiana.com\/wp-content\/uploads\/2020\/08\/IMG-20200806-WA0055.jpg","type":"image\/jpeg"}],"author":"EDITOR","twitter_card":"summary_large_image","twitter_misc":{"Escrito por":"EDITOR","Tiempo de lectura":"4 minutos"},"schema":{"@context":"https:\/\/schema.org","@graph":[{"@type":"WebPage","@id":"https:\/\/laprensacristiana.com\/?p=9964","url":"https:\/\/laprensacristiana.com\/?p=9964","name":"Diario de cuarentena de un pastor - La Prensa Cristiana","isPartOf":{"@id":"https:\/\/laprensacristiana.com\/#website"},"datePublished":"2020-08-07T16:21:21+00:00","dateModified":"2020-08-07T16:21:26+00:00","author":{"@id":"https:\/\/laprensacristiana.com\/#\/schema\/person\/3e7d82c6bfd6b1fa67010f8f7cd5256e"},"breadcrumb":{"@id":"https:\/\/laprensacristiana.com\/?p=9964#breadcrumb"},"inLanguage":"es","potentialAction":[{"@type":"ReadAction","target":["https:\/\/laprensacristiana.com\/?p=9964"]}]},{"@type":"BreadcrumbList","@id":"https:\/\/laprensacristiana.com\/?p=9964#breadcrumb","itemListElement":[{"@type":"ListItem","position":1,"name":"Portada","item":"https:\/\/laprensacristiana.com\/"},{"@type":"ListItem","position":2,"name":"Diario de cuarentena de un pastor"}]},{"@type":"WebSite","@id":"https:\/\/laprensacristiana.com\/#website","url":"https:\/\/laprensacristiana.com\/","name":"La Prensa Cristiana","description":"Anunciando Las Buenas Nuevas","potentialAction":[{"@type":"SearchAction","target":{"@type":"EntryPoint","urlTemplate":"https:\/\/laprensacristiana.com\/?s={search_term_string}"},"query-input":"required name=search_term_string"}],"inLanguage":"es"},{"@type":"Person","@id":"https:\/\/laprensacristiana.com\/#\/schema\/person\/3e7d82c6bfd6b1fa67010f8f7cd5256e","name":"EDITOR","image":{"@type":"ImageObject","inLanguage":"es","@id":"https:\/\/laprensacristiana.com\/#\/schema\/person\/image\/","url":"https:\/\/secure.gravatar.com\/avatar\/72069dfb6c13772d9e8381e3638666d2?s=96&d=mm&r=g","contentUrl":"https:\/\/secure.gravatar.com\/avatar\/72069dfb6c13772d9e8381e3638666d2?s=96&d=mm&r=g","caption":"EDITOR"},"url":"https:\/\/laprensacristiana.com\/?author=3"}]}},"_links":{"self":[{"href":"https:\/\/laprensacristiana.com\/index.php?rest_route=\/wp\/v2\/posts\/9964"}],"collection":[{"href":"https:\/\/laprensacristiana.com\/index.php?rest_route=\/wp\/v2\/posts"}],"about":[{"href":"https:\/\/laprensacristiana.com\/index.php?rest_route=\/wp\/v2\/types\/post"}],"author":[{"embeddable":true,"href":"https:\/\/laprensacristiana.com\/index.php?rest_route=\/wp\/v2\/users\/3"}],"replies":[{"embeddable":true,"href":"https:\/\/laprensacristiana.com\/index.php?rest_route=%2Fwp%2Fv2%2Fcomments&post=9964"}],"version-history":[{"count":1,"href":"https:\/\/laprensacristiana.com\/index.php?rest_route=\/wp\/v2\/posts\/9964\/revisions"}],"predecessor-version":[{"id":9966,"href":"https:\/\/laprensacristiana.com\/index.php?rest_route=\/wp\/v2\/posts\/9964\/revisions\/9966"}],"wp:featuredmedia":[{"embeddable":true,"href":"https:\/\/laprensacristiana.com\/index.php?rest_route=\/wp\/v2\/media\/9965"}],"wp:attachment":[{"href":"https:\/\/laprensacristiana.com\/index.php?rest_route=%2Fwp%2Fv2%2Fmedia&parent=9964"}],"wp:term":[{"taxonomy":"category","embeddable":true,"href":"https:\/\/laprensacristiana.com\/index.php?rest_route=%2Fwp%2Fv2%2Fcategories&post=9964"},{"taxonomy":"post_tag","embeddable":true,"href":"https:\/\/laprensacristiana.com\/index.php?rest_route=%2Fwp%2Fv2%2Ftags&post=9964"}],"curies":[{"name":"wp","href":"https:\/\/api.w.org\/{rel}","templated":true}]}}